{"id":87954,"date":"2026-01-10T00:36:06","date_gmt":"2026-01-10T00:36:06","guid":{"rendered":"https:\/\/ikimisli.tr\/?p=87954"},"modified":"2026-01-10T00:36:06","modified_gmt":"2026-01-10T00:36:06","slug":"unlu-yonetmene-saldirinin-detaylari-ortaya-cikti-kargo-adi-altinda-akil-almaz-tuzak","status":"publish","type":"post","link":"https:\/\/ikimisli.tr\/index.php\/2026\/01\/10\/unlu-yonetmene-saldirinin-detaylari-ortaya-cikti-kargo-adi-altinda-akil-almaz-tuzak\/","title":{"rendered":"\u00dcnl\u00fc y\u00f6netmene sald\u0131r\u0131n\u0131n detaylar\u0131 ortaya \u00e7\u0131kt\u0131! &#8216;Kargo&#8217; ad\u0131 alt\u0131nda ak\u0131l almaz tuzak"},"content":{"rendered":"<p>\u015ei\u015fli&#8217;de direkt\u00f6r Seren Ulu&#8217;nun kargo teslim etme mazeretiyle meskenine gelen kaskl\u0131 bir ki\u015fi taraf\u0131ndan silahla yaralanmas\u0131na ait g\u00f6zalt\u0131na al\u0131nan 3 ku\u015fkulu tutukland\u0131.<\/p>\n<p>\u0130stanbul Asayi\u015f \u015eube M\u00fcd\u00fcrl\u00fc\u011f\u00fc Cinayet Ofis Amirli\u011fi ile \u0130stihbarat \u015eube M\u00fcd\u00fcrl\u00fc\u011f\u00fc gruplar\u0131nca 30 Aral\u0131k 2025&#8217;te direkt\u00f6r Seren Aziz&#8217;in Kaz\u0131m Orbay Caddesi&#8217;ndeki konutunda silahl\u0131 h\u00fccum sonucu yaralanmas\u0131na ait \u00e7al\u0131\u015fma yap\u0131ld\u0131.<\/p>\n<p>\u00c7evredeki g\u00fcvenlik kameralar\u0131n\u0131 inceleyen tak\u0131mlar, olay yerine motosikletle gelen 2 \u015f\u00fcpheliden birinin binaya girerek sald\u0131r\u0131y\u0131 ger\u00e7ekle\u015ftirdi\u011fini, \u015f\u00fcphelilerin sonras\u0131nda birebir motosikletle olay yerinden uzakla\u015ft\u0131\u011f\u0131n\u0131 tespit etti.<\/p>\n<p>Ma\u011fdur Aziz ile e\u015finin bilgisine ba\u015fvuran tak\u0131mlar, ailenin bir m\u00fcddettir tehdit edildi\u011fini, olay g\u00fcn\u00fc de \u015f\u00fcpheliler taraf\u0131ndan cep telefonuyla arand\u0131\u011f\u0131n\u0131 belirledi.<\/p>\n<p><b>KA\u011eITHANE&#8217;DEN TEK\u0130RDA\u011e&#8217;A UZANAN OPERASYON<\/b><\/p>\n<p>Yap\u0131lan incelemelerde \u015f\u00fcphelilerin kulland\u0131\u011f\u0131 ge\u00e7ersiz plakal\u0131 motosikletin de Ka\u011f\u0131thane&#8217;deki bir adreste sakland\u0131\u011f\u0131 tespit edildi.<\/p>\n<p>Motosikleti kullanan ku\u015fkulu T.K. (27) ile motosikleti temin eden U.G. (36) yap\u0131lan operasyonla 31 Aral\u0131k&#8217;ta g\u00f6zalt\u0131na al\u0131nd\u0131. Dairede yap\u0131lan aramalarda motosiklet kask\u0131, ruhsats\u0131z tabanca, 29 fi\u015fek ve eldiven ele ge\u00e7irildi.<\/p>\n<p>Soru\u015fturmay\u0131 derinle\u015ftiren tak\u0131mlar, silahl\u0131 sald\u0131r\u0131y\u0131 ger\u00e7ekle\u015ftiren B.Y. (27), olay\u0131 organize eden F.F.K. (32) ve M.R.T&#8217;yi (30) 5 Ocak&#8217;ta Tekirda\u011f&#8217;\u0131n Marmaraere\u011flisi il\u00e7esinde g\u00f6zalt\u0131na ald\u0131.<\/p>\n<p>Aramalarda, 3 ruhsats\u0131z tabanca, 4 \u015farj\u00f6r, 21 fi\u015fek ele ge\u00e7irildi.<\/p>\n<p>Emniyetteki s\u00fcre\u00e7lerinin akabinde adliyeye sevk edilen \u015f\u00fcphelilerden T.K. \u00e7\u0131kar\u0131ld\u0131\u011f\u0131 hakimlik\u00e7e tutuklan\u0131rken, U.G. ise isimli denetim kural\u0131yla h\u00fcr b\u0131rak\u0131ld\u0131.<\/p>\n<p>Emniyetteki tabir s\u00fcre\u00e7lerinin tamamlanmas\u0131n\u0131n akabinde adliyeye sevk edilen \u00f6teki 3 \u015f\u00fcphelinin de tutuklanmas\u0131na karar verildi.<\/p>\n<p><b>NE OLMU\u015eTU?<\/b><\/p>\n<p>Kaz\u0131m Orbay Caddesi&#8217;nde 30 Aral\u0131k 2025&#8217;te sabah saatlerinde dairenin kap\u0131s\u0131n\u0131 \u00e7alan kurye k\u0131yafetli ve kaskl\u0131 ku\u015fkulu, konutunda bulunan direkt\u00f6r Seren \u015eanl\u0131&#8217;ya (50), silahla ate\u015f a\u00e7t\u0131ktan sonra ka\u00e7m\u0131\u015ft\u0131.<\/p>\n<p>Baca\u011f\u0131ndan yaralanan B\u00fcy\u00fck, s\u0131hhat tak\u0131mlar\u0131n\u0131n birinci m\u00fcdahalesinin akabinde hastanede tedavi alt\u0131na al\u0131nm\u0131\u015ft\u0131.<\/p>\n","protected":false},"excerpt":{"rendered":"<p>\u0130stanbul \u015ei\u015fli\u2019de direkt\u00f6r Seren Y\u00fcce\u2019yi konutunun kap\u0131s\u0131nda \u201ckargo\u201d mazeretiyle silahla yaralayan motosikletli \u00e7ete, d\u00fczenlenen operasyonlarla yakaland\u0131. \u0130stanbul ve Tekirda\u011f\u2019da g\u00f6zalt\u0131na al\u0131nan \u015f\u00fcphelilerle birlikte taarruzun perde ard\u0131na ait \u00e7arp\u0131c\u0131 ayr\u0131nt\u0131lar ortaya \u00e7\u0131kt\u0131.<\/p>\n","protected":false},"author":1,"featured_media":87955,"comment_status":"open","ping_status":"open","sticky":false,"template":"","format":"standard","meta":{"footnotes":""},"categories":[25],"tags":[65,410,7438],"class_list":["post-87954","post","type-post","status-publish","format-standard","has-post-thumbnail","hentry","category-gundem","tag-motosiklet","tag-supheli","tag-yuce"],"_links":{"self":[{"href":"https:\/\/ikimisli.tr\/index.php\/wp-json\/wp\/v2\/posts\/87954","targetHints":{"allow":["GET"]}}],"collection":[{"href":"https:\/\/ikimisli.tr\/index.php\/wp-json\/wp\/v2\/posts"}],"about":[{"href":"https:\/\/ikimisli.tr\/index.php\/wp-json\/wp\/v2\/types\/post"}],"author":[{"embeddable":true,"href":"https:\/\/ikimisli.tr\/index.php\/wp-json\/wp\/v2\/users\/1"}],"replies":[{"embeddable":true,"href":"https:\/\/ikimisli.tr\/index.php\/wp-json\/wp\/v2\/comments?post=87954"}],"version-history":[{"count":1,"href":"https:\/\/ikimisli.tr\/index.php\/wp-json\/wp\/v2\/posts\/87954\/revisions"}],"predecessor-version":[{"id":87956,"href":"https:\/\/ikimisli.tr\/index.php\/wp-json\/wp\/v2\/posts\/87954\/revisions\/87956"}],"wp:featuredmedia":[{"embeddable":true,"href":"https:\/\/ikimisli.tr\/index.php\/wp-json\/wp\/v2\/media\/87955"}],"wp:attachment":[{"href":"https:\/\/ikimisli.tr\/index.php\/wp-json\/wp\/v2\/media?parent=87954"}],"wp:term":[{"taxonomy":"category","embeddable":true,"href":"https:\/\/ikimisli.tr\/index.php\/wp-json\/wp\/v2\/categories?post=87954"},{"taxonomy":"post_tag","embeddable":true,"href":"https:\/\/ikimisli.tr\/index.php\/wp-json\/wp\/v2\/tags?post=87954"}],"curies":[{"name":"wp","href":"https:\/\/api.w.org\/{rel}","templated":true}]}}