{"id":88127,"date":"2026-01-10T18:48:06","date_gmt":"2026-01-10T18:48:06","guid":{"rendered":"https:\/\/ikimisli.tr\/?p=88127"},"modified":"2026-01-10T18:48:06","modified_gmt":"2026-01-10T18:48:06","slug":"kar-ve-cig-tehlikesi-yollari-trafige-kapatti","status":"publish","type":"post","link":"https:\/\/ikimisli.tr\/index.php\/2026\/01\/10\/kar-ve-cig-tehlikesi-yollari-trafige-kapatti\/","title":{"rendered":"Kar ve \u00e7\u0131\u011f tehlikesi yollar\u0131 trafi\u011fe kapatt\u0131"},"content":{"rendered":"<p>Hakkari genelinde tesirli olan so\u011fuk hava, yerini kar ya\u011f\u0131\u015f\u0131na b\u0131rakt\u0131. Tesirini s\u00fcrd\u00fcren a\u011f\u0131r kar nedeniyle, Hakkari-Van kara yolunun \u00c7anakl\u0131 k\u00f6y\u00fc ile G\u00fcndo\u011fdu T\u00fcneli ortas\u0131nda \u00e7\u0131\u011f d\u00fc\u015ft\u00fc.<\/p>\n<p>B\u00f6lgede kar temizleme \u00e7al\u0131\u015fmas\u0131 y\u00fcr\u00fcten Karayollar\u0131 114. \u015eube \u015eefli\u011fi gruplar\u0131 kelam konusu noktaya y\u00f6nlendirildi.<\/p>\n<p>Ekipler, yapt\u0131klar\u0131 \u00e7al\u0131\u015fma sonucunda yolu a\u00e7arak bekleyen ara\u00e7lar\u0131n ge\u00e7i\u015fini sa\u011flad\u0131. Yol, \u00e7\u0131\u011f riski nedeniyle ula\u015f\u0131ma kapat\u0131ld\u0131.<\/p>\n<p>Hakkari-\u00c7ukurca kara yolunun \u00dcz\u00fcmc\u00fc k\u00f6y\u00fc yak\u0131n\u0131ndaki farkl\u0131 noktalarda da \u00e7\u0131\u011f meydana geldi.<\/p>\n<p>Y\u00fcr\u00fctt\u00fckleri \u00e7al\u0131\u015fmayla yolu a\u00e7an gruplar, a\u011f\u0131r kar ve \u00e7\u0131\u011f riski nedeniyle yolu s\u00fcreksiz olarak ara\u00e7lar\u0131n ge\u00e7i\u015fine kapatt\u0131.<\/p>\n<p><b>B\u0130TL\u0130S<\/b><\/p>\n<p>Bitlis&#8217;te a\u011f\u0131r kar nedeniyle kimi g\u00fczergahlar s\u00fcreksiz olarak a\u011f\u0131r vas\u0131talar\u0131n ge\u00e7i\u015fine kapat\u0131ld\u0131.<\/p>\n<p>Valilikten yap\u0131lan a\u00e7\u0131klamada, b\u00f6lge ve vilayet genelinde tesirini s\u00fcrd\u00fcren a\u011f\u0131r kardan \u00f6t\u00fcr\u00fc kimi \u00f6nlemler al\u0131nd\u0131\u011f\u0131 s\u00f6z edildi.<\/p>\n<p>Bu kapsamda, Baykan-Bitlis, Mu\u015f-Bitlis, Ahlat-Tatvan ve Re\u015fadiye-Tatvan kara yollar\u0131nda t\u0131r ve kamyon \u00fczere ara\u00e7lar\u0131n trafi\u011fe \u00e7\u0131k\u0131\u015f\u0131na m\u00fcsaade verilmeyece\u011fi belirtilen a\u00e7\u0131klamada, \u015funlar kaydedildi:<\/p>\n<p>&#8220;Dolay\u0131s\u0131yla t\u0131r ve kamyon \u00e7e\u015fidi a\u011f\u0131r vas\u0131ta ara\u00e7lar\u0131n yola \u00e7\u0131kmamalar\u0131 gerekmektedir. Seyir g\u00fcvenli\u011finin tehlikeye d\u00fc\u015fmemesi ve yollar\u0131n kapanmamas\u0131 i\u00e7in \u015fof\u00f6rlerin zincirsiz yola \u00e7\u0131kmamalar\u0131, kurallara riayet etmeleri ve dikkatli olmalar\u0131, vatanda\u015flar\u0131m\u0131z\u0131n mecbur\u00ee olmad\u0131k\u00e7a yola \u00e7\u0131kmamalar\u0131 k\u0131ymetle duyurulur.&#8221;<\/p>\n","protected":false},"excerpt":{"rendered":"<p>Hakkari-Van ve Hakkari-\u00c7ukurca kara yollar\u0131 a\u011f\u0131r kar ve \u00e7\u0131\u011f riski nedeniyle kapat\u0131ld\u0131. Bitlis&#8217;te de a\u011f\u0131r kar nedeniyle kimi g\u00fczergahlar s\u00fcreksiz olarak a\u011f\u0131r vas\u0131talar\u0131n ge\u00e7i\u015fine kapat\u0131ld\u0131.<\/p>\n","protected":false},"author":1,"featured_media":88128,"comment_status":"open","ping_status":"open","sticky":false,"template":"","format":"standard","meta":{"footnotes":""},"categories":[25],"tags":[379,3136],"class_list":["post-88127","post","type-post","status-publish","format-standard","has-post-thumbnail","hentry","category-gundem","tag-kar","tag-yolu"],"_links":{"self":[{"href":"https:\/\/ikimisli.tr\/index.php\/wp-json\/wp\/v2\/posts\/88127","targetHints":{"allow":["GET"]}}],"collection":[{"href":"https:\/\/ikimisli.tr\/index.php\/wp-json\/wp\/v2\/posts"}],"about":[{"href":"https:\/\/ikimisli.tr\/index.php\/wp-json\/wp\/v2\/types\/post"}],"author":[{"embeddable":true,"href":"https:\/\/ikimisli.tr\/index.php\/wp-json\/wp\/v2\/users\/1"}],"replies":[{"embeddable":true,"href":"https:\/\/ikimisli.tr\/index.php\/wp-json\/wp\/v2\/comments?post=88127"}],"version-history":[{"count":1,"href":"https:\/\/ikimisli.tr\/index.php\/wp-json\/wp\/v2\/posts\/88127\/revisions"}],"predecessor-version":[{"id":88129,"href":"https:\/\/ikimisli.tr\/index.php\/wp-json\/wp\/v2\/posts\/88127\/revisions\/88129"}],"wp:featuredmedia":[{"embeddable":true,"href":"https:\/\/ikimisli.tr\/index.php\/wp-json\/wp\/v2\/media\/88128"}],"wp:attachment":[{"href":"https:\/\/ikimisli.tr\/index.php\/wp-json\/wp\/v2\/media?parent=88127"}],"wp:term":[{"taxonomy":"category","embeddable":true,"href":"https:\/\/ikimisli.tr\/index.php\/wp-json\/wp\/v2\/categories?post=88127"},{"taxonomy":"post_tag","embeddable":true,"href":"https:\/\/ikimisli.tr\/index.php\/wp-json\/wp\/v2\/tags?post=88127"}],"curies":[{"name":"wp","href":"https:\/\/api.w.org\/{rel}","templated":true}]}}