{"id":8827,"date":"2025-02-08T09:24:08","date_gmt":"2025-02-08T09:24:08","guid":{"rendered":"https:\/\/ikimisli.tr\/?p=8827"},"modified":"2025-02-08T09:24:08","modified_gmt":"2025-02-08T09:24:08","slug":"avmde-dehset-feci-sekilde-hayatini-kaybetti","status":"publish","type":"post","link":"https:\/\/ikimisli.tr\/index.php\/2025\/02\/08\/avmde-dehset-feci-sekilde-hayatini-kaybetti\/","title":{"rendered":"AVM&#8217;de deh\u015fet: Feci \u015fekilde hayat\u0131n\u0131 kaybetti"},"content":{"rendered":"<p>Olay, \u00c7ankaya il\u00e7esi Oran Mahallesi&#8217;nde bulunan al\u0131\u015fveri\u015f merkezinde meydana geldi. AVM&#8217;nin havaland\u0131rma sisteminde \u00e7al\u0131\u015fan 50 ya\u015f\u0131ndaki S.P., tavan\u0131n \u00e7\u00f6kmesi sonucu y\u00fcr\u00fcyen merdivenin \u00fczerine d\u00fc\u015ferek a\u011f\u0131r yaraland\u0131.<\/p>\n<p><img decoding=\"async\" src=\"https:\/\/ikimisli.tr\/wp-content\/uploads\/2025\/02\/avmde-dehset-feci-sekilde-hayatini-kaybetti-0-flWcGDnT.jpg\"\/><\/p>\n<p><b>SORU\u015eTURMA BA\u015eLATILDI<\/b><\/p>\n<p>\u00c7evredekilerin ihbar\u0131 \u00fczerine AVM&#8217;ye polis ve s\u0131hhat tak\u0131mlar\u0131 sevk edildi. Birinci m\u00fcdahalesi yap\u0131lan personel, hastaneye kald\u0131r\u0131ld\u0131 lakin hastanede yap\u0131lan t\u00fcm m\u00fcdahalelere kar\u015f\u0131n hayat\u0131n\u0131 yitirdi. Olayla ilgili soru\u015fturma ba\u015flat\u0131ld\u0131\u011f\u0131 belirtildi.\u00a0<\/p>\n","protected":false},"excerpt":{"rendered":"<p>Ankara&#8217;n\u0131n \u00c7ankaya il\u00e7esindeki bir AVM&#8217;de havaland\u0131rmas\u0131nda \u00e7al\u0131\u015f\u0131rken, tavan\u0131n \u00e7\u00f6kmesi sonucu y\u00fcr\u00fcyen merdivenin \u00fczerine d\u00fc\u015fen personel hayat\u0131n\u0131 kaybetti.<\/p>\n","protected":false},"author":1,"featured_media":8828,"comment_status":"open","ping_status":"open","sticky":false,"template":"","format":"standard","meta":{"footnotes":""},"categories":[25],"tags":[],"class_list":["post-8827","post","type-post","status-publish","format-standard","has-post-thumbnail","hentry","category-gundem"],"_links":{"self":[{"href":"https:\/\/ikimisli.tr\/index.php\/wp-json\/wp\/v2\/posts\/8827","targetHints":{"allow":["GET"]}}],"collection":[{"href":"https:\/\/ikimisli.tr\/index.php\/wp-json\/wp\/v2\/posts"}],"about":[{"href":"https:\/\/ikimisli.tr\/index.php\/wp-json\/wp\/v2\/types\/post"}],"author":[{"embeddable":true,"href":"https:\/\/ikimisli.tr\/index.php\/wp-json\/wp\/v2\/users\/1"}],"replies":[{"embeddable":true,"href":"https:\/\/ikimisli.tr\/index.php\/wp-json\/wp\/v2\/comments?post=8827"}],"version-history":[{"count":1,"href":"https:\/\/ikimisli.tr\/index.php\/wp-json\/wp\/v2\/posts\/8827\/revisions"}],"predecessor-version":[{"id":8830,"href":"https:\/\/ikimisli.tr\/index.php\/wp-json\/wp\/v2\/posts\/8827\/revisions\/8830"}],"wp:featuredmedia":[{"embeddable":true,"href":"https:\/\/ikimisli.tr\/index.php\/wp-json\/wp\/v2\/media\/8828"}],"wp:attachment":[{"href":"https:\/\/ikimisli.tr\/index.php\/wp-json\/wp\/v2\/media?parent=8827"}],"wp:term":[{"taxonomy":"category","embeddable":true,"href":"https:\/\/ikimisli.tr\/index.php\/wp-json\/wp\/v2\/categories?post=8827"},{"taxonomy":"post_tag","embeddable":true,"href":"https:\/\/ikimisli.tr\/index.php\/wp-json\/wp\/v2\/tags?post=8827"}],"curies":[{"name":"wp","href":"https:\/\/api.w.org\/{rel}","templated":true}]}}