{"id":88318,"date":"2026-01-11T06:00:04","date_gmt":"2026-01-11T06:00:04","guid":{"rendered":"https:\/\/ikimisli.tr\/?p=88318"},"modified":"2026-01-11T06:00:04","modified_gmt":"2026-01-11T06:00:04","slug":"fasafrika-kupasinda-yari-finale-yukseldi","status":"publish","type":"post","link":"https:\/\/ikimisli.tr\/index.php\/2026\/01\/11\/fasafrika-kupasinda-yari-finale-yukseldi\/","title":{"rendered":"Fas,Afrika Kupas\u0131&#8217;nda yar\u0131 finale y\u00fckseldi"},"content":{"rendered":"<p>Afrika Futbol Konfederasyonu taraf\u0131ndan Fas&#8217;\u0131n mesken sahipli\u011finde d\u00fczenlenen turnuvan\u0131n \u00e7eyrek final ma\u00e7\u0131nda, Fas ile Kamerun kar\u015f\u0131 kar\u015f\u0131ya geldi. Fas, 26. dakikada Brahim Diaz ve 74. dakikada Ismael Saibari&#8217;nin golleriyle m\u00fcsabakadan 2-0 galip ayr\u0131ld\u0131 ve yar\u0131 finale y\u00fckseldi.<\/p>\n<p>Fas&#8217;ta Fenerbah\u00e7e&#8217;de oynayan Youssef En-Nesyri ile Kamerun&#8217;da Ba\u015fak\u015fehir formas\u0131 giyen Oliver Kemen, ma\u00e7a yedek kul\u00fcbesinde ba\u015flarken En-Nesyri, 67. dakikada oyuna girdi. Fas, yar\u0131 finalde Cezayir-Nijerya e\u015fle\u015fmesinin galibi ile kar\u015f\u0131la\u015facak.<\/p>\n","protected":false},"excerpt":{"rendered":"<p>Afrika Uluslar Kupas\u0131&#8217;nda (AFCON 2025) konut sahibi Fas, Kamerun&#8217;u 2-0 yenerek yar\u0131 finale ismini yazd\u0131rd\u0131.<\/p>\n","protected":false},"author":1,"featured_media":88319,"comment_status":"open","ping_status":"open","sticky":false,"template":"","format":"standard","meta":{"footnotes":""},"categories":[30],"tags":[2146],"class_list":["post-88318","post","type-post","status-publish","format-standard","has-post-thumbnail","hentry","category-spor","tag-fas"],"_links":{"self":[{"href":"https:\/\/ikimisli.tr\/index.php\/wp-json\/wp\/v2\/posts\/88318","targetHints":{"allow":["GET"]}}],"collection":[{"href":"https:\/\/ikimisli.tr\/index.php\/wp-json\/wp\/v2\/posts"}],"about":[{"href":"https:\/\/ikimisli.tr\/index.php\/wp-json\/wp\/v2\/types\/post"}],"author":[{"embeddable":true,"href":"https:\/\/ikimisli.tr\/index.php\/wp-json\/wp\/v2\/users\/1"}],"replies":[{"embeddable":true,"href":"https:\/\/ikimisli.tr\/index.php\/wp-json\/wp\/v2\/comments?post=88318"}],"version-history":[{"count":1,"href":"https:\/\/ikimisli.tr\/index.php\/wp-json\/wp\/v2\/posts\/88318\/revisions"}],"predecessor-version":[{"id":88320,"href":"https:\/\/ikimisli.tr\/index.php\/wp-json\/wp\/v2\/posts\/88318\/revisions\/88320"}],"wp:featuredmedia":[{"embeddable":true,"href":"https:\/\/ikimisli.tr\/index.php\/wp-json\/wp\/v2\/media\/88319"}],"wp:attachment":[{"href":"https:\/\/ikimisli.tr\/index.php\/wp-json\/wp\/v2\/media?parent=88318"}],"wp:term":[{"taxonomy":"category","embeddable":true,"href":"https:\/\/ikimisli.tr\/index.php\/wp-json\/wp\/v2\/categories?post=88318"},{"taxonomy":"post_tag","embeddable":true,"href":"https:\/\/ikimisli.tr\/index.php\/wp-json\/wp\/v2\/tags?post=88318"}],"curies":[{"name":"wp","href":"https:\/\/api.w.org\/{rel}","templated":true}]}}