{"id":88365,"date":"2026-01-11T09:00:05","date_gmt":"2026-01-11T09:00:05","guid":{"rendered":"https:\/\/ikimisli.tr\/?p=88365"},"modified":"2026-01-11T09:00:05","modified_gmt":"2026-01-11T09:00:05","slug":"iktidara-yakin-musiad-bakan-simsekin-yaninda-ekonomiyi-boyle-elestirdi","status":"publish","type":"post","link":"https:\/\/ikimisli.tr\/index.php\/2026\/01\/11\/iktidara-yakin-musiad-bakan-simsekin-yaninda-ekonomiyi-boyle-elestirdi\/","title":{"rendered":"\u0130ktidara yak\u0131n M\u00dcS\u0130AD Bakan \u015eim\u015fek&#8217;in yan\u0131nda ekonomiyi b\u00f6yle ele\u015ftirdi"},"content":{"rendered":"<p>M\u00dcS\u0130AD Genel Merkezi\u2019nde ger\u00e7ekle\u015ftirilen \u201c2025 Y\u0131l\u0131 De\u011ferlendirmesi, 2026 Y\u0131l\u0131 Beklentileri\u201d toplant\u0131s\u0131nda konu\u015fan \u00d6zdemir,<strong> global ticarette dengelerin de\u011fi\u015fti<\/strong>\u011fine, ticaret sava\u015flar\u0131n\u0131n ve korumac\u0131l\u0131\u011f\u0131n belirginle\u015fti\u011fine dikkat \u00e7ekti. Bu ortamda<strong> T\u00fcrk ger\u00e7ek b\u00f6l\u00fcm\u00fcn\u00fcn \u00f6nemli bask\u0131 alt\u0131nda kald\u0131\u011f\u0131n\u0131 s\u00f6z eden \u00d6zdemir, alandan gelen tabloyu Bakan \u015eim\u015fek\u2019in de bulundu\u011fu ortamda payla\u015ft\u0131.<\/strong><\/p>\n<p><b>&#8220;REEL B\u00d6L\u00dcM UMUTSUZ DE\u011e\u0130L FAKAT TEMK\u0130NL\u0130&#8221;<\/b><\/p>\n<p>M\u00dcS\u0130AD \u00fcyeleriyle yap\u0131lan anket sonu\u00e7lar\u0131na de\u011finen \u00d6zdemir, firmalar\u0131n de\u011ferli bir k\u0131sm\u0131n\u0131n 2025\u2019te yurt i\u00e7i sat\u0131\u015flarda, ihracatta ve yat\u0131r\u0131mlarda daralma ya\u015fad\u0131\u011f\u0131n\u0131 belirtti. Bu s\u00fcrecin istihdam\u0131 ve nakit ak\u0131\u015f\u0131n\u0131 da olumsuz etkiledi\u011fini s\u00f6yleyen \u00d6zdemir, \u015fu s\u00f6zleri kulland\u0131:<\/p>\n<p>\u201cReel kesim i\u00e7in 2025 b\u00fcy\u00fck \u00f6l\u00e7\u00fcde bir istikrar y\u0131l\u0131 de\u011fil, maliyetlerin ve belirsizli\u011fin y\u00f6netildi\u011fi bir ge\u00e7i\u015f y\u0131l\u0131 oldu. Ger\u00e7ek b\u00f6l\u00fcm bug\u00fcn umutsuz de\u011fil ancak temkinli. Firmalar 2026\u2019ya girerken bekle-g\u00f6r konumunda. Bunun nedeni yat\u0131r\u0131m iste\u011finin bitmesi de\u011fil; y\u00fcksek finansman maliyetleri, \u00f6ng\u00f6r\u00fclebilirlik sorunu ve i\u00e7-d\u0131\u015f talepteki zay\u0131fl\u0131\u011f\u0131n birebir anda y\u00f6netilmek zorunda kal\u0131nmas\u0131d\u0131r.\u201d<\/p>\n<p><b>F\u0130NANSMAN VE MAL\u0130YET ELE\u015eT\u0130R\u0130S\u0130<\/b><\/p>\n<p>\u00d6zdemir, <strong>2026\u2019ya y\u00f6nelik en b\u00fcy\u00fck risk ba\u015fl\u0131\u011f\u0131n\u0131n finansmana eri\u015fim oldu\u011funu <\/strong>vurgulayarak, ger\u00e7ek b\u00f6l\u00fcm a\u00e7\u0131s\u0131ndan sorunun sadece<strong> kredi bulmak de\u011fil<\/strong>, <strong>kredinin vadesi ve maliyeti <\/strong>oldu\u011funu s\u00f6yledi. Banka finansman\u0131n\u0131n darald\u0131\u011f\u0131n\u0131, firmalar\u0131n \u00f6z sermaye, i\u015ftirak ve sermaye piyasas\u0131 ara\u00e7lar\u0131na y\u00f6nelmeye ba\u015flad\u0131\u011f\u0131n\u0131 belirten \u00d6zdemir, bunun alandaki s\u0131k\u0131\u015f\u0131kl\u0131\u011f\u0131n a\u00e7\u0131k g\u00f6stergesi oldu\u011funu s\u00f6z etti.<\/p>\n<p>Enflasyonla u\u011fra\u015f program\u0131na dayanak verdiklerini de lisana getiren \u00d6zdemir, buna ra\u011fmen s\u00fcrecin uzamas\u0131n\u0131n bilhassa KOB\u0130\u2019ler \u00fczerinde \u00f6nemli bask\u0131 olu\u015fturdu\u011funu s\u00f6yledi. \u0130thalatta son kullan\u0131m eserlerinin ham maddeyi ge\u00e7mesinin \u00fcretimde so\u011fuma riskine i\u015faret etti\u011fini belirten \u00d6zdemir, l\u00fcks ithalattaki art\u0131\u015f\u0131n ise gelir da\u011f\u0131l\u0131m\u0131ndaki makas\u0131n a\u00e7\u0131ld\u0131\u011f\u0131n\u0131 g\u00f6sterdi\u011fini kaydetti.<\/p>\n<p><b>VERG\u0130 VE KOB\u0130 B-VURGUSU<\/b><\/p>\n<p>M\u00dcS\u0130AD Ba\u015fkan\u0131, i\u015f d\u00fcnyas\u0131n\u0131n 2026 i\u00e7in en g\u00fc\u00e7l\u00fc \u0131slahat beklentisinin vergi mevzuat\u0131n\u0131n sadele\u015ftirilmesi oldu\u011funu belirterek, ger\u00e7ek b\u00f6l\u00fcm\u00fcn temel talebinin vergi oranlar\u0131ndan \u00e7ok \u00f6ng\u00f6r\u00fclebilirlik ve uygulama netli\u011fi oldu\u011funu s\u00f6yledi. \u0130kinci de\u011ferli ba\u015fl\u0131\u011f\u0131n ise KOB\u0130\u2019ler i\u00e7in alternatif finansman d\u00fczenekleri oldu\u011funu vurgulad\u0131.<\/p>\n<p><b>&#8220;ELE\u015eT\u0130R\u0130 DE\u011e\u0130L TAHL\u0130L\u0130N PAR\u00c7ASIYIZ&#8221;<\/b><\/p>\n<p>Konu\u015fmas\u0131n\u0131n sonunda global ve jeopolitik risklerin ekonomiler \u00fczerinde yaratt\u0131\u011f\u0131 dalgalanmalara dikkat \u00e7eken \u00d6zdemir, i\u015f d\u00fcnyas\u0131 olarak tenkitten \u00e7ok tahlilin mod\u00fcl\u00fc olmay\u0131 hedeflediklerini tabir etti. Devletin mali disiplin ama\u00e7lar\u0131n\u0131 \u00f6nemsediklerini s\u00f6yleyen \u00d6zdemir, ger\u00e7ek dal\u0131n s\u00fcrd\u00fcr\u00fclebilirli\u011finin sa\u011flanmas\u0131n\u0131n bu ama\u00e7lar\u0131 daha da g\u00fc\u00e7lendirece\u011fini lisana getirdi.<\/p>\n","protected":false},"excerpt":{"rendered":"<p>M\u00fcstakil End\u00fcstrici ve \u0130\u015fadamlar\u0131 Derne\u011fi (M\u00dcS\u0130AD) Lideri Burhan \u00d6zdemir, Hazine ve Maliye Bakan\u0131 Mehmet \u015eim\u015fek\u2019in kat\u0131l\u0131m\u0131yla d\u00fczenlenen toplant\u0131da, h\u00fck\u00fcmetin iktisat program\u0131na dayanak vurgusu yaparken ger\u00e7ek dal\u0131n kar\u015f\u0131 kar\u015f\u0131ya oldu\u011fu meseleleri da a\u00e7\u0131k s\u00f6zlerle lisana getirdi. \u00d6zdemir, 2025\u2019in end\u00fcstrici ve i\u015f d\u00fcnyas\u0131 a\u00e7\u0131s\u0131ndan \u201cdenge y\u0131l\u0131\u201d de\u011fil, maliyetlerin ve belirsizliklerin y\u00f6netilmeye \u00e7al\u0131\u015f\u0131ld\u0131\u011f\u0131 \u015fiddetli bir \u201cge\u00e7i\u015f y\u0131l\u0131\u201d oldu\u011funu s\u00f6yledi.<\/p>\n","protected":false},"author":1,"featured_media":88366,"comment_status":"open","ping_status":"open","sticky":false,"template":"","format":"standard","meta":{"footnotes":""},"categories":[24],"tags":[3824,204,9643],"class_list":["post-88365","post","type-post","status-publish","format-standard","has-post-thumbnail","hentry","category-ekonomi","tag-finansman","tag-ozdemir","tag-reel-sektor"],"_links":{"self":[{"href":"https:\/\/ikimisli.tr\/index.php\/wp-json\/wp\/v2\/posts\/88365","targetHints":{"allow":["GET"]}}],"collection":[{"href":"https:\/\/ikimisli.tr\/index.php\/wp-json\/wp\/v2\/posts"}],"about":[{"href":"https:\/\/ikimisli.tr\/index.php\/wp-json\/wp\/v2\/types\/post"}],"author":[{"embeddable":true,"href":"https:\/\/ikimisli.tr\/index.php\/wp-json\/wp\/v2\/users\/1"}],"replies":[{"embeddable":true,"href":"https:\/\/ikimisli.tr\/index.php\/wp-json\/wp\/v2\/comments?post=88365"}],"version-history":[{"count":1,"href":"https:\/\/ikimisli.tr\/index.php\/wp-json\/wp\/v2\/posts\/88365\/revisions"}],"predecessor-version":[{"id":88367,"href":"https:\/\/ikimisli.tr\/index.php\/wp-json\/wp\/v2\/posts\/88365\/revisions\/88367"}],"wp:featuredmedia":[{"embeddable":true,"href":"https:\/\/ikimisli.tr\/index.php\/wp-json\/wp\/v2\/media\/88366"}],"wp:attachment":[{"href":"https:\/\/ikimisli.tr\/index.php\/wp-json\/wp\/v2\/media?parent=88365"}],"wp:term":[{"taxonomy":"category","embeddable":true,"href":"https:\/\/ikimisli.tr\/index.php\/wp-json\/wp\/v2\/categories?post=88365"},{"taxonomy":"post_tag","embeddable":true,"href":"https:\/\/ikimisli.tr\/index.php\/wp-json\/wp\/v2\/tags?post=88365"}],"curies":[{"name":"wp","href":"https:\/\/api.w.org\/{rel}","templated":true}]}}