{"id":88392,"date":"2026-01-11T10:36:04","date_gmt":"2026-01-11T10:36:04","guid":{"rendered":"https:\/\/ikimisli.tr\/?p=88392"},"modified":"2026-01-11T10:36:04","modified_gmt":"2026-01-11T10:36:04","slug":"edirnede-kimyasal-iddiasi-kenti-karistirdi-baskandan-aciklama-geldi","status":"publish","type":"post","link":"https:\/\/ikimisli.tr\/index.php\/2026\/01\/11\/edirnede-kimyasal-iddiasi-kenti-karistirdi-baskandan-aciklama-geldi\/","title":{"rendered":"Edirne&#8217;de kimyasal iddias\u0131 kenti kar\u0131\u015ft\u0131rd\u0131: Ba\u015fkandan a\u00e7\u0131klama geldi"},"content":{"rendered":"<p>Edirne Belediye Ba\u015fkan\u0131 Filiz Gencan, &#8220;i\u00e7me suyuna kimyasal unsur kar\u0131\u015ft\u0131&#8221; tezlerinin temelsiz oldu\u011funu s\u00f6yledi. Gencan, \u201cBunlar\u0131 yapanlara da vatanda\u015f\u0131 bu kadar huzursuz etmeye, \u00e7ocuklar\u0131m\u0131z\u0131 bu t\u00fcrl\u00fc \u00fczmeye kimsenin hakk\u0131 yok. Biz bu bahis i\u00e7in savc\u0131l\u0131\u011fa kabahat duyurusunda bulunduk. Bu hususun \u00fczerine ciddiyetle e\u011filece\u011fiz. Birka\u00e7 tespitimiz var asl\u0131nda. Eminim ba\u015fsavc\u0131l\u0131\u011f\u0131m\u0131z da savc\u0131l\u0131\u011f\u0131m\u0131z da bu hususta hassas bir \u00e7al\u0131\u015fma y\u00fcr\u00fcyecek. Kimsenin vatanda\u015f\u0131 bu halde panikletip mutsuz etmeye hakk\u0131 yok&#8221; dedi.<\/p>\n<p>Edirne Belediye Ba\u015fkan\u0131 Filiz Gencan, Edirne&#8217;de &#8220;i\u00e7me suyuna kimyasal husus kar\u0131\u015ft\u0131&#8221; arg\u00fcmanlar\u0131n\u0131n hakikat olmad\u0131\u011fn\u0131 s\u00f6yledi. Gencen, \u015funlar\u0131 kaydetti:<\/p>\n<p>&#8220;Sabah saatlerinde de bu t\u00fcrl\u00fc bir bildiri yay\u0131ld\u0131. Nitekim \u015funda b\u00fcy\u00fck bir hassasiyet rica ediyorum her t\u00fcrl\u00fc \u015fey payla\u015f\u0131labilir bir\u00e7ok \u015fey g\u00f6rd\u00fck bu s\u00fcre\u00e7te fakat halk s\u0131hhatiyle bilhassa bu t\u00fcrl\u00fc salg\u0131n periyodunun \u00e7ok a\u011f\u0131r oldu\u011fu, \u00e7ocuklar\u0131m\u0131z\u0131n hastanelerde oldu\u011fu devirde insan bir anda panikler. Ancak buradan Edirneli hem\u015ferilerime sesleniyorum hem bu mevzuda hem Edirne Belediyesi t\u00fcm \u00f6l\u00e7\u00fcm ve de\u011ferlendirmelerini yap\u0131yor, oldu ki aksilik oldu\u011fu varsaysak zati o suyu biz kente vermeyiz.<\/p>\n<p>Halk s\u0131hhatini bu formda birebir etkileyen bir mevzudaki hassasiyetimiz hakikaten \u00e7ok y\u00fcksek. O y\u00fczden bu t\u00fcrl\u00fc haberlere prestij edilmemesini rica ediyorum. Bunlar\u0131 yapanlara da vatanda\u015f\u0131 bu kadar huzursuz etmeye, \u00e7ocuklar\u0131m\u0131z\u0131 bu t\u00fcrl\u00fc \u00fczmeye kimsenin hakk\u0131 yok. Biz bu bahis i\u00e7in savc\u0131l\u0131\u011fa hata duyurusunda bulunduk. Bu hususun \u00fczerine ciddiyetle e\u011filece\u011fiz. Birka\u00e7 tespitimiz var zati. Eminim ba\u015fsavc\u0131l\u0131\u011f\u0131m\u0131z da savc\u0131l\u0131\u011f\u0131m\u0131z da bu bahiste hassas bir \u00e7al\u0131\u015fma y\u00fcr\u00fcyecek. Kimsenin vatanda\u015f\u0131 bu bi\u00e7imde panikletip mutsuz etmeye hakk\u0131 yok.&#8221;<\/p>\n","protected":false},"excerpt":{"rendered":"<p>Edirne&#8217;de Belediye Ba\u015fkan\u0131 Filiz Gencan i\u00e7me suyuna kimyasal kar\u0131\u015ft\u0131\u011f\u0131 taraf\u0131ndaki savlar\u0131 yalanlad\u0131. Gencan, &#8220;B\u00f6yle haberlere prestij etmeyin, kabahat duyurusunda bulunduk&#8221; dedi.<\/p>\n","protected":false},"author":1,"featured_media":88393,"comment_status":"open","ping_status":"open","sticky":false,"template":"","format":"standard","meta":{"footnotes":""},"categories":[25],"tags":[1875],"class_list":["post-88392","post","type-post","status-publish","format-standard","has-post-thumbnail","hentry","category-gundem","tag-edirne"],"_links":{"self":[{"href":"https:\/\/ikimisli.tr\/index.php\/wp-json\/wp\/v2\/posts\/88392","targetHints":{"allow":["GET"]}}],"collection":[{"href":"https:\/\/ikimisli.tr\/index.php\/wp-json\/wp\/v2\/posts"}],"about":[{"href":"https:\/\/ikimisli.tr\/index.php\/wp-json\/wp\/v2\/types\/post"}],"author":[{"embeddable":true,"href":"https:\/\/ikimisli.tr\/index.php\/wp-json\/wp\/v2\/users\/1"}],"replies":[{"embeddable":true,"href":"https:\/\/ikimisli.tr\/index.php\/wp-json\/wp\/v2\/comments?post=88392"}],"version-history":[{"count":1,"href":"https:\/\/ikimisli.tr\/index.php\/wp-json\/wp\/v2\/posts\/88392\/revisions"}],"predecessor-version":[{"id":88394,"href":"https:\/\/ikimisli.tr\/index.php\/wp-json\/wp\/v2\/posts\/88392\/revisions\/88394"}],"wp:featuredmedia":[{"embeddable":true,"href":"https:\/\/ikimisli.tr\/index.php\/wp-json\/wp\/v2\/media\/88393"}],"wp:attachment":[{"href":"https:\/\/ikimisli.tr\/index.php\/wp-json\/wp\/v2\/media?parent=88392"}],"wp:term":[{"taxonomy":"category","embeddable":true,"href":"https:\/\/ikimisli.tr\/index.php\/wp-json\/wp\/v2\/categories?post=88392"},{"taxonomy":"post_tag","embeddable":true,"href":"https:\/\/ikimisli.tr\/index.php\/wp-json\/wp\/v2\/tags?post=88392"}],"curies":[{"name":"wp","href":"https:\/\/api.w.org\/{rel}","templated":true}]}}