{"id":88533,"date":"2026-01-11T18:48:05","date_gmt":"2026-01-11T18:48:05","guid":{"rendered":"https:\/\/ikimisli.tr\/?p=88533"},"modified":"2026-01-11T18:48:05","modified_gmt":"2026-01-11T18:48:05","slug":"ozel-kapali-toplantida-81-il-baskanina-talimat-verdi","status":"publish","type":"post","link":"https:\/\/ikimisli.tr\/index.php\/2026\/01\/11\/ozel-kapali-toplantida-81-il-baskanina-talimat-verdi\/","title":{"rendered":"\u00d6zel kapal\u0131 toplant\u0131da 81 il ba\u015fkan\u0131na talimat verdi"},"content":{"rendered":"<p>CHP Genel Ba\u015fkan\u0131 \u00d6zg\u00fcr \u00d6zel, partisinin 81 vilayet lideriyle yapt\u0131\u011f\u0131 yedi saatlik toplant\u0131da, \u201cse\u00e7im y\u0131l\u0131\u201d olarak niteledi\u011fi 2026 y\u0131l\u0131 i\u00e7in yol haritas\u0131n\u0131 masaya yat\u0131rd\u0131. Vilayet liderlerine, yerelde tesirli muhalefet yapmalar\u0131 davetinde bulunan \u00d6zel, \u201cYar\u0131n se\u00e7im olacakm\u0131\u015f \u00fczere \u00e7al\u0131\u015f\u0131n. Soka\u011fa \u00e7\u0131k\u0131n, vatanda\u015f\u0131 dinleyin\u201d talimat\u0131 verdi. Toplant\u0131da sand\u0131k \u00f6rg\u00fctlenmesi, miting program\u0131 ve \u00f6rg\u00fct performans\u0131n\u0131n \u00f6l\u00e7\u00fclmesi ba\u015fl\u0131klar\u0131 \u00f6ne \u00e7\u0131kt\u0131.<\/p>\n<p><img decoding=\"async\" src=\"https:\/\/ikimisli.tr\/wp-content\/uploads\/2026\/01\/ozel-kapali-toplantida-81-il-baskanina-talimat-verdi-0-xkBP9E1g.jpg\"\/><\/p>\n<p>Hafta boyunca MYK, kapal\u0131 k\u00fcme, PM ve Do\u011fu ile G\u00fcneydo\u011fu Anadolu Vilayet Liderleri toplant\u0131lar\u0131na ba\u015fkanl\u0131k eden \u00d6zel, bug\u00fcn de partisinin 81 vilayet lideriyle bir ortaya geldi. Bas\u0131na kapal\u0131 olarak yap\u0131lan toplant\u0131 yakla\u015f\u0131k yedi saat s\u00fcrd\u00fc. Toplant\u0131da CHP Lideri \u00d6zel\u2019e; Yurti\u00e7i \u00d6rg\u00fctlenmeden Sorumlu Genel Lider Yard\u0131mc\u0131s\u0131 Ensar Aytekin, Kad\u0131n Kollar\u0131 Genel Ba\u015fkan\u0131 Asu Kaya ile Gen\u00e7lik Kollar\u0131 Genel Ba\u015fkan\u0131 Cem Ayd\u0131n da e\u015flik etti.<\/p>\n<p>Hafta boyunca yap\u0131lan \u00f6teki toplant\u0131larda oldu\u011fu \u00fczere, bu toplant\u0131n\u0131n da g\u00fcndemi \u201cse\u00e7im y\u0131l\u0131\u201d olarak tan\u0131m edilen 2026\u2019da partinin yol haritas\u0131n\u0131n ne olaca\u011f\u0131yd\u0131. Bu kapsamda izlenecek sistem ve stratejiye ait vilayet liderlerinden g\u00f6r\u00fc\u015f ve teklifler al\u0131nd\u0131. Edinilen bilgiye nazaran, toplant\u0131da sand\u0131k \u00f6rg\u00fctlenmesi konusunda vilayet liderlerine bilgilendirme yap\u0131ld\u0131.<\/p>\n<p><strong>\u201cYerelde tesirli muhalefet\u201d vurgusu<\/strong><\/p>\n<p>Se\u00e7imin \u00f6rg\u00fct\u00fcn \u00e7al\u0131\u015fmas\u0131 sayesinde kazan\u0131labilece\u011finin alt\u0131n\u0131 \u00e7izen \u00d6zel\u2019in \u201cYar\u0131n se\u00e7im olacakm\u0131\u015f \u00fczere \u00e7al\u0131\u015f\u0131n. Soka\u011fa \u00e7\u0131k\u0131n, vatanda\u015f\u0131 dinleyin\u201d talimat\u0131 verdi\u011fi \u00f6\u011frenildi. Yerelde muhalefetin de\u011ferine vurgu yapan \u00d6zel&#8217;in, \u201cBiz b\u00fct\u00fcn olarak iktidara muhalefet ediyoruz, T\u00fcrkiye\u2019nin b\u00fcy\u00fck bir ks\u0131m\u0131nda y\u00f6netti\u011fimiz belediyeler de var lakin yerelde iktidar olmad\u0131\u011f\u0131m\u0131z yerlerde, muhalefeti vilayet ve il\u00e7e \u00f6rg\u00fctlerimiz yapmal\u0131. Buralarda tesirli muhalefet \u00f6rg\u00fctlerin g\u00f6revi\u201d s\u00f6zlerini kulland\u0131\u011f\u0131 kaydedildi.<\/p>\n<p><strong>\u00d6rg\u00fct\u00fcn performans\u0131 \u00f6l\u00e7\u00fclecek<\/strong><\/p>\n<p>Toplant\u0131da ayr\u0131ca; yeni parti program\u0131n\u0131n vatanda\u015fa anlat\u0131lmas\u0131, haz\u0131rl\u0131klar\u0131 yap\u0131lan \u00fcye kampanyas\u0131 ile vekiller ve \u00f6rg\u00fct ortas\u0131ndaki alakalar\u0131n\u0131n geli\u015ftirilmesi hususlar\u0131na da de\u011finildi. CHP\u2019nin mahall\u00ee idarelerde yapt\u0131rd\u0131\u011f\u0131 memnuniyet \u00f6l\u00e7\u00fcmlerini ocak ay\u0131ndan itibaren \u00f6rg\u00fct boyutuna da ta\u015f\u0131yaca\u011f\u0131 \u00f6\u011frenildi. Genel Merkez, 2026 y\u0131l\u0131nda vilayet liderlerinin ve \u00f6rg\u00fct\u00fcn de performans\u0131n\u0131 \u00f6l\u00e7ecek.<\/p>\n<p><strong>Yeni miting adresi Hatay<\/strong><\/p>\n<p>19 Mart\u2019tan sonra ba\u015flayan, CHP\u2019nin Silivri\u2019de tutuklu bulunan cumhurba\u015fkan\u0131 aday\u0131 Ekrem \u0130mamo\u011flu\u2019na \u00f6zg\u00fcrl\u00fck ve erken se\u00e7im talebiyle d\u00fczenledi\u011fi \u201cMillet \u0130radesine Sahip \u00c7\u0131k\u0131yor\u201d mitinglerine yeni y\u0131lda da devam etme karar\u0131 alan CHP\u2019nin ocak ay\u0131ndaki miting takvimi de toplant\u0131n\u0131n g\u00fcndem hususlar\u0131ndan oldu. Yar\u0131n Denizli\u2019de yap\u0131lacak 80\u2019inci miting sonras\u0131; 14 Ocak \u00c7ar\u015famba g\u00fcn\u00fc Be\u015fikta\u015f\u2019ta, 17 Ocak Cumartesi g\u00fcn\u00fc ise Hatay\u2019da miting yap\u0131laca\u011f\u0131 \u00f6\u011frenildi. Bug\u00fcne kadar miting yap\u0131lan 35 vilayette yap\u0131lan \u00f6l\u00e7\u00fcmler sonucunda, olumlu geri d\u00f6n\u00fc\u015fler olmas\u0131 hasebiyle vilayet mitinglerine devam etme karar\u0131 alan parti idaresi, \u0130stanbul\u2019da kalan be\u015f il\u00e7eyi de tamamlamas\u0131n\u0131n akabinde il\u00e7e mitinglerini s\u00fcrd\u00fcr\u00fcp s\u00fcrd\u00fcrmemeyi yine k\u0131ymetlendirecek.<\/p>\n<p><strong>Ay sonunda \u0130stanbul\u2019da \u201cDemokrasi ve Toplumsal Bar\u0131\u015f Konferans\u0131\u201d<\/strong><\/p>\n<p>TBMM\u2019de son rapor yaz\u0131m s\u00fcrecinde olan Ulusal Dayan\u0131\u015fma, Karde\u015flik ve Demokrasi Komisyonu\u2019nun \u00e7al\u0131\u015fmalar\u0131 da g\u00fcndem unsurlar\u0131 ortas\u0131ndayd\u0131. D\u00fcn yap\u0131lan Do\u011fu ve G\u00fcneydo\u011fu vilayet liderleri toplant\u0131s\u0131nda geni\u015f kapsaml\u0131 ele al\u0131nan husus, 81 vilayet lideriyle da masaya yat\u0131r\u0131ld\u0131. Partinin mevzuya ait tav\u0131r ve tutumu vilayet liderleriyle payla\u015f\u0131ld\u0131. Bu kapsamda CHP, 31 Ocak\u2019ta \u0130stanbul\u2019da Demokrasi ve Toplumsal Bar\u0131\u015f Konferans\u0131 d\u00fczenleyecek. Konferansa K\u00fcrt sorununun tahlili konusunda perspektif sunabilecek AK Parti, MHP ve DEM Parti\u2019den isimler de konu\u015fmac\u0131 olarak davet edilecek.<\/p>\n","protected":false},"excerpt":{"rendered":"<p>CHP Genel Ba\u015fkan\u0131 \u00d6zg\u00fcr \u00d6zel, 81 vilayet lideriyle yapt\u0131\u011f\u0131 yedi saatlik toplant\u0131da \u201cYar\u0131n se\u00e7im olacakm\u0131\u015f \u00fczere \u00e7al\u0131\u015f\u0131n\u201d talimat\u0131 verdi\u011fi kaydedildi.<\/p>\n","protected":false},"author":1,"featured_media":88534,"comment_status":"open","ping_status":"open","sticky":false,"template":"","format":"standard","meta":{"footnotes":""},"categories":[25],"tags":[9649,239,418,189,247],"class_list":["post-88533","post","type-post","status-publish","format-standard","has-post-thumbnail","hentry","category-gundem","tag-il-baskanlari","tag-miting","tag-orgut","tag-parti","tag-toplanti"],"_links":{"self":[{"href":"https:\/\/ikimisli.tr\/index.php\/wp-json\/wp\/v2\/posts\/88533","targetHints":{"allow":["GET"]}}],"collection":[{"href":"https:\/\/ikimisli.tr\/index.php\/wp-json\/wp\/v2\/posts"}],"about":[{"href":"https:\/\/ikimisli.tr\/index.php\/wp-json\/wp\/v2\/types\/post"}],"author":[{"embeddable":true,"href":"https:\/\/ikimisli.tr\/index.php\/wp-json\/wp\/v2\/users\/1"}],"replies":[{"embeddable":true,"href":"https:\/\/ikimisli.tr\/index.php\/wp-json\/wp\/v2\/comments?post=88533"}],"version-history":[{"count":1,"href":"https:\/\/ikimisli.tr\/index.php\/wp-json\/wp\/v2\/posts\/88533\/revisions"}],"predecessor-version":[{"id":88536,"href":"https:\/\/ikimisli.tr\/index.php\/wp-json\/wp\/v2\/posts\/88533\/revisions\/88536"}],"wp:featuredmedia":[{"embeddable":true,"href":"https:\/\/ikimisli.tr\/index.php\/wp-json\/wp\/v2\/media\/88534"}],"wp:attachment":[{"href":"https:\/\/ikimisli.tr\/index.php\/wp-json\/wp\/v2\/media?parent=88533"}],"wp:term":[{"taxonomy":"category","embeddable":true,"href":"https:\/\/ikimisli.tr\/index.php\/wp-json\/wp\/v2\/categories?post=88533"},{"taxonomy":"post_tag","embeddable":true,"href":"https:\/\/ikimisli.tr\/index.php\/wp-json\/wp\/v2\/tags?post=88533"}],"curies":[{"name":"wp","href":"https:\/\/api.w.org\/{rel}","templated":true}]}}