{"id":88576,"date":"2026-01-11T21:12:04","date_gmt":"2026-01-11T21:12:04","guid":{"rendered":"https:\/\/ikimisli.tr\/?p=88576"},"modified":"2026-01-11T21:12:04","modified_gmt":"2026-01-11T21:12:04","slug":"misir-yari-finalde","status":"publish","type":"post","link":"https:\/\/ikimisli.tr\/index.php\/2026\/01\/11\/misir-yari-finalde\/","title":{"rendered":"M\u0131s\u0131r yar\u0131 finalde"},"content":{"rendered":"<p>35. Afrika Uluslar Kupas\u0131&#8217;nda (AFCON 2025) M\u0131s\u0131r, Fildi\u015fi K\u0131y\u0131s\u0131&#8217;n\u0131 3-2 yenerek ismini yar\u0131 finale yazd\u0131rd\u0131.<\/p>\n<p>Afrika Futbol Konfederasyonu taraf\u0131ndan Fas&#8217;\u0131n konut sahipli\u011finde d\u00fczenlenen turnuvan\u0131n \u00e7eyrek final ma\u00e7\u0131nda M\u0131s\u0131r ile Fildi\u015fi K\u0131y\u0131s\u0131 kar\u015f\u0131 kar\u015f\u0131ya geldi.<\/p>\n<p>Kar\u015f\u0131la\u015fman\u0131n 4. dakikas\u0131nda Omar Marmoush&#8217;un gol\u00fcyle 1-0 \u00f6ne ge\u00e7en M\u0131s\u0131r, 32. dakikada Rami Rabia ile fark\u0131 2&#8217;ye \u00e7\u0131kard\u0131.<\/p>\n<p>Fildi\u015fi K\u0131y\u0131s\u0131, Ahmed Fatouh&#8217;\u0131n 40. dakikada kendi kalesine att\u0131\u011f\u0131 gol ile fark\u0131 1&#8217;e indirse de 52. dakikada Muhammed Salah, M\u0131s\u0131r&#8217;\u0131 3-1 \u00f6ne ge\u00e7iren gol\u00fc kaydetti.<\/p>\n<p>Fildi\u015fi K\u0131y\u0131s\u0131&#8217;n\u0131n 73. dakikada Guela Doue&#8217;nin gol\u00fcyle fark\u0131 tekrar 1&#8217;e indirdi\u011fi m\u00fcsabakada \u00f6teki gol olmad\u0131 ve alandan 3-2 galip ayr\u0131lan M\u0131s\u0131r, yar\u0131 finale y\u00fckseldi.<\/p>\n<p>Trabzonspor&#8217;dan Christ Inao Oulai ve \u00c7aykur Rizespor&#8217;dan Yahia Fofana, Fildi\u015fi K\u0131y\u0131s\u0131&#8217;n\u0131n birinci 11&#8217;inde ma\u00e7a ba\u015flarken, Rams Ba\u015fak\u015fehir&#8217;den Christopher Operi ise yedekler ortas\u0131nda yer ald\u0131.<\/p>\n<p>M\u0131s\u0131r, yar\u0131 finalde Senegal ile 14 Ocak \u00c7ar\u015famba g\u00fcn\u00fc kar\u015f\u0131 kar\u015f\u0131ya gelecek.<\/p>\n<p>Di\u011fer yar\u0131 final e\u015fle\u015fmesinde ise konut sahibi Fas ile Nijerya kar\u015f\u0131la\u015facak.<\/p>\n","protected":false},"excerpt":{"rendered":"<p>M\u0131s\u0131r, Afrika Uluslar Kupas\u0131&#8217;nda kar\u015f\u0131la\u015ft\u0131\u011f\u0131 Fildi\u015fi K\u0131y\u0131s\u0131&#8217;n\u0131 ma\u011flup ederek yar\u0131 finale y\u00fckseldi.<\/p>\n","protected":false},"author":1,"featured_media":88577,"comment_status":"open","ping_status":"open","sticky":false,"template":"","format":"standard","meta":{"footnotes":""},"categories":[30],"tags":[9651,469,346,1031],"class_list":["post-88576","post","type-post","status-publish","format-standard","has-post-thumbnail","hentry","category-spor","tag-fildisi-sahili","tag-final","tag-gol","tag-misir"],"_links":{"self":[{"href":"https:\/\/ikimisli.tr\/index.php\/wp-json\/wp\/v2\/posts\/88576","targetHints":{"allow":["GET"]}}],"collection":[{"href":"https:\/\/ikimisli.tr\/index.php\/wp-json\/wp\/v2\/posts"}],"about":[{"href":"https:\/\/ikimisli.tr\/index.php\/wp-json\/wp\/v2\/types\/post"}],"author":[{"embeddable":true,"href":"https:\/\/ikimisli.tr\/index.php\/wp-json\/wp\/v2\/users\/1"}],"replies":[{"embeddable":true,"href":"https:\/\/ikimisli.tr\/index.php\/wp-json\/wp\/v2\/comments?post=88576"}],"version-history":[{"count":1,"href":"https:\/\/ikimisli.tr\/index.php\/wp-json\/wp\/v2\/posts\/88576\/revisions"}],"predecessor-version":[{"id":88578,"href":"https:\/\/ikimisli.tr\/index.php\/wp-json\/wp\/v2\/posts\/88576\/revisions\/88578"}],"wp:featuredmedia":[{"embeddable":true,"href":"https:\/\/ikimisli.tr\/index.php\/wp-json\/wp\/v2\/media\/88577"}],"wp:attachment":[{"href":"https:\/\/ikimisli.tr\/index.php\/wp-json\/wp\/v2\/media?parent=88576"}],"wp:term":[{"taxonomy":"category","embeddable":true,"href":"https:\/\/ikimisli.tr\/index.php\/wp-json\/wp\/v2\/categories?post=88576"},{"taxonomy":"post_tag","embeddable":true,"href":"https:\/\/ikimisli.tr\/index.php\/wp-json\/wp\/v2\/tags?post=88576"}],"curies":[{"name":"wp","href":"https:\/\/api.w.org\/{rel}","templated":true}]}}