{"id":88631,"date":"2026-01-12T00:24:05","date_gmt":"2026-01-12T00:24:05","guid":{"rendered":"https:\/\/ikimisli.tr\/?p=88631"},"modified":"2026-01-12T00:24:05","modified_gmt":"2026-01-12T00:24:05","slug":"nihat-abinin-istedigi-oldu","status":"publish","type":"post","link":"https:\/\/ikimisli.tr\/index.php\/2026\/01\/12\/nihat-abinin-istedigi-oldu\/","title":{"rendered":"Nihat abinin istedi\u011fi oldu"},"content":{"rendered":"<p>K\u00f6yl\u00fclerin TBMM\u2019ye gelip kederlerini anlatmalar\u0131na kar\u015f\u0131n maden talan\u0131na m\u00fcsaade veren maddeyi \u00e7\u0131karan iktidar, \u2018acele kamula\u015ft\u0131rma\u2019 ismi alt\u0131nda k\u00f6yl\u00fclerin elindeki arsa ve yerleri de maden \u015firketlerine vermek i\u00e7in d\u00fc\u011fmeye bast\u0131. Bu hedefle birinci i\u015f olarak Limak ve IC \u0130\u00e7ta\u015f\u2019a ili\u015fkin Mu\u011fla Milas\u2019taki Yenik\u00f6y Kemerk\u00f6y Elektrik \u00dcretim \u015eirketi\u2019nin (YK Enerji) k\u00f6m\u00fcr \u00e7\u0131karmas\u0131 i\u00e7in 679 farkl\u0131 parselde ivedi kamula\u015ft\u0131rma karar\u0131 al\u0131nd\u0131. Nihat \u00d6zdemir ile \u0130brahim \u00c7e\u00e7en\u2019in ortak i\u015fletti\u011fi maden \u015firketine tahsis edilen devasa alan\u0131n i\u00e7erisinde 7 k\u00f6y ve bu k\u00f6ylerde ya\u015fayan binlerce k\u00f6yl\u00fcn\u00fcn meskeni, ah\u0131r\u0131, samanl\u0131\u011f\u0131, ba\u011f\u0131, bah\u00e7esi, tarlas\u0131, zeytinlikleri, okul ve mezarl\u0131klar\u0131 yer al\u0131yor.<\/p>\n<p><img decoding=\"async\" src=\"https:\/\/ikimisli.tr\/wp-content\/uploads\/2026\/01\/nihat-abinin-istedigi-oldu-0-BQsU4v3r.webp\"\/><\/p>\n<p><strong>SE\u00c7\u0130M ERTELEMES\u0130<\/strong><\/p>\n<p>Cumhurba\u015fkan\u0131 Tayyip Erdo\u011fan\u2019\u0131n imzas\u0131 ile yay\u0131mlanan \u2018Acele kamula\u015ft\u0131rma\u2019 karar\u0131 Mu\u011fla\u2019n\u0131n Milas il\u00e7esindeki \u0130kizk\u00f6y, \u00c7ak\u0131ralan, Ba\u011fdamlar\u0131, \u00c7amk\u00f6y, Kayaderesi, Karaca\u011fa\u00e7 ve Karacahisar k\u00f6ylerindeki 679 parsel alan\u0131 kaps\u0131yor.<\/p>\n<p>Kamula\u015ft\u0131r\u0131lacak alan, YK G\u00fc\u00e7 \u015firketinin devasa k\u00f6m\u00fcr alan\u0131n\u0131n d\u00f6rt bir yan\u0131ndaki geni\u015fleme b\u00f6lgesinde yer al\u0131yor. \u0130ktidar 12 Mart 2024\u2019te Limak ve IC Holding i\u00e7in 3 k\u00f6ye ili\u015fkin 190 parsel alanda tez kamula\u015ft\u0131rma karar\u0131 alm\u0131\u015f, lakin 31 Mart 2024 mahall\u00ee se\u00e7imlerinin \u00e7abucak \u00f6ncesinde \u00e7\u0131kar\u0131lan bu karar\u0131n, oy kayb\u0131na neden olaca\u011f\u0131 anla\u015f\u0131l\u0131nca iptal edilmi\u015fti.<\/p>\n<p><img decoding=\"async\" src=\"https:\/\/ikimisli.tr\/wp-content\/uploads\/2026\/01\/nihat-abinin-istedigi-oldu-1-Vb7GBLHk.jpg\"\/><\/p>\n<p>Se\u00e7imde AKP Mu\u011fla Belediye Lider Aday\u0131 olan Ayd\u0131n Ayayd\u0131n, \u201cCumhurba\u015fkan\u0131m\u0131z nezdinde te\u015febb\u00fcste bulundum, karar\u0131n g\u00f6zden ge\u00e7irilmesini talep ettim. Evet g\u00fcce gereksinimimiz var fakat tar\u0131m ve turizm de \u00e7ok de\u011ferli\u201d demi\u015fti.<\/p>\n<p><strong>GER\u00c7EK \u00dcST\u00dcN KAMU FAYDASI B\u0130Z\u0130Z<\/strong><\/p>\n<p>Kamula\u015ft\u0131rma karar\u0131 \u015fimdilik 7 k\u00f6y\u00fcn yeri i\u00e7in al\u0131nd\u0131. Lakin y\u00f6re halk\u0131 \u00f6n\u00fcm\u00fczdeki periyotta hem Yenik\u00f6y, Kemerk\u00f6y santralleri, hem de Yata\u011fan santralinin k\u00f6m\u00fcr muhta\u00e7l\u0131\u011f\u0131 i\u00e7in daha fazla k\u00f6y topra\u011f\u0131n\u0131n kamula\u015ft\u0131r\u0131l\u0131p maden \u00e7\u00f6l\u00fcne d\u00f6n\u00fc\u015ft\u00fcr\u00fclece\u011fini savunuyor. Karara reaksiyon g\u00f6steren vatanda\u015flar \u201cKamula\u015ft\u0131rma kamu faydas\u0131na yap\u0131l\u0131r. Burada kamu faydas\u0131 zeytin, zeytinya\u011f\u0131, bal ve halk\u0131n ge\u00e7imidir. \u00d6m\u00fcr ve \u00fcretim alanlar\u0131m\u0131z\u0131 al\u0131p 2 \u015firkete veriyorlar\u201d dediler. <\/p>\n","protected":false},"excerpt":{"rendered":"<p>Y\u0131llard\u0131r k\u00f6yl\u00fclerin muhafazaya \u00e7al\u0131\u015ft\u0131\u011f\u0131 Milas Yenik\u00f6y\u2019deki orman topraklar\u0131n\u0131n talan\u0131 h\u0131zlan\u0131yor. \u0130ktidar, tez kamula\u015ft\u0131rma karar\u0131 ile madenlerin \u00e7al\u0131\u015fma alan\u0131n\u0131 geni\u015fletiyor. Limak&#8217;\u0131n k\u00f6m\u00fcr madeni u\u011fruna Mu\u011fla&#8217;da 7 k\u00f6y kamula\u015ft\u0131rd\u0131. Ba\u011f, bah\u00e7e zeytinlik yok edilecek.<\/p>\n","protected":false},"author":1,"featured_media":88632,"comment_status":"open","ping_status":"open","sticky":false,"template":"","format":"standard","meta":{"footnotes":""},"categories":[25],"tags":[853,6986,488,887],"class_list":["post-88631","post","type-post","status-publish","format-standard","has-post-thumbnail","hentry","category-gundem","tag-kamu","tag-kamulastirma","tag-karari","tag-koy"],"_links":{"self":[{"href":"https:\/\/ikimisli.tr\/index.php\/wp-json\/wp\/v2\/posts\/88631","targetHints":{"allow":["GET"]}}],"collection":[{"href":"https:\/\/ikimisli.tr\/index.php\/wp-json\/wp\/v2\/posts"}],"about":[{"href":"https:\/\/ikimisli.tr\/index.php\/wp-json\/wp\/v2\/types\/post"}],"author":[{"embeddable":true,"href":"https:\/\/ikimisli.tr\/index.php\/wp-json\/wp\/v2\/users\/1"}],"replies":[{"embeddable":true,"href":"https:\/\/ikimisli.tr\/index.php\/wp-json\/wp\/v2\/comments?post=88631"}],"version-history":[{"count":1,"href":"https:\/\/ikimisli.tr\/index.php\/wp-json\/wp\/v2\/posts\/88631\/revisions"}],"predecessor-version":[{"id":88635,"href":"https:\/\/ikimisli.tr\/index.php\/wp-json\/wp\/v2\/posts\/88631\/revisions\/88635"}],"wp:featuredmedia":[{"embeddable":true,"href":"https:\/\/ikimisli.tr\/index.php\/wp-json\/wp\/v2\/media\/88632"}],"wp:attachment":[{"href":"https:\/\/ikimisli.tr\/index.php\/wp-json\/wp\/v2\/media?parent=88631"}],"wp:term":[{"taxonomy":"category","embeddable":true,"href":"https:\/\/ikimisli.tr\/index.php\/wp-json\/wp\/v2\/categories?post=88631"},{"taxonomy":"post_tag","embeddable":true,"href":"https:\/\/ikimisli.tr\/index.php\/wp-json\/wp\/v2\/tags?post=88631"}],"curies":[{"name":"wp","href":"https:\/\/api.w.org\/{rel}","templated":true}]}}