{"id":88856,"date":"2026-01-12T13:24:05","date_gmt":"2026-01-12T13:24:05","guid":{"rendered":"https:\/\/ikimisli.tr\/?p=88856"},"modified":"2026-01-12T13:24:05","modified_gmt":"2026-01-12T13:24:05","slug":"galatasaraydan-yagmurluk-aciklamasi-geldi-ozur-diliyorum","status":"publish","type":"post","link":"https:\/\/ikimisli.tr\/index.php\/2026\/01\/12\/galatasaraydan-yagmurluk-aciklamasi-geldi-ozur-diliyorum\/","title":{"rendered":"Galatasaray&#8217;dan ya\u011fmurluk a\u00e7\u0131klamas\u0131 geldi! &#8216;\u00d6z\u00fcr diliyorum&#8217;"},"content":{"rendered":"<p>Galatasaray Ba\u015fkan\u0131 Dursun \u00d6zbek, kul\u00fcb\u00fcn resmi sitesinden bir a\u00e7\u0131klama yapt\u0131\u2026 \u00d6zbek\u2019in a\u00e7\u0131klamalar\u0131 \u015fu bi\u00e7imde:<\/p>\n<p>\u201cD\u00fcn ak\u015fam \u00dcst\u00fcn Kupa Finali\u2019nde ald\u0131\u011f\u0131m\u0131z sonu\u00e7, hepimizi derinden \u00fczm\u00fc\u015ft\u00fcr. Galatasaray toplulu\u011fu olarak kaybetmeye al\u0131\u015f\u0131k de\u011filiz. Bu nedenle, her bir taraftar\u0131m\u0131z\u0131n ya\u015fad\u0131\u011f\u0131 hayal k\u0131r\u0131kl\u0131\u011f\u0131n\u0131 y\u00fcrekten payla\u015f\u0131yorum.<\/p>\n<p>\u00d6ncelikle tertip kapsam\u0131nda, berbat hava \u015fartlar\u0131 nedeniyle taraftarlar\u0131m\u0131za da\u011f\u0131t\u0131lan ya\u011fmurluklarla ilgili ya\u015fanan memnuniyetsizlik i\u00e7in samimi halde \u00f6z\u00fcr diliyorum. Ortaya \u00e7\u0131kan imaj Galatasaray\u2019a yak\u0131\u015fan bir hassasiyeti yans\u0131tmam\u0131\u015ft\u0131r. Bu sorumluluk bize aittir ve \u00f6n\u00fcm\u00fczdeki devirde bu tip meseleler ya\u015fanmayacakt\u0131r.<\/p>\n<p>Transfer s\u00fcrecine dair tenkitlere de h\u00fcrmet duyuyorum. Evvelden de s\u00f6z etti\u011fimiz \u00fczere ama\u00e7lar\u0131m\u0131za s\u0131radan desteklerle de\u011fil; kaliteyle, vizyonla ve yanl\u0131\u015fs\u0131z planlamayla ula\u015fmak i\u00e7in \u00e7al\u0131\u015f\u0131yoruz. Taraftar\u0131m\u0131zdan ricam, bize g\u00fcvenmeleri ve bu s\u00fcreci birlikte, g\u00fc\u00e7l\u00fc bir dayan\u0131\u015fmayla tamamlamam\u0131zd\u0131r. Futbol kadromuzu daha da ileriye ta\u015f\u0131yacak, Galatasaray\u2019a g\u00fc\u00e7 katacak transferler konusunda kararl\u0131l\u0131\u011f\u0131m\u0131z nettir ve \u00e7al\u0131\u015fmalar\u0131m\u0131z aral\u0131ks\u0131z bi\u00e7imde devam etmektedir.<\/p>\n<p>\u00d6te yandan, ma\u00e7 \u00f6ncesinde Galatasaray ve T\u00fcrk futbolu i\u00e7in de\u011ferli bir paha olan G\u00f6kmen \u00d6zdenak ismine yap\u0131lan h\u00fcrmet duru\u015fu s\u0131ras\u0131nda rakip grup trib\u00fcnlerinden y\u00fckselen yak\u0131\u015f\u0131ks\u0131z tezah\u00fcratlar ile ma\u00e7 sonras\u0131nda kul\u00fcb\u00fcn resmi toplumsal medya hesaplar\u0131ndan ve kimi futbolcular\u0131 taraf\u0131ndan yap\u0131lan d\u00fczeysiz payla\u015f\u0131mlar\u0131 esefle k\u0131n\u0131yorum. Bu yak\u0131\u015f\u0131ks\u0131z payla\u015f\u0131mlarla ilgili T\u00fcrkiye Futbol Federasyonu\u2019nu misyona davet ediyorum.<\/p>\n<p>Sadece kul\u00fcb\u00fcm\u00fcz\u00fcn de\u011fil, \u00fclkemizin k\u0131ymetlerinde de ac\u0131ya h\u00fcrmet duymak vard\u0131r. Bu \u00fczere anlarda kul\u00fcpler ortas\u0131ndaki rekabete onur katmam\u0131z gerekirken, yap\u0131lm\u0131\u015f olan sayg\u0131s\u0131zl\u0131\u011f\u0131 g\u00f6rmezden gelmemiz m\u00fcmk\u00fcn de\u011fildir.<\/p>\n<p>Son devirde kamuoyunda yer alm\u0131\u015f hukuksal tespitlere ve somut ger\u00e7eklere kar\u015f\u0131n kul\u00fcb\u00fcm\u00fcz, sporda karde\u015flik ve bar\u0131\u015f ortam\u0131 bozulmas\u0131n diye rakibimiz hakk\u0131nda bug\u00fcne kadar a\u00e7\u0131klama yapmamay\u0131 tercih etmi\u015ftir. Fakat bir galibiyet sonras\u0131 yap\u0131lan, d\u00fczeysiz ve ahlaki hudutlar\u0131 zorlayan bu payla\u015f\u0131mlar, iki toplulu\u011fun farkl\u0131 bak\u0131\u015f a\u00e7\u0131s\u0131n\u0131 net bi\u00e7imde ortaya koymu\u015ftur. \u015eunu bilhassa hat\u0131rlatmak isterim ki; Galatasaray\u2019\u0131n b\u00fcy\u00fckl\u00fc\u011f\u00fcyle, tarihiyle ve bedelleriyle alay etmeye kalk\u0131\u015fanlar kar\u015f\u0131lar\u0131nda bu toplulu\u011fun vakar\u0131n\u0131 ve kararl\u0131l\u0131\u011f\u0131n\u0131 bulmu\u015flard\u0131r, yeniden bulacaklard\u0131r.<\/p>\n<p>D\u00fcn ak\u015fam\u0131n net \u00f6zeti \u015fudur: Kaybetmeye al\u0131\u015fk\u0131n olmayan bir topluluk ile kazanmaya uzun m\u00fcddettir hasret kalm\u0131\u015f; bu hasretin getirdi\u011fi \u00f6fkeyi ve sevgisizli\u011fi lisan\u0131na yans\u0131tan bir toplulu\u011fun m\u00fcsabakas\u0131n\u0131 izledik.<\/p>\n<p>Bug\u00fcn \u00fczg\u00fcn\u00fcz. Galatasaray toplulu\u011fu ya\u015fad\u0131\u011f\u0131 her hayal k\u0131r\u0131kl\u0131\u011f\u0131ndan gerekli dersleri al\u0131p g\u00fc\u00e7lenerek, b\u00fcy\u00fcyerek \u00e7\u0131km\u0131\u015ft\u0131r. \u00d6n\u00fcm\u00fczde ama\u00e7lar\u0131m\u0131z i\u00e7in \u00e7ok k\u0131ymetli bir fikst\u00fcr varken, art\u0131k birlik olma vaktidir. Kimse merak etmesin; ge\u00e7mi\u015f 3 senede oldu\u011fu \u00fczere Galatasaray\u2019\u0131 sevenleri yeniden keyifli edece\u011fiz.\u201d<\/p>\n","protected":false},"excerpt":{"rendered":"<p>Galatasaray Ba\u015fkan\u0131 Dursun \u00d6zbek, kul\u00fcb\u00fcn resmi sitesinden bir a\u00e7\u0131klama yapt\u0131. \u00d6zbek d\u00fcn da\u011f\u0131t\u0131lan ya\u011fmurluklardan transfer s\u00fcrecine, G\u00f6kmen \u00d6zdenak\u2019\u0131n \u0131sl\u0131klanmas\u0131ndan Fenerbah\u00e7e\u2019nin payla\u015f\u0131mlar\u0131na kadar de\u011ferli a\u00e7\u0131klamalarda bulundu.<\/p>\n","protected":false},"author":1,"featured_media":88857,"comment_status":"open","ping_status":"open","sticky":false,"template":"","format":"standard","meta":{"footnotes":""},"categories":[30],"tags":[9171,342],"class_list":["post-88856","post","type-post","status-publish","format-standard","has-post-thumbnail","hentry","category-spor","tag-camia","tag-galatasaray"],"_links":{"self":[{"href":"https:\/\/ikimisli.tr\/index.php\/wp-json\/wp\/v2\/posts\/88856","targetHints":{"allow":["GET"]}}],"collection":[{"href":"https:\/\/ikimisli.tr\/index.php\/wp-json\/wp\/v2\/posts"}],"about":[{"href":"https:\/\/ikimisli.tr\/index.php\/wp-json\/wp\/v2\/types\/post"}],"author":[{"embeddable":true,"href":"https:\/\/ikimisli.tr\/index.php\/wp-json\/wp\/v2\/users\/1"}],"replies":[{"embeddable":true,"href":"https:\/\/ikimisli.tr\/index.php\/wp-json\/wp\/v2\/comments?post=88856"}],"version-history":[{"count":1,"href":"https:\/\/ikimisli.tr\/index.php\/wp-json\/wp\/v2\/posts\/88856\/revisions"}],"predecessor-version":[{"id":88858,"href":"https:\/\/ikimisli.tr\/index.php\/wp-json\/wp\/v2\/posts\/88856\/revisions\/88858"}],"wp:featuredmedia":[{"embeddable":true,"href":"https:\/\/ikimisli.tr\/index.php\/wp-json\/wp\/v2\/media\/88857"}],"wp:attachment":[{"href":"https:\/\/ikimisli.tr\/index.php\/wp-json\/wp\/v2\/media?parent=88856"}],"wp:term":[{"taxonomy":"category","embeddable":true,"href":"https:\/\/ikimisli.tr\/index.php\/wp-json\/wp\/v2\/categories?post=88856"},{"taxonomy":"post_tag","embeddable":true,"href":"https:\/\/ikimisli.tr\/index.php\/wp-json\/wp\/v2\/tags?post=88856"}],"curies":[{"name":"wp","href":"https:\/\/api.w.org\/{rel}","templated":true}]}}