{"id":88955,"date":"2026-01-12T19:12:08","date_gmt":"2026-01-12T19:12:08","guid":{"rendered":"https:\/\/ikimisli.tr\/?p=88955"},"modified":"2026-01-12T19:12:08","modified_gmt":"2026-01-12T19:12:08","slug":"anlasmazlik-turk-ortodokslari-ayirdi","status":"publish","type":"post","link":"https:\/\/ikimisli.tr\/index.php\/2026\/01\/12\/anlasmazlik-turk-ortodokslari-ayirdi\/","title":{"rendered":"Anla\u015fmazl\u0131k T\u00fcrk Ortodokslar\u0131 ay\u0131rd\u0131"},"content":{"rendered":"<p>T\u00fcrk Ortodoks Toplulu\u011fu isimli toplumsal medya hesab\u0131, Kilise idaresiyle ya\u015fad\u0131\u011f\u0131 uyu\u015fmazl\u0131klar nedeniyle Ba\u011f\u0131ms\u0131z T\u00fcrk Ortodoks Patrikhanesi ile yollar\u0131n\u0131 ay\u0131rd\u0131\u011f\u0131n\u0131 duyurdu.<\/p>\n<p>Toplulu\u011fun toplumsal medya hesab\u0131ndan yap\u0131lan a\u00e7\u0131klamada, ya\u015fanan s\u00fcrecin \u201cilkesel anla\u015fmazl\u0131klardan\u201d kaynakland\u0131\u011f\u0131 belirtilirken, T\u00fcrk Ortodoks Toplulu\u011fu\u2019nun faaliyetlerine ba\u011f\u0131ms\u0131z olarak devam edece\u011fi vurguland\u0131.<\/p>\n<p>A\u00e7\u0131klamada \u015fu tabirlere yer verildi:<\/p>\n<p>&#8220;T\u00fcrk Ortodoks Toplulu\u011fu olarak, mevcut kilise idaresiyle ya\u015fad\u0131\u011f\u0131m\u0131z ilkesel uyu\u015fmazl\u0131klar nedeniyle Ba\u011f\u0131ms\u0131z T\u00fcrk Ortodoks Patrikhanesi ile yollar\u0131m\u0131z\u0131 ay\u0131rm\u0131\u015f bulunuyoruz.<\/p>\n<p>\u0130ki y\u0131ld\u0131r b\u00fcy\u00fck T\u00fcrk milletine, Ulusal gayret kahraman\u0131m\u0131z Papa Eftim&#8217;i ve T\u00fcrk Ortodokslu\u011funu anlatt\u0131k. &#8220;Hristiyanl\u0131k&#8221; ismi alt\u0131nda \u00fclkemize y\u00f6nelik d\u0131\u015f tehditlere kar\u015f\u0131 ulusal \u015fuurun uyan\u0131k kalmas\u0131n\u0131 ve kamuoyu olu\u015fmas\u0131n\u0131 sa\u011flad\u0131k.<\/p>\n<p>Gece g\u00fcnd\u00fcz mesai yapt\u0131k ve Hristiyanl\u0131\u011f\u0131n tabu oldu\u011fu bir \u00fclkede, T\u00fcrk Ortodokslu\u011funu milyonlara duyurduk. Gelinen noktada Topluluk ile Kilise ortas\u0131nda ayr\u0131l\u0131k olsa da, Papa Eftim&#8217;in ve Atat\u00fcrk&#8217;\u00fcn miras\u0131na olan sars\u0131lmaz ba\u011fl\u0131l\u0131\u011f\u0131m\u0131z gere\u011fi, T\u00fcrk Ortodoks Toplulu\u011fu olarak yay\u0131n faaliyetlerimize ve T\u00fcrk Ortodokslu\u011funu ya\u015fatma u\u011fra\u015f\u0131m\u0131za ba\u011f\u0131ms\u0131z olarak devam edece\u011fiz.&#8221;<\/p>\n<p><img decoding=\"async\" src=\"https:\/\/ikimisli.tr\/wp-content\/uploads\/2026\/01\/anlasmazlik-turk-ortodokslari-ayirdi-0-qhODdfKx.jpg\"\/><\/p>\n<p><b>&#8216;B\u0130Z\u0130MLE \u0130LG\u0130LER\u0130 YOK&#8217;<\/b><\/p>\n<p>\u00d6te yandan Ba\u011f\u0131ms\u0131z T\u00fcrk Ortodoks Patrikhanesi&#8217;nin S\u00f6zc\u00fcs\u00fc Sel\u00e7uk Erenerol, kelam konusu olu\u015fumun kendileriyle ilgisi olmad\u0131\u011f\u0131n\u0131 s\u00f6yledi.<\/p>\n<p><img decoding=\"async\" src=\"https:\/\/ikimisli.tr\/wp-content\/uploads\/2026\/01\/anlasmazlik-turk-ortodokslari-ayirdi-1-gUpxE847.png\"\/><\/p>\n<p><img decoding=\"async\" src=\"https:\/\/ikimisli.tr\/wp-content\/uploads\/2026\/01\/anlasmazlik-turk-ortodokslari-ayirdi-2-cBLfvX99.jpg\"\/><\/p>\n","protected":false},"excerpt":{"rendered":"<p>T\u00fcrk Ortodoks Toplulu\u011fu, ya\u015fanan uyu\u015fmazl\u0131klar nedeniyle Ba\u011f\u0131ms\u0131z T\u00fcrk Ortodoks Patrikhanesi ile yollar\u0131n\u0131 ay\u0131rd\u0131\u011f\u0131n\u0131 a\u00e7\u0131klad\u0131.\u00a0Patrikhane kelam konusu toplulu\u011fun kendileriyle hi\u00e7bir ba\u011f\u0131 olmad\u0131\u011f\u0131n\u0131 s\u00f6yledi.<\/p>\n","protected":false},"author":1,"featured_media":88956,"comment_status":"open","ping_status":"open","sticky":false,"template":"","format":"standard","meta":{"footnotes":""},"categories":[25],"tags":[7607,9671,9670],"class_list":["post-88955","post","type-post","status-publish","format-standard","has-post-thumbnail","hentry","category-gundem","tag-bagimsiz","tag-toplulugu","tag-turk-ortodoks"],"_links":{"self":[{"href":"https:\/\/ikimisli.tr\/index.php\/wp-json\/wp\/v2\/posts\/88955","targetHints":{"allow":["GET"]}}],"collection":[{"href":"https:\/\/ikimisli.tr\/index.php\/wp-json\/wp\/v2\/posts"}],"about":[{"href":"https:\/\/ikimisli.tr\/index.php\/wp-json\/wp\/v2\/types\/post"}],"author":[{"embeddable":true,"href":"https:\/\/ikimisli.tr\/index.php\/wp-json\/wp\/v2\/users\/1"}],"replies":[{"embeddable":true,"href":"https:\/\/ikimisli.tr\/index.php\/wp-json\/wp\/v2\/comments?post=88955"}],"version-history":[{"count":1,"href":"https:\/\/ikimisli.tr\/index.php\/wp-json\/wp\/v2\/posts\/88955\/revisions"}],"predecessor-version":[{"id":88960,"href":"https:\/\/ikimisli.tr\/index.php\/wp-json\/wp\/v2\/posts\/88955\/revisions\/88960"}],"wp:featuredmedia":[{"embeddable":true,"href":"https:\/\/ikimisli.tr\/index.php\/wp-json\/wp\/v2\/media\/88956"}],"wp:attachment":[{"href":"https:\/\/ikimisli.tr\/index.php\/wp-json\/wp\/v2\/media?parent=88955"}],"wp:term":[{"taxonomy":"category","embeddable":true,"href":"https:\/\/ikimisli.tr\/index.php\/wp-json\/wp\/v2\/categories?post=88955"},{"taxonomy":"post_tag","embeddable":true,"href":"https:\/\/ikimisli.tr\/index.php\/wp-json\/wp\/v2\/tags?post=88955"}],"curies":[{"name":"wp","href":"https:\/\/api.w.org\/{rel}","templated":true}]}}