{"id":88964,"date":"2026-01-12T19:36:06","date_gmt":"2026-01-12T19:36:06","guid":{"rendered":"https:\/\/ikimisli.tr\/?p=88964"},"modified":"2026-01-12T19:36:06","modified_gmt":"2026-01-12T19:36:06","slug":"kararnameni-geri-cek","status":"publish","type":"post","link":"https:\/\/ikimisli.tr\/index.php\/2026\/01\/12\/kararnameni-geri-cek\/","title":{"rendered":"&#8216;Kararnameni geri \u00e7ek!&#8217;"},"content":{"rendered":"<p>Mu\u011fla\u2019n\u0131n Milas il\u00e7esine ba\u011fl\u0131 \u0130kizk\u00f6y Akbelen\u2019de k\u00f6yl\u00fcler, ivedi kamula\u015ft\u0131rma karar\u0131na kar\u015f\u0131 k\u00f6y meydan\u0131nda bir ortaya gelerek reaksiyon g\u00f6sterdi. \u0130kizk\u00f6y Etraf Komitesi S\u00f6zc\u00fcs\u00fc Esra I\u015f\u0131k, \u0130kizk\u00f6y Mahalle Muhtar\u0131 Nejla I\u015f\u0131k, Karacahisar Muhtar\u0131 Mehmet Ali Y\u0131ld\u0131r\u0131m, muhtarlar ve k\u00f6yl\u00fcler izlenecek yol haritas\u0131n\u0131 konu\u015ftu.<\/p>\n<p><img decoding=\"async\" src=\"https:\/\/ikimisli.tr\/wp-content\/uploads\/2026\/01\/kararnameni-geri-cek-0-lEpGBgQz.jpg\"\/><\/p>\n<p><strong>D\u0130REN\u0130\u015e S\u00dcRECEK<\/strong><\/p>\n<p>Esra I\u015f\u0131k, Cumhurba\u015fkan\u0131 Erdo\u011fan\u2019a seslenerek, \u201cCumhurba\u015fkan\u0131m imzay\u0131 da kararnameyi de geri \u00e7ekin. Madene verecek topra\u011f\u0131m\u0131z yok, k\u00f6y\u00fcm\u00fczden ayr\u0131lmay\u0131z. Tarlam\u0131za o \u015firketleri asla sokmayaca\u011f\u0131z\u201d dedi. I\u015f\u0131k, maden yasas\u0131n\u0131 ve tez kamula\u015ft\u0131rma karar\u0131n\u0131 tan\u0131madan direni\u015fi s\u00fcrd\u00fcreceklerini vurgulad\u0131.<br \/>K\u00f6y meydan\u0131nda toplanan k\u00f6yl\u00fcler g\u00f6zya\u015flar\u0131 i\u00e7inde, \u201cBurada do\u011fduk, burada \u00f6lece\u011fiz. Topra\u011f\u0131m\u0131z\u0131 al\u0131rlarsa ne yiyece\u011fiz?\u201d diye konu\u015ftular.<\/p>\n<p>\u0130kizk\u00f6y Mahalle Muhtar\u0131 Nejla I\u015f\u0131k da ortak a\u00e7\u0131klamada, \u201cBu topraklar\u0131 kimse bize alt\u0131n tepside vermedi. Emekle kazand\u0131k. Bir imzayla elimizden al\u0131nmas\u0131na m\u00fcsaade vermeyece\u011fiz. \u00d6lmek var, d\u00f6nmek yok\u201d s\u00f6zlerini kulland\u0131.<\/p>\n","protected":false},"excerpt":{"rendered":"<p>Akbelenliler \u201cMadene verece\u011fimiz topra\u011f\u0131m\u0131z yok\u201d diyerek hayk\u0131rd\u0131: K\u00f6y\u00fcm\u00fczden ayr\u0131lmay\u0131z, tarlam\u0131za o \u015firketleri asla sokmayaca\u011f\u0131z.<\/p>\n","protected":false},"author":1,"featured_media":88965,"comment_status":"open","ping_status":"open","sticky":false,"template":"","format":"standard","meta":{"footnotes":""},"categories":[25],"tags":[4540,887],"class_list":["post-88964","post","type-post","status-publish","format-standard","has-post-thumbnail","hentry","category-gundem","tag-isik","tag-koy"],"_links":{"self":[{"href":"https:\/\/ikimisli.tr\/index.php\/wp-json\/wp\/v2\/posts\/88964","targetHints":{"allow":["GET"]}}],"collection":[{"href":"https:\/\/ikimisli.tr\/index.php\/wp-json\/wp\/v2\/posts"}],"about":[{"href":"https:\/\/ikimisli.tr\/index.php\/wp-json\/wp\/v2\/types\/post"}],"author":[{"embeddable":true,"href":"https:\/\/ikimisli.tr\/index.php\/wp-json\/wp\/v2\/users\/1"}],"replies":[{"embeddable":true,"href":"https:\/\/ikimisli.tr\/index.php\/wp-json\/wp\/v2\/comments?post=88964"}],"version-history":[{"count":1,"href":"https:\/\/ikimisli.tr\/index.php\/wp-json\/wp\/v2\/posts\/88964\/revisions"}],"predecessor-version":[{"id":88967,"href":"https:\/\/ikimisli.tr\/index.php\/wp-json\/wp\/v2\/posts\/88964\/revisions\/88967"}],"wp:featuredmedia":[{"embeddable":true,"href":"https:\/\/ikimisli.tr\/index.php\/wp-json\/wp\/v2\/media\/88965"}],"wp:attachment":[{"href":"https:\/\/ikimisli.tr\/index.php\/wp-json\/wp\/v2\/media?parent=88964"}],"wp:term":[{"taxonomy":"category","embeddable":true,"href":"https:\/\/ikimisli.tr\/index.php\/wp-json\/wp\/v2\/categories?post=88964"},{"taxonomy":"post_tag","embeddable":true,"href":"https:\/\/ikimisli.tr\/index.php\/wp-json\/wp\/v2\/tags?post=88964"}],"curies":[{"name":"wp","href":"https:\/\/api.w.org\/{rel}","templated":true}]}}