{"id":89092,"date":"2026-01-13T03:36:09","date_gmt":"2026-01-13T03:36:09","guid":{"rendered":"https:\/\/ikimisli.tr\/?p=89092"},"modified":"2026-01-13T03:36:09","modified_gmt":"2026-01-13T03:36:09","slug":"avrupanin-ortasindaki-ulkeyi-kimse-ne-taniyor-ne-sayiyor-pasaportu-var-ama-gecersiz","status":"publish","type":"post","link":"https:\/\/ikimisli.tr\/index.php\/2026\/01\/13\/avrupanin-ortasindaki-ulkeyi-kimse-ne-taniyor-ne-sayiyor-pasaportu-var-ama-gecersiz\/","title":{"rendered":"Avrupa&#8217;n\u0131n ortas\u0131ndaki \u00fclkeyi kimse ne tan\u0131yor ne say\u0131yor: Pasaportu var ama ge\u00e7ersiz"},"content":{"rendered":"<p>&#8216;Ya\u015fayan Sovyet kal\u0131nt\u0131s\u0131&#8217; olarak bilinen Transdinyester&#8217;de yakla\u015f\u0131k yar\u0131m milyon insan\u0131n en b\u00fcy\u00fck sorunu, memleketler aras\u0131 alanda tan\u0131nmayan bir kimli\u011fe sahip olmas\u0131. Bu durum, b\u00f6lge halk\u0131n\u0131 &#8220;\u00e7oklu vatanda\u015fl\u0131\u011fa&#8221; zorlamakta.<\/p>\n<p>\u00dclkede 200 binden fazla ki\u015fi Rusya pasaportu ta\u015f\u0131rken, seyahat edebilmek i\u00e7in Ukrayna ve Moldova pasaportuna sahip olanlar\u0131n say\u0131s\u0131 da az de\u011fil. Halk\u0131n b\u00fcy\u00fck \u00e7o\u011funlu\u011fu kendisini k\u00fclt\u00fcrel olarak Rusya&#8217;ya yak\u0131n hissetse de b\u00f6lgenin lokal danslar\u0131 ve m\u00fczik t\u0131n\u0131lar\u0131 Moldova ve Romanya k\u00fclt\u00fcr\u00fcyle i\u00e7 i\u00e7e ge\u00e7mi\u015f durumda.<\/p>\n<p><img decoding=\"async\" src=\"https:\/\/ikimisli.tr\/wp-content\/uploads\/2026\/01\/avrupanin-ortasindaki-ulkeyi-kimse-ne-taniyor-ne-sayiyor-pasaportu-var-ama-gecersiz-0-yZKqzUpP.png\"\/><\/p>\n<p><b>EKONOM\u0130 OLARAK RUSYA&#8217;YA BA\u011eIMLI<\/b><\/p>\n<p>B\u00f6lge iktisad\u0131, \u00f6zg\u00fcr piyasa kurallar\u0131ndan fazla siyasi dayanak ve tekelci yap\u0131lar \u00fczerinde y\u00fckseliyor. Rus yard\u0131mlar\u0131yla ayakta kalan bu \u00fclkeye,\u00a0her y\u0131l yakla\u015f\u0131k 1 milyar dolar fiyat\u0131nda finansal yard\u0131m ve \u00fccretsiz do\u011falgaz sa\u011flan\u0131yor.<\/p>\n<p><strong>Sheriff Holding Tesiri:<\/strong> Eski istihbarat g\u00f6revlileriyle irtibatl\u0131 oldu\u011fu bilinen Sheriff \u015firketi; marketlerden akaryak\u0131t istasyonlar\u0131na, bankalardan d\u00fcnyaca \u00fcnl\u00fc Sheriff futbol kul\u00fcb\u00fcne kadar iktisad\u0131n her damar\u0131na hakim.<\/p>\n<p><img decoding=\"async\" src=\"https:\/\/ikimisli.tr\/wp-content\/uploads\/2026\/01\/avrupanin-ortasindaki-ulkeyi-kimse-ne-taniyor-ne-sayiyor-pasaportu-var-ama-gecersiz-1-zhOb4YJ5.png\"\/><\/p>\n<p><strong>\u0130hracat ve Ticaret: <\/strong>Siyasilerin Bat\u0131 aksisi telaffuzlar\u0131na kar\u015f\u0131n, b\u00f6lgedeki ihracat\u0131n d\u00f6rtte \u00fc\u00e7\u00fc Avrupa Birli\u011fi ve Moldova pazar\u0131na gidiyor. Lakin bu ticaret hacmi, devasa b\u00fct\u00e7e a\u00e7\u0131klar\u0131n\u0131 kapatmaya yetmiyoR.<\/p>\n<p><img decoding=\"async\" src=\"https:\/\/ikimisli.tr\/wp-content\/uploads\/2026\/01\/avrupanin-ortasindaki-ulkeyi-kimse-ne-taniyor-ne-sayiyor-pasaportu-var-ama-gecersiz-2-yUIpk1Wx.png\"\/><\/p>\n<p><b>S\u0130YAS\u0130 B\u0130R B\u00d6L\u00dcNM\u00dc\u015eL\u00dcK \u0130\u00c7ER\u0130S\u0130NDELER<\/b><\/p>\n<p>B\u00f6lge idaresi ve Tiraspol&#8217;deki \u00e7o\u011funluk, Rusya&#8217;ya ba\u011flanmay\u0131 bir &#8220;kurtulu\u015f&#8221; olarak g\u00f6r\u00fcyor. 2006 referandumunda \u00e7\u0131kan %97\u2019lik Rusya yanl\u0131s\u0131 sonu\u00e7 bu dile\u011fin en b\u00fcy\u00fck deste\u011fi. Lakin bu iste\u011fin \u00f6n\u00fcnde fizik\u00ee bir mani bulunuyor: Rusya ile rastgele bir kara hududunun bulunmamas\u0131.<\/p>\n<p>Di\u011fer yandan b\u00f6lgenin her yerinde Rus yanl\u0131s\u0131 bir tav\u0131r hakim de\u011fil. Bilhassa Grigoriopol \u00fczere b\u00f6lgelerde ya\u015fayan kimi vatanda\u015flar, ge\u00e7mi\u015fte Moldova&#8217;n\u0131n toprak b\u00fct\u00fcnl\u00fc\u011f\u00fc i\u00e7in sava\u015fm\u0131\u015f ve geleceklerini Rusya\u2019da de\u011fil Avrupa Birli\u011fi\u2019nde g\u00f6r\u00fcyor.<\/p>\n<p><b>OKULLAR S\u0130YAS\u0130 BASKI ALTINDA<\/b><\/p>\n<p>Transdinyester&#8217;deki de facto idare, vakit zaman \u00f6nemli hak ihlalleriyle g\u00fcndeme geliyor. Promo-Lex \u00fczere hukuk \u00f6rg\u00fctleri, b\u00f6lgedeki yarg\u0131lamalar\u0131n keyfili\u011fine ve tutuklulara y\u00f6nelik azap savlar\u0131na dikkat \u00e7ekiyor. Ayr\u0131yeten, Moldova lisan\u0131nda e\u011fitim veren okullar\u0131n siyasi bask\u0131 alt\u0131nda kalmas\u0131 ve \u00f6\u011fretmenlerin maa\u015flar\u0131na el konulmas\u0131 \u00fczere uygulamalar, b\u00f6lgedeki k\u00fclt\u00fcrel ayr\u0131\u015fmay\u0131 derinle\u015ftirmi\u015f durumda.<\/p>\n","protected":false},"excerpt":{"rendered":"<p>Moldova ile Ukrayna sonlar\u0131 ortas\u0131nda s\u0131k\u0131\u015fm\u0131\u015f, yakla\u015f\u0131k 4.000 kilometrekarelik bir kara mod\u00fcl\u00fc olan Transdinyester, otuz y\u0131l\u0131 a\u015fk\u0131n m\u00fcddettir d\u00fcnyan\u0131n en karma\u015f\u0131k &#8220;dondurulmu\u015f \u00e7at\u0131\u015fma&#8221; b\u00f6lgelerinden biri olmaya devam ediyor. T\u00fcrel olarak Moldova\u2019ya ba\u011fl\u0131 olan lakin fiilen Rusya\u2019n\u0131n denetiminde hareket eden bu b\u00f6lge, \u00e7a\u011fda\u015f d\u00fcnyan\u0131n siyasi ve ekonomik paradokslar\u0131n\u0131 b\u00fcnyesinde bar\u0131nd\u0131r\u0131yor. \u0130\u015fte kimsenin tan\u0131mad\u0131\u011f\u0131 bilmedi\u011fi Transdinyester hakk\u0131nda farkl\u0131 ayr\u0131nt\u0131lar<\/p>\n","protected":false},"author":1,"featured_media":89093,"comment_status":"open","ping_status":"open","sticky":false,"template":"","format":"standard","meta":{"footnotes":""},"categories":[43],"tags":[1655,2396,566],"class_list":["post-89092","post","type-post","status-publish","format-standard","has-post-thumbnail","hentry","category-dunya","tag-bolge","tag-moldova","tag-rusya"],"_links":{"self":[{"href":"https:\/\/ikimisli.tr\/index.php\/wp-json\/wp\/v2\/posts\/89092","targetHints":{"allow":["GET"]}}],"collection":[{"href":"https:\/\/ikimisli.tr\/index.php\/wp-json\/wp\/v2\/posts"}],"about":[{"href":"https:\/\/ikimisli.tr\/index.php\/wp-json\/wp\/v2\/types\/post"}],"author":[{"embeddable":true,"href":"https:\/\/ikimisli.tr\/index.php\/wp-json\/wp\/v2\/users\/1"}],"replies":[{"embeddable":true,"href":"https:\/\/ikimisli.tr\/index.php\/wp-json\/wp\/v2\/comments?post=89092"}],"version-history":[{"count":1,"href":"https:\/\/ikimisli.tr\/index.php\/wp-json\/wp\/v2\/posts\/89092\/revisions"}],"predecessor-version":[{"id":89097,"href":"https:\/\/ikimisli.tr\/index.php\/wp-json\/wp\/v2\/posts\/89092\/revisions\/89097"}],"wp:featuredmedia":[{"embeddable":true,"href":"https:\/\/ikimisli.tr\/index.php\/wp-json\/wp\/v2\/media\/89093"}],"wp:attachment":[{"href":"https:\/\/ikimisli.tr\/index.php\/wp-json\/wp\/v2\/media?parent=89092"}],"wp:term":[{"taxonomy":"category","embeddable":true,"href":"https:\/\/ikimisli.tr\/index.php\/wp-json\/wp\/v2\/categories?post=89092"},{"taxonomy":"post_tag","embeddable":true,"href":"https:\/\/ikimisli.tr\/index.php\/wp-json\/wp\/v2\/tags?post=89092"}],"curies":[{"name":"wp","href":"https:\/\/api.w.org\/{rel}","templated":true}]}}