{"id":89131,"date":"2026-01-13T05:48:04","date_gmt":"2026-01-13T05:48:04","guid":{"rendered":"https:\/\/ikimisli.tr\/?p=89131"},"modified":"2026-01-13T05:48:04","modified_gmt":"2026-01-13T05:48:04","slug":"ikea-7-buyuk-magazasini-kapatiyor-kuculme-karari-aldi","status":"publish","type":"post","link":"https:\/\/ikimisli.tr\/index.php\/2026\/01\/13\/ikea-7-buyuk-magazasini-kapatiyor-kuculme-karari-aldi\/","title":{"rendered":"IKEA 7 b\u00fcy\u00fck ma\u011fazas\u0131n\u0131 kapat\u0131yor: K\u00fc\u00e7\u00fclme karar\u0131 ald\u0131"},"content":{"rendered":"<p>Emlak krizinin konut talebini vurmas\u0131 ve dijital rekabetin k\u0131z\u0131\u015fmas\u0131, \u0130sve\u00e7li devin rotas\u0131n\u0131 dev ma\u011fazalardan k\u00fc\u00e7\u00fck konseptli sat\u0131\u015f noktalar\u0131na \u00e7evirmesine neden oldu.<\/p>\n<p><strong>2 \u015eUBAT PREST\u0130J\u0130YLE KEPENK KAPATIYORLAR<\/strong><\/p>\n<p>IKEA taraf\u0131ndan yap\u0131lan resmi a\u00e7\u0131klamaya nazaran, yedi b\u00fcy\u00fck formatl\u0131 ma\u011fazada faaliyetler 2 \u015eubat 2026 prestijiyle b\u00fcsb\u00fct\u00fcn sona erecek. \u015eirket, bu b\u00fcy\u00fck merkezleri kapat\u0131rken e\u015f vakitli olarak yeni bir b\u00fcy\u00fcme modeli devreye al\u0131yor. \u00d6n\u00fcm\u00fczdeki iki y\u0131l i\u00e7inde Pekin ve Shenzhen \u00fczere kentlerde yakla\u015f\u0131k 12 adet &#8220;k\u00fc\u00e7\u00fck formatl\u0131&#8221; ma\u011faza a\u00e7\u0131lmas\u0131 planlan\u0131yor.<\/p>\n<p>Bu at\u0131l\u0131m sonras\u0131nda IKEA, \u00c7in genelinde 34 fizik\u00ee ma\u011faza ve dijital sat\u0131\u015f kanallar\u0131 \u00fczerinden hizmet vermeye devam edecek.<\/p>\n<p><strong>EMLAK KR\u0130Z\u0130 VE MAHALL\u00ce REKABET TALEB\u0130 D\u00dc\u015e\u00dcRD\u00dc<\/strong><\/p>\n<p>IKEA\u2019n\u0131n bu karar\u0131n\u0131n gerisinde \u00c7in\u2019de derinle\u015fen emlak krizi yat\u0131yor. Yeni konut sat\u0131\u015flar\u0131n\u0131n azalmas\u0131, mobilya ve dekorasyon eserlerine olan talebi direkt etkiledi. Ayr\u0131yeten, daha d\u00fc\u015f\u00fck fiyatl\u0131 lokal \u00fcreticilerin ve \u00e7evrim i\u00e7i markalar\u0131n pazar hissesini art\u0131rmas\u0131, dev ma\u011fazalar\u0131n y\u00fcksek i\u015fletme maliyetlerini s\u00fcrd\u00fcr\u00fclemez hale getirdi.<\/p>\n<p>\u015eirket, kaynaklar\u0131n\u0131 t\u00fcketicilere daha yak\u0131n olan ve daha az maliyetli k\u00fc\u00e7\u00fck sat\u0131\u015f noktalar\u0131na y\u00f6nlendirmeyi hedefliyor.<\/p>\n<p><strong>D\u0130J\u0130TAL D\u00d6N\u00dc\u015e\u00dcM VE ANINDA TESL\u0130MAT D\u00d6NEM\u0130<\/strong><\/p>\n<p>K\u00fc\u00e7\u00fck formatl\u0131 ma\u011fazalara ge\u00e7i\u015f, IKEA&#8217;n\u0131n global stratejisinin bir mod\u00fcl\u00fc olarak teslimat m\u00fcddetlerini k\u0131saltmay\u0131 ama\u00e7l\u0131yor. \u015eirket, operasyonel surat\u0131n\u0131 art\u0131rmak i\u00e7in \u00c7inli e-ticaret devi JD.com ile stratejik bir i\u015f birli\u011fine gitti. Bu payda\u015fl\u0131k sayesinde yedi b\u00fcy\u00fck kentte IKEA eserleri i\u00e7in &#8220;an\u0131nda teslimat&#8221; hizmeti sunulacak.<\/p>\n<p>\u00c7in pazar\u0131, IKEA\u2019n\u0131n toplam sat\u0131\u015flar\u0131 i\u00e7indeki hissesi azalsa da hala markan\u0131n d\u00fcnyadaki en b\u00fcy\u00fck 10 pazar\u0131 ortas\u0131nda yer al\u0131yor. \u015eirket, bu atakla fizik\u00ee devlikten dijital \u00e7evikli\u011fe ge\u00e7erek b\u00f6lgedeki varl\u0131\u011f\u0131n\u0131 m\u00fcdafaay\u0131 ama\u00e7l\u0131yor.<\/p>\n","protected":false},"excerpt":{"rendered":"<p>D\u00fcnya mobilya devi IKEA, en b\u00fcy\u00fck pazarlar\u0131ndan biri olan \u00c7in&#8217;de stratejik bir k\u00fc\u00e7\u00fclme ve tekrar yap\u0131lanma karar\u0131 ald\u0131. \u015eirket, de\u011fi\u015fen t\u00fcketici al\u0131\u015fkanl\u0131klar\u0131 ve b\u00f6lgedeki ekonomik dalgalanmalar nedeniyle \u015eanghay, Guangzhou ve Tianjin \u00fczere metropollerdeki 7 dev ma\u011fazas\u0131n\u0131 kapat\u0131yor.<\/p>\n","protected":false},"author":1,"featured_media":89132,"comment_status":"open","ping_status":"open","sticky":false,"template":"","format":"standard","meta":{"footnotes":""},"categories":[43],"tags":[5141,9678,1103,290],"class_list":["post-89131","post","type-post","status-publish","format-standard","has-post-thumbnail","hentry","category-dunya","tag-dev","tag-ikea","tag-magaza","tag-satis"],"_links":{"self":[{"href":"https:\/\/ikimisli.tr\/index.php\/wp-json\/wp\/v2\/posts\/89131","targetHints":{"allow":["GET"]}}],"collection":[{"href":"https:\/\/ikimisli.tr\/index.php\/wp-json\/wp\/v2\/posts"}],"about":[{"href":"https:\/\/ikimisli.tr\/index.php\/wp-json\/wp\/v2\/types\/post"}],"author":[{"embeddable":true,"href":"https:\/\/ikimisli.tr\/index.php\/wp-json\/wp\/v2\/users\/1"}],"replies":[{"embeddable":true,"href":"https:\/\/ikimisli.tr\/index.php\/wp-json\/wp\/v2\/comments?post=89131"}],"version-history":[{"count":1,"href":"https:\/\/ikimisli.tr\/index.php\/wp-json\/wp\/v2\/posts\/89131\/revisions"}],"predecessor-version":[{"id":89133,"href":"https:\/\/ikimisli.tr\/index.php\/wp-json\/wp\/v2\/posts\/89131\/revisions\/89133"}],"wp:featuredmedia":[{"embeddable":true,"href":"https:\/\/ikimisli.tr\/index.php\/wp-json\/wp\/v2\/media\/89132"}],"wp:attachment":[{"href":"https:\/\/ikimisli.tr\/index.php\/wp-json\/wp\/v2\/media?parent=89131"}],"wp:term":[{"taxonomy":"category","embeddable":true,"href":"https:\/\/ikimisli.tr\/index.php\/wp-json\/wp\/v2\/categories?post=89131"},{"taxonomy":"post_tag","embeddable":true,"href":"https:\/\/ikimisli.tr\/index.php\/wp-json\/wp\/v2\/tags?post=89131"}],"curies":[{"name":"wp","href":"https:\/\/api.w.org\/{rel}","templated":true}]}}