{"id":89344,"date":"2026-01-13T18:00:11","date_gmt":"2026-01-13T18:00:11","guid":{"rendered":"https:\/\/ikimisli.tr\/?p=89344"},"modified":"2026-01-13T18:00:11","modified_gmt":"2026-01-13T18:00:11","slug":"aleviler-ifadesi-tepki-ceken-akpli-isimden-hz-ali-hamlesi","status":"publish","type":"post","link":"https:\/\/ikimisli.tr\/index.php\/2026\/01\/13\/aleviler-ifadesi-tepki-ceken-akpli-isimden-hz-ali-hamlesi\/","title":{"rendered":"&#8216;Aleviler&#8217; ifadesi tepki \u00e7eken AKP&#8217;li isimden &#8216;Hz. Ali&#8217; hamlesi"},"content":{"rendered":"<p>TBMM\u2019de yapt\u0131\u011f\u0131 konu\u015fmada, &#8220;Suriye\u2019de M\u00fcsl\u00fcmanlar katledilirken sessiz kalanlar, bug\u00fcn \u2018Aleviler \u00f6ld\u00fcr\u00fcl\u00fcyor\u2019 diyerek ortal\u0131\u011f\u0131 aya\u011fa kald\u0131r\u0131yor&#8221; s\u00f6zleri tart\u0131\u015fma konusu olan AKP K\u00fcme Ba\u015fkanvekili Leyla \u015eahin Usta&#8217;dan dikkat \u00e7eken bir payla\u015f\u0131m geldi.<\/p>\n<p>AKP K\u00fcme Ba\u015fkanvekili Usta, H\u00fcseyin Gazi Tekkesi\u2019ni ziyaretini toplumsal medya hesab\u0131ndan payla\u015ft\u0131.<\/p>\n<p>Usta&#8217;n\u0131n Hz. Ali portresiyle verdi\u011fi poz da dikkat \u00e7ekti.<\/p>\n<p><img decoding=\"async\" src=\"https:\/\/ikimisli.tr\/wp-content\/uploads\/2026\/01\/aleviler-ifadesi-tepki-ceken-akpli-isimden-hz-ali-hamlesi-0-JNErRq59.jpg\"\/><\/p>\n<p>AKP\u2019li Leyla \u015eahin Usta\u2019n\u0131n ziyarete ait a\u00e7\u0131klamas\u0131 \u015f\u00f6yle:<\/p>\n<p>&#8220;<em>Bizim g\u00f6nl\u00fcm\u00fczde de siyasetimizde de ayr\u0131m asla olmad\u0131, olmayacak.<\/em><\/p>\n<p><em>\u00c7\u00fcnk\u00fc biz, alemlere rahmet olarak g\u00f6nderilen Hz. Muhammed\u2019in (s.a.v) \u201cM\u00fcminler fakat karde\u015ftir\u201d \u00f6\u011f\u00fcd\u00fcn\u00fc rehber edindik.<\/em><\/p>\n<p><em>\u00c7\u00fcnk\u00fc biz, hakk\u0131 savunmay\u0131, mazlumun yan\u0131nda dimdik durmay\u0131 \u00f6\u011freten Hz. Ali\u2019nin yolundan y\u00fcr\u00fcmeyi gurur bildik.<\/em><\/p>\n<p><em>23 y\u0131ld\u0131r \u00fclkemizi b\u00f6lmek isteyen t\u00fcm \u015fer odaklar\u0131na, nifak tohumlar\u0131 ekmek isteyenlere ve ayr\u0131\u015ft\u0131r\u0131c\u0131 siyasetlere kar\u015f\u0131n; birli\u011fimizi ve beraberli\u011fimizi koruduk, t\u0131pk\u0131 kararl\u0131l\u0131kla da muhafazaya devam edece\u011fiz.<\/em><\/p>\n<p><em>\u00c7\u00fcnk\u00fc bizim mayam\u0131z karde\u015fliktir, bizim harc\u0131m\u0131z adalettir.<\/em><\/p>\n<p><em>T\u00fcrk\u00fcyle, K\u00fcrd\u00fcyle, Alevisiyle, S\u00fcnnisiyle, Zazas\u0131yla, Laz\u0131yla, \u00c7erkeziyle;<\/em><\/p>\n<p><em>ayn\u0131 hilalin alt\u0131nda, t\u0131pk\u0131 k\u0131bleye y\u00f6nelen, birebir vatan topra\u011f\u0131n\u0131 kutsal bilen b\u00fcy\u00fck bir aileyiz.<\/em><\/p>\n<p><em>Bizim i\u00e7in isimler, k\u00f6kenler, farkl\u0131l\u0131klar de\u011fil; insan olmak, karde\u015f olmak ve bir olmak temeldir.<\/em><\/p>\n<p><em>Hz. Muhammed\u2019in (s.a.v) \u00fcmmet anlay\u0131\u015f\u0131yla,<\/em><\/p>\n<p><em>Hz. Ali\u2019nin sadakat miras\u0131yla;<\/em><\/p>\n<p><em>fitneye kar\u015f\u0131 birlik, ayr\u0131l\u0131\u011fa kar\u015f\u0131 karde\u015flik, zulme kar\u015f\u0131 dayan\u0131\u015fma demeye devam edece\u011fiz.<\/em><\/p>\n<p><em>Bug\u00fcn oldu\u011fu \u00fczere yar\u0131n da,<\/em><\/p>\n<p><em>karde\u015flerimizin yan\u0131nda olmaktan asla geri durmayaca\u011f\u0131z.<\/em><\/p>\n<p><em>\u00c7\u00fcnk\u00fc biz, ayr\u0131\u015ft\u0131ranlardan de\u011fil; birle\u015ftirenlerden olduk.<\/em><\/p>\n<p><em>Bizi g\u00f6n\u00fcllerine konuk eden H\u00fcseyin \u00d6z Dedemize ve Canlara te\u015fekk\u00fcr ederiz.<\/em>&#8220;<\/p>\n<p><img decoding=\"async\" src=\"https:\/\/ikimisli.tr\/wp-content\/uploads\/2026\/01\/aleviler-ifadesi-tepki-ceken-akpli-isimden-hz-ali-hamlesi-1-bDgT72qO.png\"\/><\/p>\n","protected":false},"excerpt":{"rendered":"<p>Meclis&#8217;te kulland\u0131\u011f\u0131 &#8220;Suriye&#8217;de Aleviler \u00f6ld\u00fcr\u00fcl\u00fcyor diye ortal\u0131k aya\u011fa kald\u0131r\u0131l\u0131yor&#8221; s\u00f6zleri reaksiyon \u00e7eken AKP&#8217;li Leyla \u015eahin Usta&#8217;n\u0131n Hz. Ali portresiyle poz vermesi dikkat \u00e7ekti.<\/p>\n","protected":false},"author":1,"featured_media":89345,"comment_status":"open","ping_status":"open","sticky":false,"template":"","format":"standard","meta":{"footnotes":""},"categories":[25],"tags":[2802,2141],"class_list":["post-89344","post","type-post","status-publish","format-standard","has-post-thumbnail","hentry","category-gundem","tag-bizi","tag-kardes"],"_links":{"self":[{"href":"https:\/\/ikimisli.tr\/index.php\/wp-json\/wp\/v2\/posts\/89344","targetHints":{"allow":["GET"]}}],"collection":[{"href":"https:\/\/ikimisli.tr\/index.php\/wp-json\/wp\/v2\/posts"}],"about":[{"href":"https:\/\/ikimisli.tr\/index.php\/wp-json\/wp\/v2\/types\/post"}],"author":[{"embeddable":true,"href":"https:\/\/ikimisli.tr\/index.php\/wp-json\/wp\/v2\/users\/1"}],"replies":[{"embeddable":true,"href":"https:\/\/ikimisli.tr\/index.php\/wp-json\/wp\/v2\/comments?post=89344"}],"version-history":[{"count":1,"href":"https:\/\/ikimisli.tr\/index.php\/wp-json\/wp\/v2\/posts\/89344\/revisions"}],"predecessor-version":[{"id":89348,"href":"https:\/\/ikimisli.tr\/index.php\/wp-json\/wp\/v2\/posts\/89344\/revisions\/89348"}],"wp:featuredmedia":[{"embeddable":true,"href":"https:\/\/ikimisli.tr\/index.php\/wp-json\/wp\/v2\/media\/89345"}],"wp:attachment":[{"href":"https:\/\/ikimisli.tr\/index.php\/wp-json\/wp\/v2\/media?parent=89344"}],"wp:term":[{"taxonomy":"category","embeddable":true,"href":"https:\/\/ikimisli.tr\/index.php\/wp-json\/wp\/v2\/categories?post=89344"},{"taxonomy":"post_tag","embeddable":true,"href":"https:\/\/ikimisli.tr\/index.php\/wp-json\/wp\/v2\/tags?post=89344"}],"curies":[{"name":"wp","href":"https:\/\/api.w.org\/{rel}","templated":true}]}}