{"id":89389,"date":"2026-01-14T07:24:11","date_gmt":"2026-01-14T07:24:11","guid":{"rendered":"https:\/\/ikimisli.tr\/?p=89389"},"modified":"2026-01-14T07:24:11","modified_gmt":"2026-01-14T07:24:11","slug":"iktidar-kapatti-muhalefet-bastirdi-devlet-hastanesi-yillar-sonra-yeniden-aciliyor","status":"publish","type":"post","link":"https:\/\/ikimisli.tr\/index.php\/2026\/01\/14\/iktidar-kapatti-muhalefet-bastirdi-devlet-hastanesi-yillar-sonra-yeniden-aciliyor\/","title":{"rendered":"\u0130ktidar kapatt\u0131, muhalefet bast\u0131rd\u0131: Devlet hastanesi y\u0131llar sonra yeniden a\u00e7\u0131l\u0131yor"},"content":{"rendered":"<p>Elaz\u0131\u011f\u2019da \u015fehir hastanesi siyasetiyle kent merkezini hastanesiz b\u0131rakan iktidar, y\u0131llard\u0131r bo\u015f tuttu\u011fu eski SSK Hastanesi topra\u011f\u0131 i\u00e7in muhalefetin ve kamuoyunun bask\u0131s\u0131 sonucu geri ad\u0131m att\u0131. 2018\u2019den bu yana at\u0131l durumda b\u0131rak\u0131lan ve s\u0131hhat hizmeti kural\u0131yla ba\u011f\u0131\u015flanan araziye, ikinci basamak devlet hastanesi yap\u0131laca\u011f\u0131 a\u00e7\u0131kland\u0131.<\/p>\n<p><b>MERKEZ HASTANES\u0130Z BIRAKILMI\u015eTI<\/b><\/p>\n<p>Elaz\u0131\u011f\u2019da 1969 y\u0131l\u0131nda hizmete ba\u015flayan ve kentin s\u0131hhat y\u00fck\u00fcn\u00fc y\u0131llarca s\u0131rtlayan eski SSK Hastanesi, kent hastanesinin a\u00e7\u0131lmas\u0131yla kapat\u0131ld\u0131. Fethi Sekin Kent Hastanesi\u2019nin kentin do\u011fusuna ta\u015f\u0131nmas\u0131yla birlikte merkezde kamuya ili\u015fkin hastane kalmamas\u0131, yurtta\u015flar\u0131n reaksiyonuna neden oldu. Sars\u0131nt\u0131 sonras\u0131 \u201c\u00e7\u00fcr\u00fck\u201d gerek\u00e7esiyle y\u0131k\u0131lan hastanenin topra\u011f\u0131 ise 2018 y\u0131l\u0131ndan bu yana bo\u015f b\u0131rak\u0131ld\u0131. Hay\u0131rsever bir yurtta\u015f taraf\u0131ndan s\u0131rf s\u0131hhat hizmetlerinde kullan\u0131lmak kural\u0131yla ba\u011f\u0131\u015flanan topra\u011fa kar\u015f\u0131n, iktidar\u0131n y\u0131llarca ad\u0131m atmamas\u0131 reaksiyon \u00e7ekmi\u015fti. Tekrar hastane imal karar\u0131n\u0131n bilhassa CHP\u2019nin Meclis ve kamuoyu nezdinde y\u00fcr\u00fctt\u00fc\u011f\u00fc bask\u0131 sonucunda g\u00fcndeme geldi\u011fi belirtiliyor.<\/p>\n<p><b>\u201cYIKILDI UZUN M\u00dcHLET BO\u015e ARSA OLARAK BIRAKILDI\u201d<\/b><\/p>\n<p>Elaz\u0131\u011f\u2019\u0131n temel s\u0131k\u0131nt\u0131lar\u0131n\u0131n tahlili i\u00e7in iktidar\u2013muhalefet ayr\u0131m\u0131 g\u00f6zetmeden bir ortaya geldiklerini belirten CHP Elaz\u0131\u011f Milletvekili G\u00fcrsel Erol, \u201c\u0130ktidar partisi, muhalefet partisi ayr\u0131m\u0131 yapmadan kentteki s\u0131k\u0131nt\u0131lar\u0131n tahliline ait ortak akl\u0131n, ortak vicdan\u0131n geli\u015ftirilmesine y\u00f6nelik daima bir ortaday\u0131z. Bir sorunun tahliliyle ilgili farkl\u0131 kan\u0131lar\u0131m\u0131z olsa da ortak noktalarda bulu\u015fabilen bir siyasi anlay\u0131\u015fa sahibiz. Bug\u00fcn SSK Hastanesi\u2019nin arsas\u0131nday\u0131z. Elaz\u0131\u011f\u2019\u0131n tarihiyle \u00f6zde\u015fle\u015fen bu alan yaln\u0131zca s\u0131hhat hizmeti verilen bir arazi de\u011fildi; t\u0131pk\u0131 vakitte b\u00f6lgedeki toplumsal ve ticari hayat\u0131n geli\u015fmesine \u00f6nemli katk\u0131 sunuyordu. Kent hastanesinin yap\u0131lmas\u0131 ve 2020 sars\u0131nt\u0131s\u0131nda binan\u0131n a\u011f\u0131r hasar almas\u0131 sonras\u0131 yap\u0131 \u00e7\u00fcr\u00fck gerek\u00e7esiyle y\u0131k\u0131ld\u0131 ve buras\u0131 uzun m\u00fcddet bo\u015f arsa olarak b\u0131rak\u0131ld\u0131\u201d diye konu\u015ftu.<\/p>\n<p><b>\u201c\u0130K\u0130NC\u0130 BASAMAK HASTANE YAPILMASI MECBUR\u00ce HALE GELM\u0130\u015eT\u0130R\u201d<\/b><\/p>\n<p>Yeni hastane karar\u0131n\u0131n Sa\u011fl\u0131k Bakanl\u0131\u011f\u0131 yat\u0131r\u0131m program\u0131na al\u0131nd\u0131\u011f\u0131n\u0131 belirten Erol, \u201cGeldi\u011fimiz noktada, kent hastanesinin kentin do\u011fusuna, \u00fcniversite hastanesinin ise bat\u0131s\u0131na ta\u015f\u0131nmas\u0131 nedeniyle bu b\u00f6lgede ikinci basamak bir hastanenin yap\u0131lmas\u0131 zarur\u00ee hale gelmi\u015ftir. Bu hem hastalar\u0131n s\u0131hhat hizmetlerine vaktinde ula\u015fabilmesi hem de b\u00f6lgenin toplumsal ve ticari hayat\u0131n\u0131n yine canlanmas\u0131 a\u00e7\u0131s\u0131ndan k\u0131ymetlidir. Biz; be\u015f milletvekili, belediye liderimiz ve valimizle birlikte bu alana ikinci basamak bir hastane yap\u0131lmas\u0131 konusunda ortak bir irade ortaya koyduk. Sa\u011fl\u0131k Bakanl\u0131\u011f\u0131 b\u00fct\u00e7e g\u00f6r\u00fc\u015fmeleri s\u0131ras\u0131nda Say\u0131n Ejder A\u00e7\u0131kkap\u0131 da bu mevzunun k\u0131ymetine komitede dikkat \u00e7ekti. Yeni hastane S\u0131hhat Bakanl\u0131\u011f\u0131\u2019n\u0131n yat\u0131r\u0131m program\u0131na al\u0131nd\u0131 fakat Cumhurba\u015fkanl\u0131\u011f\u0131 Strateji ve B\u00fct\u00e7e Ba\u015fkanl\u0131\u011f\u0131\u2019n\u0131n onay\u0131na muhta\u00e7l\u0131k var. En k\u0131sa m\u00fcddette Cumhurba\u015fkanl\u0131\u011f\u0131 Strateji Ba\u015fkanl\u0131\u011f\u0131 ve Cumhurba\u015fkan\u0131 Yard\u0131mc\u0131s\u0131 ile g\u00f6r\u00fc\u015ferek bu sorunu \u00e7\u00f6zece\u011fiz\u201d tabirlerini kulland\u0131.<\/p>\n","protected":false},"excerpt":{"rendered":"<p>\u015eehir hastanesi siyasetiyle kent merkezini hastanesiz b\u0131rakan iktidar, artan kamuoyu ve muhalefet bask\u0131s\u0131 sonras\u0131 geri ad\u0131m att\u0131. Elaz\u0131\u011f\u2019da 2018\u2019den bu yana at\u0131l b\u0131rak\u0131lan eski SSK Hastanesi arazisine yeni bir devlet hastanesi yap\u0131laca\u011f\u0131 a\u00e7\u0131kland\u0131.<\/p>\n","protected":false},"author":1,"featured_media":89390,"comment_status":"open","ping_status":"open","sticky":false,"template":"","format":"standard","meta":{"footnotes":""},"categories":[25],"tags":[2155,781,3517,150,292],"class_list":["post-89389","post","type-post","status-publish","format-standard","has-post-thumbnail","hentry","category-gundem","tag-arazi","tag-hastane","tag-hastanesi","tag-saglik","tag-yapi"],"_links":{"self":[{"href":"https:\/\/ikimisli.tr\/index.php\/wp-json\/wp\/v2\/posts\/89389","targetHints":{"allow":["GET"]}}],"collection":[{"href":"https:\/\/ikimisli.tr\/index.php\/wp-json\/wp\/v2\/posts"}],"about":[{"href":"https:\/\/ikimisli.tr\/index.php\/wp-json\/wp\/v2\/types\/post"}],"author":[{"embeddable":true,"href":"https:\/\/ikimisli.tr\/index.php\/wp-json\/wp\/v2\/users\/1"}],"replies":[{"embeddable":true,"href":"https:\/\/ikimisli.tr\/index.php\/wp-json\/wp\/v2\/comments?post=89389"}],"version-history":[{"count":1,"href":"https:\/\/ikimisli.tr\/index.php\/wp-json\/wp\/v2\/posts\/89389\/revisions"}],"predecessor-version":[{"id":89391,"href":"https:\/\/ikimisli.tr\/index.php\/wp-json\/wp\/v2\/posts\/89389\/revisions\/89391"}],"wp:featuredmedia":[{"embeddable":true,"href":"https:\/\/ikimisli.tr\/index.php\/wp-json\/wp\/v2\/media\/89390"}],"wp:attachment":[{"href":"https:\/\/ikimisli.tr\/index.php\/wp-json\/wp\/v2\/media?parent=89389"}],"wp:term":[{"taxonomy":"category","embeddable":true,"href":"https:\/\/ikimisli.tr\/index.php\/wp-json\/wp\/v2\/categories?post=89389"},{"taxonomy":"post_tag","embeddable":true,"href":"https:\/\/ikimisli.tr\/index.php\/wp-json\/wp\/v2\/tags?post=89389"}],"curies":[{"name":"wp","href":"https:\/\/api.w.org\/{rel}","templated":true}]}}