{"id":89404,"date":"2026-01-14T08:48:08","date_gmt":"2026-01-14T08:48:08","guid":{"rendered":"https:\/\/ikimisli.tr\/?p=89404"},"modified":"2026-01-14T08:48:08","modified_gmt":"2026-01-14T08:48:08","slug":"deprem-uzmanindan-aliaga-uyarisi","status":"publish","type":"post","link":"https:\/\/ikimisli.tr\/index.php\/2026\/01\/14\/deprem-uzmanindan-aliaga-uyarisi\/","title":{"rendered":"Deprem uzman\u0131ndan &#8216;Alia\u011fa&#8217; uyar\u0131s\u0131"},"content":{"rendered":"<p>Afet ve Acil Durum \u0130daresi Ba\u015fkanl\u0131\u011f\u0131 (AFAD) Deprem Bilim Kurulu \u00dcyesi de olan Prof. Dr. Hasan S\u00f6zbilir, Bal\u0131kesir&#8217;in S\u0131nd\u0131rg\u0131 il\u00e7esinde 10 A\u011fustos&#8217;tan itibaren ba\u015flayan sars\u0131nt\u0131 hareketlili\u011finin azalmaya ba\u015flad\u0131\u011f\u0131n\u0131 s\u00f6yledi.<\/p>\n<p>\u0130zmir&#8217;in Alia\u011fa il\u00e7esindeki G\u00fczelhisar Fay\u0131&#8217;nda da zelzele hareketlili\u011finin ya\u015fand\u0131\u011f\u0131n\u0131 anlatan S\u00f6zbilir, \u015funlar\u0131 kaydetti:<\/p>\n<p>-Fay yakla\u015f\u0131k 25 kilometre uzunlu\u011funda, 6,7 b\u00fcy\u00fckl\u00fc\u011fe varan sars\u0131nt\u0131 \u00fcretme potansiyeline sahip. Bu fay \u00fczerinde yaz aylar\u0131nda bir \u00e7al\u0131\u015fma yapt\u0131k. O \u00e7al\u0131\u015fmada bu fay\u0131n buradaki \u00e7izilenden farkl\u0131 bir \u00f6zelli\u011fe sahip oldu\u011fu ortaya \u00e7\u0131kt\u0131.<\/p>\n<p>-Burada potansiyel faal fay s\u0131n\u0131f\u0131nda bedellendirilen bir fay. Lakin \u015fu anda meydana gelen zelzeleler de bizim a\u00e7t\u0131\u011f\u0131m\u0131z hendekler de bu fay\u0131n daha \u00fcst bir s\u0131n\u0131fa ili\u015fkin oldu\u011funu ortaya koydu. Yani canl\u0131 fay oldu\u011fu anla\u015f\u0131ld\u0131. Canl\u0131 fay s\u0131n\u0131f\u0131na girdi\u011fi i\u00e7in buradaki zelzele aktivitesi de\u011ferli. Fay \u00fczerinde en b\u00fcy\u00fc\u011f\u00fc 3,8 olmak \u00fczere 10&#8217;a yak\u0131n zelzele oldu.<\/p>\n<p>S\u00f6zbilir, sars\u0131nt\u0131lar\u0131n fay\u0131n orta k\u0131s\u0131mlar\u0131nda meydana geldi\u011fini, buradaki hareketlili\u011fin hem AFAD hem de \u00fcniversiteler taraf\u0131ndan takip edildi\u011fini anlatt\u0131.<\/p>\n<p>Yaz aylar\u0131nda G\u00fczelhisar Fay\u0131 \u00fczerinde farkl\u0131 noktalarda hendekler a\u00e7t\u0131klar\u0131n\u0131 an\u0131msatan S\u00f6zbilir, &#8220;Fay son 10 bin y\u0131lda \u00fc\u00e7 defa y\u0131k\u0131c\u0131 zelzelelere neden olmu\u015f. Son zelzelesini milattan sonra 105 y\u0131l\u0131nda \u00fcretmi\u015f. M\u00fcnasebetiyle y\u0131k\u0131c\u0131 sars\u0131nt\u0131 manas\u0131nda yakla\u015f\u0131k 2 bin y\u0131ld\u0131r zelzele \u00fcretmeyen bir fayla kar\u015f\u0131 kar\u015f\u0131yay\u0131z. Hasebiyle fay\u0131n tehlikesinin a\u015fik\u00e2r \u00f6l\u00e7eklerde y\u00fcksek oldu\u011funu s\u00f6yleyebiliyoruz. \u015eu anki devam eden zelzele aktivitesine bakt\u0131\u011f\u0131m\u0131zda k\u00fc\u00e7\u00fck \u00f6l\u00e7ekli zelzeleler oluyor. Bunlar rastgele bir sars\u0131nt\u0131n\u0131n \u00f6nc\u00fc zelzeleleri de olabilir. \u015eu anda bunu s\u00f6ylemek \u00e7ok erken.&#8221; dedi.<\/p>\n<p>S\u00f6zbilir, bu fay\u0131n k\u0131r\u0131lmas\u0131 durumunda bilhassa Alia\u011fa b\u00f6lgesine lokal \u00f6l\u00e7ekte \u00f6nemli ziyan verebilece\u011fini kelamlar\u0131na ekledi.<\/p>\n","protected":false},"excerpt":{"rendered":"<p>Dokuz Eyl\u00fcl \u00dcniversitesi (DE\u00dc) Sars\u0131nt\u0131 Ara\u015ft\u0131rma ve Uygulama Merkezi M\u00fcd\u00fcr\u00fc Prof. Dr. Hasan S\u00f6zbilir, \u0130zmir&#8217;in Alia\u011fa il\u00e7esindeki G\u00fczelhisar Fay\u0131&#8217;nda 5 g\u00fcnde 10&#8217;a yak\u0131n zelzelenin meydana geldi\u011fini, fay\u0131n 6,7 b\u00fcy\u00fckl\u00fc\u011f\u00fcnde zelzele \u00fcretme kapasitesine sahip oldu\u011funu belirtti.<\/p>\n","protected":false},"author":1,"featured_media":89405,"comment_status":"open","ping_status":"open","sticky":false,"template":"","format":"standard","meta":{"footnotes":""},"categories":[25],"tags":[285,1693,7290],"class_list":["post-89404","post","type-post","status-publish","format-standard","has-post-thumbnail","hentry","category-gundem","tag-deprem","tag-fay","tag-sozbilir"],"_links":{"self":[{"href":"https:\/\/ikimisli.tr\/index.php\/wp-json\/wp\/v2\/posts\/89404","targetHints":{"allow":["GET"]}}],"collection":[{"href":"https:\/\/ikimisli.tr\/index.php\/wp-json\/wp\/v2\/posts"}],"about":[{"href":"https:\/\/ikimisli.tr\/index.php\/wp-json\/wp\/v2\/types\/post"}],"author":[{"embeddable":true,"href":"https:\/\/ikimisli.tr\/index.php\/wp-json\/wp\/v2\/users\/1"}],"replies":[{"embeddable":true,"href":"https:\/\/ikimisli.tr\/index.php\/wp-json\/wp\/v2\/comments?post=89404"}],"version-history":[{"count":1,"href":"https:\/\/ikimisli.tr\/index.php\/wp-json\/wp\/v2\/posts\/89404\/revisions"}],"predecessor-version":[{"id":89406,"href":"https:\/\/ikimisli.tr\/index.php\/wp-json\/wp\/v2\/posts\/89404\/revisions\/89406"}],"wp:featuredmedia":[{"embeddable":true,"href":"https:\/\/ikimisli.tr\/index.php\/wp-json\/wp\/v2\/media\/89405"}],"wp:attachment":[{"href":"https:\/\/ikimisli.tr\/index.php\/wp-json\/wp\/v2\/media?parent=89404"}],"wp:term":[{"taxonomy":"category","embeddable":true,"href":"https:\/\/ikimisli.tr\/index.php\/wp-json\/wp\/v2\/categories?post=89404"},{"taxonomy":"post_tag","embeddable":true,"href":"https:\/\/ikimisli.tr\/index.php\/wp-json\/wp\/v2\/tags?post=89404"}],"curies":[{"name":"wp","href":"https:\/\/api.w.org\/{rel}","templated":true}]}}