{"id":89495,"date":"2026-01-14T14:12:13","date_gmt":"2026-01-14T14:12:13","guid":{"rendered":"https:\/\/ikimisli.tr\/?p=89495"},"modified":"2026-01-14T14:12:13","modified_gmt":"2026-01-14T14:12:13","slug":"yesim-akbasin-olumunde-delil-kararttigi-iddiasiyla-2-polis-hakim-karsisina-cikti","status":"publish","type":"post","link":"https:\/\/ikimisli.tr\/index.php\/2026\/01\/14\/yesim-akbasin-olumunde-delil-kararttigi-iddiasiyla-2-polis-hakim-karsisina-cikti\/","title":{"rendered":"Ye\u015fim Akba\u015f&#8217;\u0131n \u00f6l\u00fcm\u00fcnde delil karartt\u0131\u011f\u0131 iddias\u0131yla 2 polis hakim kar\u015f\u0131s\u0131na \u00e7\u0131kt\u0131"},"content":{"rendered":"<p>Manisa\u2019n\u0131n Demirci il\u00e7esinde, polis lojman\u0131nda ba\u015f\u0131ndan vurulmu\u015f halde bulunan 27 ya\u015f\u0131ndaki Ye\u015fim Akba\u015f\u2019\u0131n vefat\u0131na ait kan\u0131tlar\u0131 karartt\u0131klar\u0131 \u00f6ne s\u00fcr\u00fclen polis memurlar\u0131 Fatih K. ve Mehmet K.\u2019nin yarg\u0131lanmas\u0131na ba\u015fland\u0131. \u201cSu\u00e7 kan\u0131tlar\u0131n\u0131 yok etme, gizleme yahut de\u011fi\u015ftirme\u201d su\u00e7lamas\u0131yla Demirci Asliye Ceza Mahkemesi\u2019nde hakim kar\u015f\u0131s\u0131na \u00e7\u0131kan san\u0131klar, su\u00e7lamalar\u0131 reddederek beraat talebinde bulundu.<\/p>\n<p>Duru\u015fma \u00f6ncesinde adliye binas\u0131 ve etraf\u0131nda jandarma tak\u0131mlar\u0131nca geni\u015f g\u00fcvenlik tedbirleri al\u0131nd\u0131. Duru\u015fmaya, Ye\u015fim Akba\u015f\u2019\u0131n annesi Aysun Akba\u015f, babas\u0131 Mustafa Akba\u015f ile ailenin avukat\u0131 Hazal K\u0131sa Bilici kat\u0131ld\u0131.<\/p>\n<p><img decoding=\"async\" src=\"https:\/\/ikimisli.tr\/wp-content\/uploads\/2026\/01\/yesim-akbasin-olumunde-delil-kararttigi-iddiasiyla-2-polis-hakim-karsisina-cikti-0-kAZgj9li.jpg\"\/><\/p>\n<p><b>OLAY 2023\u2019TE POL\u0130S LOJMANINDA YA\u015eANDI<\/b><\/p>\n<p>Olay, 14 Nisan 2023 sabah\u0131 Demirci\u2019deki polis lojman\u0131nda meydana geldi. Silah sesi \u00fczerine komiser yard\u0131mc\u0131s\u0131 Do\u011fan Can Y.\u2019nin kald\u0131\u011f\u0131 odaya giren tak\u0131mlar, Ye\u015fim Akba\u015f\u2019\u0131 ba\u015f\u0131ndan vurulmu\u015f halde buldu. Hastaneye kald\u0131r\u0131lan Akba\u015f, t\u00fcm m\u00fcdahalelere kar\u015f\u0131n hayat\u0131n\u0131 yitirdi. Olayda kullan\u0131lan tabancan\u0131n Do\u011fan Can Y.\u2019ye ili\u015fkin oldu\u011fu tespit edildi.<\/p>\n<p>Ba\u015flat\u0131lan soru\u015fturma kapsam\u0131nda g\u00f6zalt\u0131na al\u0131nan Do\u011fan Can Y., evvel isimli denetimle \u00f6zg\u00fcr b\u0131rak\u0131ld\u0131, savc\u0131l\u0131\u011f\u0131n itiraz\u0131 \u00fczerine yine g\u00f6zalt\u0131na al\u0131narak tutukland\u0131. Hakk\u0131nda \u201ckad\u0131na kar\u015f\u0131 taamm\u00fcden \u00f6ld\u00fcrme\u201d kabahatinden a\u011f\u0131rla\u015ft\u0131r\u0131lm\u0131\u015f m\u00fcebbet mahpus istemiyle dava a\u00e7\u0131ld\u0131. Lakin Salihli A\u011f\u0131r Ceza Mahkemesi, Temmuz 2024\u2019te san\u0131\u011f\u0131n beraatine karar verdi.<\/p>\n<p><b>B\u0130L\u0130MSEL RAPOR VE YARGITAY S\u00dcREC\u0130<\/b><\/p>\n<p>Beraat karar\u0131na Akba\u015f ailesi itiraz ederken, belge istinaf ve temyiz s\u00fcrecine ta\u015f\u0131nd\u0131. Ailenin talebi \u00fczerine akademisyenlerden olu\u015fan bir heyet taraf\u0131ndan haz\u0131rlanan raporda, olay\u0131n intihar oldu\u011funa ait de\u011ferlendirmelerin bilimsel \u00e7eli\u015fkiler i\u00e7erdi\u011fi belirtildi. Raporda, at\u0131\u015f art\u0131klar\u0131, at\u0131\u015f aral\u0131\u011f\u0131, fizik\u00ee u\u011fra\u015f izleri ve olay yeri incelemesindeki eksiklikler dikkat \u00e7ekti.<\/p>\n<p>Yarg\u0131tay Cumhuriyet Ba\u015fsavc\u0131l\u0131\u011f\u0131 da temyiz incelemesinde, lokal mahkemenin beraat karar\u0131n\u0131n bozulmas\u0131 gerekti\u011fi taraf\u0131nda g\u00f6r\u00fc\u015f bildirdi. Tebli\u011fnamede, olay\u0131n intihar oldu\u011funa dair somut bir bulgu bulunmad\u0131\u011f\u0131, kan\u0131tlar\u0131n san\u0131k lehine kusurlu de\u011ferlendirildi\u011fi vurguland\u0131.<\/p>\n<p><img decoding=\"async\" src=\"https:\/\/ikimisli.tr\/wp-content\/uploads\/2026\/01\/yesim-akbasin-olumunde-delil-kararttigi-iddiasiyla-2-polis-hakim-karsisina-cikti-1-MXQPI9L7.jpg\"\/><\/p>\n<p><b>DEL\u0130L KARARTMA TEZ\u0130YLE BA\u015eKA DAVA<\/b><\/p>\n<p>Soru\u015fturma kapsam\u0131nda ortaya \u00e7\u0131kan yeni g\u00fcvenlik kameras\u0131 manzaralar\u0131nda, olay yeri incelemesi yap\u0131lmadan evvel silah\u0131n yerinin de\u011fi\u015ftirildi\u011fi ve san\u0131\u011fa kolonya verilerek at\u0131\u015f izlerinin giderilmeye \u00e7al\u0131\u015f\u0131ld\u0131\u011f\u0131 sav edildi. Bu geli\u015fmeler \u00fczerine polis memurlar\u0131 Fatih K. ve Mehmet K. hakk\u0131nda kan\u0131t karartma su\u00e7lamas\u0131yla iddianame d\u00fczenlendi.<\/p>\n<p>Bug\u00fcnk\u00fc duru\u015fmada san\u0131klar\u0131n savunmalar\u0131 al\u0131n\u0131rken, mahkeme Do\u011fan Can Y. ile birtak\u0131m polis memurlar\u0131n\u0131n \u015fahit olarak dinlenmesine ve ana belgenin Yarg\u0131tay\u2019dan d\u00f6n\u00fc\u015f\u00fcn\u00fcn beklenmesine karar verdi. Duru\u015fma, 7 Temmuz tarihine ertelendi.<\/p>\n<p><b>\u201cM\u00dcCADELEM\u0130Z DEVAM EDECEK\u201d<\/b><\/p>\n<p>Duru\u015fma sonras\u0131 a\u00e7\u0131klama yapan ailenin avukat\u0131 Hazal K\u0131sa Bilici, yarg\u0131laman\u0131n \u015feffaf y\u00fcr\u00fct\u00fclmesi gerekti\u011fini belirterek, \u201cYe\u015fim Akba\u015f\u2019a kelam verdik. Sorumlu olan herkes yarg\u0131 \u00f6n\u00fcnde hesap verene kadar u\u011fra\u015f\u0131m\u0131z\u0131 s\u00fcrd\u00fcrece\u011fiz\u201d dedi<\/p>\n","protected":false},"excerpt":{"rendered":"<p>Manisa\u2019n\u0131n Demirci il\u00e7esinde Ye\u015fim Akba\u015f\u2019\u0131n polis lojman\u0131nda meyyit bulunmas\u0131na ait davada, kan\u0131tlar\u0131 karartt\u0131klar\u0131 arg\u00fcman\u0131yla yarg\u0131lanan iki polis memuru hakim kar\u015f\u0131s\u0131na \u00e7\u0131kt\u0131. Mahkeme, ana belgenin Yarg\u0131tay s\u00fcrecinin beklenmesine karar vererek duru\u015fmay\u0131 erteledi<\/p>\n","protected":false},"author":1,"featured_media":89496,"comment_status":"open","ping_status":"open","sticky":false,"template":"","format":"standard","meta":{"footnotes":""},"categories":[25],"tags":[9698,149,171,269,1019],"class_list":["post-89495","post","type-post","status-publish","format-standard","has-post-thumbnail","hentry","category-gundem","tag-akbas","tag-karar","tag-olay","tag-polis","tag-yargi"],"_links":{"self":[{"href":"https:\/\/ikimisli.tr\/index.php\/wp-json\/wp\/v2\/posts\/89495","targetHints":{"allow":["GET"]}}],"collection":[{"href":"https:\/\/ikimisli.tr\/index.php\/wp-json\/wp\/v2\/posts"}],"about":[{"href":"https:\/\/ikimisli.tr\/index.php\/wp-json\/wp\/v2\/types\/post"}],"author":[{"embeddable":true,"href":"https:\/\/ikimisli.tr\/index.php\/wp-json\/wp\/v2\/users\/1"}],"replies":[{"embeddable":true,"href":"https:\/\/ikimisli.tr\/index.php\/wp-json\/wp\/v2\/comments?post=89495"}],"version-history":[{"count":1,"href":"https:\/\/ikimisli.tr\/index.php\/wp-json\/wp\/v2\/posts\/89495\/revisions"}],"predecessor-version":[{"id":89499,"href":"https:\/\/ikimisli.tr\/index.php\/wp-json\/wp\/v2\/posts\/89495\/revisions\/89499"}],"wp:featuredmedia":[{"embeddable":true,"href":"https:\/\/ikimisli.tr\/index.php\/wp-json\/wp\/v2\/media\/89496"}],"wp:attachment":[{"href":"https:\/\/ikimisli.tr\/index.php\/wp-json\/wp\/v2\/media?parent=89495"}],"wp:term":[{"taxonomy":"category","embeddable":true,"href":"https:\/\/ikimisli.tr\/index.php\/wp-json\/wp\/v2\/categories?post=89495"},{"taxonomy":"post_tag","embeddable":true,"href":"https:\/\/ikimisli.tr\/index.php\/wp-json\/wp\/v2\/tags?post=89495"}],"curies":[{"name":"wp","href":"https:\/\/api.w.org\/{rel}","templated":true}]}}