{"id":89832,"date":"2026-01-15T15:12:06","date_gmt":"2026-01-15T15:12:06","guid":{"rendered":"https:\/\/ikimisli.tr\/?p=89832"},"modified":"2026-01-15T15:12:06","modified_gmt":"2026-01-15T15:12:06","slug":"savcinin-silahla-yaraladigi-hakim-taburcu-edildi","status":"publish","type":"post","link":"https:\/\/ikimisli.tr\/index.php\/2026\/01\/15\/savcinin-silahla-yaraladigi-hakim-taburcu-edildi\/","title":{"rendered":"Savc\u0131n\u0131n silahla yaralad\u0131\u011f\u0131 hakim taburcu edildi"},"content":{"rendered":"<p>\u0130stanbul B\u00f6lge Adliye Mahkemesi&#8217;ndeki (\u0130stinaf) odas\u0131nda, savc\u0131 M.\u00c7.K. taraf\u0131ndan silahla vurulmas\u0131 sonucu yaralanan 23. Ceza Dairesi&#8217;nde vazifeli \u00fcye bayan hakim A.K&#8217;nin (45), hastanedeki tedavisi tamamland\u0131.<\/p>\n<p>Taburcu edilen hakim A.K&#8217;nin durumunun g\u00fczel oldu\u011fu \u00f6\u011frenildi.<\/p>\n<p><b>NE OLMU\u015eTU?<\/b><\/p>\n<p>\u0130stanbul B\u00f6lge Adliye Mahkemesi 23. Ceza Dairesi&#8217;nde vazifeli \u00fcye bayan hakim A.K, istinaftaki odas\u0131nda tart\u0131\u015fma ya\u015fad\u0131\u011f\u0131 Anadolu Adliyesi&#8217;nde misyonlu savc\u0131 M.\u00c7.K. taraf\u0131ndan silahla vurulmu\u015ftu.<\/p>\n<p>\u0130hbar \u00fczerine olay yerine gelen s\u0131hhat gruplar\u0131nca hastaneye kald\u0131r\u0131lan hakimin, kas\u0131\u011f\u0131ndan yaraland\u0131\u011f\u0131, hayati tehlikesinin bulunmad\u0131\u011f\u0131 ve ameliyata al\u0131naca\u011f\u0131 \u00f6\u011frenilmi\u015fti.<\/p>\n<p>Olayla ilgili \u0130stanbul Cumhuriyet Ba\u015fsavc\u0131l\u0131\u011f\u0131nca soru\u015fturma ba\u015flat\u0131lm\u0131\u015f, g\u00f6zalt\u0131na al\u0131nan savc\u0131 M.\u00c7.K. ise s\u00fcre\u00e7leri i\u00e7in Kartal \u0130l\u00e7e Emniyet M\u00fcd\u00fcrl\u00fc\u011f\u00fc Asayi\u015f Ofis Amirli\u011fine g\u00f6t\u00fcr\u00fclm\u00fc\u015ft\u00fc.<\/p>\n<p>\u0130\u015flemlerinin akabinde adliyeye sevk edilen ku\u015fkulu, &#8220;kasten \u00f6ld\u00fcrmeye te\u015febb\u00fcs&#8221; c\u00fcrm\u00fcnden tutuklanm\u0131\u015ft\u0131.<\/p>\n<p>Soru\u015fturma kapsam\u0131nda yap\u0131lan \u00e7al\u0131\u015fmada, ku\u015fkulu savc\u0131 ile hakimin ge\u00e7mi\u015fte Anadolu Adliyesi&#8217;nde asliye ceza mahkemesinde birlikte vazife yapt\u0131klar\u0131 \u00f6\u011frenilmi\u015fti.<\/p>\n<p>Odas\u0131nda hakime ate\u015f eden \u015f\u00fcphelinin bir kere daha ate\u015f etmek istedi\u011fi s\u0131rada odada bulunan Maltepe A\u00e7\u0131k Ceza \u0130nfaz Kurumu&#8217;nda h\u00fck\u00fcml\u00fc \u00e7ayc\u0131 Y.K. taraf\u0131ndan engellendi\u011fi belirtilmi\u015fti.<\/p>\n<p>\u00d6te yandan, \u015f\u00fcphelinin olay yerinde iki kere ate\u015f a\u00e7t\u0131\u011f\u0131, bir kur\u015funun duvara isabet ederek yan odadaki mahkeme liderinin koltu\u011funa geldi\u011fi, bu s\u0131rada o hakimin odada olmad\u0131\u011f\u0131 \u00f6\u011frenilmi\u015fti.<\/p>\n","protected":false},"excerpt":{"rendered":"<p>\u0130stanbul&#8217;da savc\u0131n\u0131n silahla yaralad\u0131\u011f\u0131 B\u00f6lge Adliye Mahkemesi&#8217;nde vazifeli bayan hakim, hastanedeki tedavisinin akabinde taburcu edildi.<\/p>\n","protected":false},"author":1,"featured_media":89833,"comment_status":"open","ping_status":"open","sticky":false,"template":"","format":"standard","meta":{"footnotes":""},"categories":[25],"tags":[843,2391],"class_list":["post-89832","post","type-post","status-publish","format-standard","has-post-thumbnail","hentry","category-gundem","tag-adliye","tag-hakim"],"_links":{"self":[{"href":"https:\/\/ikimisli.tr\/index.php\/wp-json\/wp\/v2\/posts\/89832","targetHints":{"allow":["GET"]}}],"collection":[{"href":"https:\/\/ikimisli.tr\/index.php\/wp-json\/wp\/v2\/posts"}],"about":[{"href":"https:\/\/ikimisli.tr\/index.php\/wp-json\/wp\/v2\/types\/post"}],"author":[{"embeddable":true,"href":"https:\/\/ikimisli.tr\/index.php\/wp-json\/wp\/v2\/users\/1"}],"replies":[{"embeddable":true,"href":"https:\/\/ikimisli.tr\/index.php\/wp-json\/wp\/v2\/comments?post=89832"}],"version-history":[{"count":1,"href":"https:\/\/ikimisli.tr\/index.php\/wp-json\/wp\/v2\/posts\/89832\/revisions"}],"predecessor-version":[{"id":89834,"href":"https:\/\/ikimisli.tr\/index.php\/wp-json\/wp\/v2\/posts\/89832\/revisions\/89834"}],"wp:featuredmedia":[{"embeddable":true,"href":"https:\/\/ikimisli.tr\/index.php\/wp-json\/wp\/v2\/media\/89833"}],"wp:attachment":[{"href":"https:\/\/ikimisli.tr\/index.php\/wp-json\/wp\/v2\/media?parent=89832"}],"wp:term":[{"taxonomy":"category","embeddable":true,"href":"https:\/\/ikimisli.tr\/index.php\/wp-json\/wp\/v2\/categories?post=89832"},{"taxonomy":"post_tag","embeddable":true,"href":"https:\/\/ikimisli.tr\/index.php\/wp-json\/wp\/v2\/tags?post=89832"}],"curies":[{"name":"wp","href":"https:\/\/api.w.org\/{rel}","templated":true}]}}