{"id":89835,"date":"2026-01-15T15:24:08","date_gmt":"2026-01-15T15:24:08","guid":{"rendered":"https:\/\/ikimisli.tr\/?p=89835"},"modified":"2026-01-15T15:24:08","modified_gmt":"2026-01-15T15:24:08","slug":"iranda-hayatini-kaybedenlerin-ailelerinden-kursun-parasi-istendi-ekrem-acikel-canli-yayinda-anlatti","status":"publish","type":"post","link":"https:\/\/ikimisli.tr\/index.php\/2026\/01\/15\/iranda-hayatini-kaybedenlerin-ailelerinden-kursun-parasi-istendi-ekrem-acikel-canli-yayinda-anlatti\/","title":{"rendered":"\u0130ran&#8217;da hayat\u0131n\u0131 kaybedenlerin ailelerinden kur\u015fun paras\u0131 istendi! Ekrem A\u00e7\u0131kel canl\u0131 yay\u0131nda anlatt\u0131"},"content":{"rendered":"<p>D\u00fcnyan\u0131n g\u00f6z\u00fc \u0130ran&#8217;da ya\u015fananlara kitlendi. ABD&#8217;nin \u0130ran&#8217;a operasyon sinyalleri verdi\u011fi bug\u00fcnlerde dikkat \u00e7eken bir geli\u015fme ortaya \u00e7\u0131kt\u0131.<\/p>\n<p>\u0130ran&#8217;da rejim kar\u015f\u0131s\u0131 hareketlerde hayat\u0131n\u0131 kaybeden \u015fah\u0131slar\u0131n ailelerinden kur\u015fun paras\u0131 istendi. <\/p>\n<p><strong>\u0130\u00e7inizden Biri Ekrem A\u00e7\u0131kel<\/strong> skandal bir iddiay\u0131 <strong>S\u00d6ZC\u00dc TV<\/strong> canl\u0131 yay\u0131nda \u015fu tabirlerle anlatt\u0131:<\/p>\n<p><b>\u0130NFAZLAR BA\u015eLADI<\/b><\/p>\n<p>&#8211; \u0130ran&#8217;da be\u015ferlerle ilgili ortaya at\u0131lan savlara bakar m\u0131s\u0131n\u0131z? \u00f6n yarg\u0131lardan azade olarak rejiminiz bats\u0131n dedik.<\/p>\n<p>&#8211; \u0130ran&#8217;da Molla rejimi katliam yap\u0131yor. \u0130htilal Muhaf\u0131zlar\u0131 arttan sinsice yakla\u015f\u0131yor ve tek kur\u015fun hareket\u00e7ilerin ba\u015flar\u0131na s\u0131k\u0131l\u0131yor.<\/p>\n<p><img decoding=\"async\" src=\"https:\/\/ikimisli.tr\/wp-content\/uploads\/2026\/01\/iranda-hayatini-kaybedenlerin-ailelerinden-kursun-parasi-istendi-ekrem-acikel-canli-yayinda-anlatti-0-63LIGLLk.jpeg\"\/><\/p>\n<p><b>BU NE ACIMASIZLIK<\/b><\/p>\n<p>&#8211; Katledilenlerin v\u00fccutlar\u0131 i\u00e7in &#8220;Kur\u015fun Paras\u0131&#8221; isteniyor. Haber teyitli g\u00f6r\u00fcn\u00fcyor. Aileler devlete 700 Milyon ile t\u00fcmen yani 220 Bin lira \u00f6demek zorunda kald\u0131. Yoksa cenazeleri alam\u0131yor namaz k\u0131l\u0131p topra\u011fa veremiyorlar.<\/p>\n<p><b>\u0130SYANI RANTA \u00c7EV\u0130RMEK<\/b><\/p>\n<p>&#8211; Arg\u00fcmana nazaran \u015fu ana kadar 12 bin ki\u015fi hayat\u0131n\u0131 kaybetti. Mollalar 8 trilyon 400 milyar t\u00fcmen gelir pe\u015finde. T\u00fcrkiye kuru ile ama\u00e7 2 milyar 550 milyon lira<\/p>\n<p>&#8211; Kur\u015fun paras\u0131 infaz edilen gen\u00e7lerden talep ediliyor. Bu kadar m\u0131 paras\u0131zl\u0131k var o denli g\u00f6r\u00fcn\u00fcyor. Bizim yan\u0131m\u0131z adalet laiklik ve demokrasinin yan\u0131. Hangi kutsal rejim hangi iktidar bir insan can\u0131ndan de\u011ferlidir. Geriden ba\u015f\u0131na s\u0131k sonra ailesinden kur\u015fun paras\u0131 iste. Ortado\u011fu ate\u015f topu lakin bu d\u00fcnyadan katledilen 10 M\u00fcsl\u00fcmandan 9&#8217;u din karde\u015finin silah\u0131ndan \u00e7\u0131kan kur\u015funla katlediliyor. Bunu da unutmayal\u0131m.<\/p>\n","protected":false},"excerpt":{"rendered":"<p>D\u00fcnyan\u0131n g\u00fcndemi S\u00d6ZC\u00dc TV&#8217;de konu\u015fuluyor. \u0130\u00e7inizden Biri Ekrem A\u00e7\u0131kel, \u0130ran&#8217;da Molla Rejiminin \u00f6ld\u00fcrd\u00fc\u011f\u00fc hareket\u00e7ilerin ailelerinden istenen kur\u015fun paras\u0131n\u0131 anlatt\u0131<\/p>\n","protected":false},"author":1,"featured_media":89836,"comment_status":"open","ping_status":"open","sticky":false,"template":"","format":"standard","meta":{"footnotes":""},"categories":[25],"tags":[4600,9726],"class_list":["post-89835","post","type-post","status-publish","format-standard","has-post-thumbnail","hentry","category-gundem","tag-kursun","tag-parasi"],"_links":{"self":[{"href":"https:\/\/ikimisli.tr\/index.php\/wp-json\/wp\/v2\/posts\/89835","targetHints":{"allow":["GET"]}}],"collection":[{"href":"https:\/\/ikimisli.tr\/index.php\/wp-json\/wp\/v2\/posts"}],"about":[{"href":"https:\/\/ikimisli.tr\/index.php\/wp-json\/wp\/v2\/types\/post"}],"author":[{"embeddable":true,"href":"https:\/\/ikimisli.tr\/index.php\/wp-json\/wp\/v2\/users\/1"}],"replies":[{"embeddable":true,"href":"https:\/\/ikimisli.tr\/index.php\/wp-json\/wp\/v2\/comments?post=89835"}],"version-history":[{"count":1,"href":"https:\/\/ikimisli.tr\/index.php\/wp-json\/wp\/v2\/posts\/89835\/revisions"}],"predecessor-version":[{"id":89838,"href":"https:\/\/ikimisli.tr\/index.php\/wp-json\/wp\/v2\/posts\/89835\/revisions\/89838"}],"wp:featuredmedia":[{"embeddable":true,"href":"https:\/\/ikimisli.tr\/index.php\/wp-json\/wp\/v2\/media\/89836"}],"wp:attachment":[{"href":"https:\/\/ikimisli.tr\/index.php\/wp-json\/wp\/v2\/media?parent=89835"}],"wp:term":[{"taxonomy":"category","embeddable":true,"href":"https:\/\/ikimisli.tr\/index.php\/wp-json\/wp\/v2\/categories?post=89835"},{"taxonomy":"post_tag","embeddable":true,"href":"https:\/\/ikimisli.tr\/index.php\/wp-json\/wp\/v2\/tags?post=89835"}],"curies":[{"name":"wp","href":"https:\/\/api.w.org\/{rel}","templated":true}]}}