{"id":89869,"date":"2026-01-15T17:24:06","date_gmt":"2026-01-15T17:24:06","guid":{"rendered":"https:\/\/ikimisli.tr\/?p=89869"},"modified":"2026-01-15T17:24:06","modified_gmt":"2026-01-15T17:24:06","slug":"gazzede-ateskesin-ikinci-asamasi-basladi","status":"publish","type":"post","link":"https:\/\/ikimisli.tr\/index.php\/2026\/01\/15\/gazzede-ateskesin-ikinci-asamasi-basladi\/","title":{"rendered":"Gazze&#8217;de ate\u015fkesin ikinci a\u015famas\u0131 ba\u015flad\u0131"},"content":{"rendered":"<p>Gazze&#8217;de ate\u015fkes s\u00fcrecinin ikinci basama\u011f\u0131n\u0131n ba\u015flad\u0131\u011f\u0131n\u0131 a\u00e7\u0131klad\u0131. Trump&#8217;\u0131n Orta Do\u011fu \u00d6zel Temsilcisi Witkoff, X hesab\u0131ndan yapt\u0131\u011f\u0131 a\u00e7\u0131klamada, Trump&#8217;\u0131n 20 unsurluk Gazze plan\u0131n\u0131n ikinci evresinin ba\u015flat\u0131ld\u0131\u011f\u0131n\u0131 duyurdu.<\/p>\n<p>Witkoff, a\u00e7\u0131klamas\u0131nda, &#8220;Bug\u00fcn, Lider Trump ismine, Gazze&#8217;deki \u00e7at\u0131\u015fmalar\u0131 sona erdirmek i\u00e7in Ba\u015fkan&#8217;\u0131n 20 unsurluk plan\u0131n\u0131n ikinci basama\u011f\u0131n\u0131n ba\u015flat\u0131ld\u0131\u011f\u0131n\u0131 duyuruyoruz. Bu kademe, ate\u015fkesin akabinde silahs\u0131zlanma, teknokratik idare ve tekrar in\u015fa s\u00fcre\u00e7lerini i\u00e7ermektedir.&#8221; tabirlerini kulland\u0131.<\/p>\n<p><img decoding=\"async\" src=\"https:\/\/ikimisli.tr\/wp-content\/uploads\/2026\/01\/gazzede-ateskesin-ikinci-asamasi-basladi-0-E6XRzJ9J.jpg\"\/><\/p>\n<p><b>HANG\u0130 BASAMAKLARI KAPSIYOR?<\/b><\/p>\n<p>Witkoff, ikinci kademenin, Gazze&#8217;de s\u00fcreksiz bir teknokratik Filistin idaresi formunda &#8220;Gazze \u0130daresi Ulusal Komitesi&#8221;nin kurulmas\u0131, &#8220;Gazze&#8217;nin tam olarak silahs\u0131zland\u0131r\u0131lmas\u0131&#8221; ve &#8220;b\u00f6lgenin yine in\u015fas\u0131&#8221; s\u00fcre\u00e7lerini kapsad\u0131\u011f\u0131n\u0131 belirtti.<\/p>\n<p>ABD&#8217;li Temsilci, b\u00f6lgedeki t\u00fcm yetkisiz \u00e7al\u0131\u015fan\u0131n &#8220;silahs\u0131zland\u0131r\u0131lmas\u0131na&#8221; ba\u015flanaca\u011f\u0131n\u0131 ve ABD&#8217;nin, Hamas&#8217;tan t\u00fcm y\u00fck\u00fcml\u00fcl\u00fcklerini tam olarak yerine getirmesini bekledi\u011fini kaydetti.<\/p>\n<p>Witkoff, a\u00e7\u0131klamas\u0131nda, Gazze&#8217;de ate\u015fkes s\u00fcrecinin bug\u00fcne kadarki gidi\u015fat\u0131na katk\u0131lar\u0131 hasebiyle T\u00fcrkiye, Katar ve M\u0131s\u0131r&#8217;a te\u015fekk\u00fcr ettiklerini vurgulad\u0131.<\/p>\n","protected":false},"excerpt":{"rendered":"<p>ABD Ba\u015fkan\u0131 Donald Trump&#8217;\u0131n Orta Do\u011fu \u00d6zel Temsilcisi Steve Witkoff, Gazze&#8217;de ate\u015fkes s\u00fcrecinin ikinci kademesinin ba\u015flad\u0131\u011f\u0131n\u0131 bildirdi.<\/p>\n","protected":false},"author":1,"featured_media":89870,"comment_status":"open","ping_status":"open","sticky":false,"template":"","format":"standard","meta":{"footnotes":""},"categories":[43],"tags":[83],"class_list":["post-89869","post","type-post","status-publish","format-standard","has-post-thumbnail","hentry","category-dunya","tag-gazze"],"_links":{"self":[{"href":"https:\/\/ikimisli.tr\/index.php\/wp-json\/wp\/v2\/posts\/89869","targetHints":{"allow":["GET"]}}],"collection":[{"href":"https:\/\/ikimisli.tr\/index.php\/wp-json\/wp\/v2\/posts"}],"about":[{"href":"https:\/\/ikimisli.tr\/index.php\/wp-json\/wp\/v2\/types\/post"}],"author":[{"embeddable":true,"href":"https:\/\/ikimisli.tr\/index.php\/wp-json\/wp\/v2\/users\/1"}],"replies":[{"embeddable":true,"href":"https:\/\/ikimisli.tr\/index.php\/wp-json\/wp\/v2\/comments?post=89869"}],"version-history":[{"count":1,"href":"https:\/\/ikimisli.tr\/index.php\/wp-json\/wp\/v2\/posts\/89869\/revisions"}],"predecessor-version":[{"id":89872,"href":"https:\/\/ikimisli.tr\/index.php\/wp-json\/wp\/v2\/posts\/89869\/revisions\/89872"}],"wp:featuredmedia":[{"embeddable":true,"href":"https:\/\/ikimisli.tr\/index.php\/wp-json\/wp\/v2\/media\/89870"}],"wp:attachment":[{"href":"https:\/\/ikimisli.tr\/index.php\/wp-json\/wp\/v2\/media?parent=89869"}],"wp:term":[{"taxonomy":"category","embeddable":true,"href":"https:\/\/ikimisli.tr\/index.php\/wp-json\/wp\/v2\/categories?post=89869"},{"taxonomy":"post_tag","embeddable":true,"href":"https:\/\/ikimisli.tr\/index.php\/wp-json\/wp\/v2\/tags?post=89869"}],"curies":[{"name":"wp","href":"https:\/\/api.w.org\/{rel}","templated":true}]}}