{"id":89962,"date":"2026-01-15T23:12:07","date_gmt":"2026-01-15T23:12:07","guid":{"rendered":"https:\/\/ikimisli.tr\/?p=89962"},"modified":"2026-01-15T23:12:07","modified_gmt":"2026-01-15T23:12:07","slug":"pkkli-teroristlerden-tehdit-mesajlari","status":"publish","type":"post","link":"https:\/\/ikimisli.tr\/index.php\/2026\/01\/15\/pkkli-teroristlerden-tehdit-mesajlari\/","title":{"rendered":"PKK\u2019l\u0131 ter\u00f6ristlerden tehdit mesajlar\u0131"},"content":{"rendered":"<p>Ter\u00f6r\u00f6rg\u00fct\u00fc PKK y\u00f6neticili\u011finden karar giyen Veysi Akta\u015f ile \u00c7etin Arka\u015f, vilayet il gezip konferans veriyor, TV\u2019lere \u00e7\u0131k\u0131p tehditler savuruyor. \u0130mral\u0131\u2019da ter\u00f6r \u00f6rg\u00fct\u00fc eleba\u015f\u0131 \u00d6calan ile kalan ve tahliye olan Veysi Akta\u015f ve \u00c7etin Arka\u015f, yapt\u0131klar\u0131 halk toplant\u0131lar\u0131ndan tahlil s\u00fcrecini k\u0131ymetlendirdi. Bir televizyon kanal\u0131na \u00e7\u0131kan Akta\u015f ve Arka\u015f, s\u00fcrecin kal\u0131c\u0131 hale getirilmesi gerekti\u011fini belirtti. Arka\u015f, \u00d6calan\u2019\u0131n \u00f6zg\u00fcrl\u00fc\u011f\u00fcne kavu\u015fmas\u0131 gerekti\u011fini savundu.<\/p>\n<p><img decoding=\"async\" src=\"https:\/\/ikimisli.tr\/wp-content\/uploads\/2026\/01\/pkkli-teroristlerden-tehdit-mesajlari-0-2uiVPY62.jpg\"\/><\/p>\n<p>\u00c7etin Arka\u015f (solda) &#8211; Veysi Akta\u015f (sa\u011fda)<\/p>\n<p><strong>\u2018BU G\u00dcZEL B\u0130R FIRSAT\u2019<\/strong><\/p>\n<p>Arka\u015f, \u201cS\u00fcre\u00e7 art\u0131k bundan sonra geri d\u00f6n\u00fclemez bir noktaya gelmi\u015ftir demeyi \u00e7ok isterdim. Lakin ne optimist olal\u0131m ne k\u00f6t\u00fcmser\u201d dedi.<\/p>\n<p>Veysi Akta\u015f ise b\u00f6lgedeki geli\u015fmelere dikkat \u00e7ekerek, \u015funlar\u0131 s\u00f6yledi:\u201cE\u011fer bu s\u00fcre\u00e7 muvaffakiyete gitmezse, Bar\u0131\u015f ve Demokratik Toplum S\u00fcreci nihayete ermezse K\u00fcrtler bir daha kolay kolay T\u00fcrkiye ile bir arada olamaz. \u015eunu d\u00fczg\u00fcn bilmek gerekiyor, devlet i\u00e7in g\u00fczel bir f\u0131rsatt\u0131r, bizim i\u00e7in de o denli. Bu yeni y\u0131l T\u00fcrkiye a\u00e7\u0131s\u0131ndan bir bar\u0131\u015f, demokratikle\u015fme, karde\u015fli\u011fin in\u015fa s\u00fcreci olsun.\u201d<\/p>\n","protected":false},"excerpt":{"rendered":"<p>H\u00fcr kal\u0131nca a\u00e7\u0131l\u0131m konferanslar\u0131 veren \u00d6calan\u2019\u0131n cezaevi arkada\u015f\u0131 Veysi Akta\u015f, \u201cS\u00fcre\u00e7 ba\u015far\u0131l\u0131 olmazsa, K\u00fcrtler T\u00fcrkiye ile bir arada olamaz\u201d dedi.<\/p>\n","protected":false},"author":1,"featured_media":89963,"comment_status":"open","ping_status":"open","sticky":false,"template":"","format":"standard","meta":{"footnotes":""},"categories":[25],"tags":[2332,9733],"class_list":["post-89962","post","type-post","status-publish","format-standard","has-post-thumbnail","hentry","category-gundem","tag-aktas","tag-arkas"],"_links":{"self":[{"href":"https:\/\/ikimisli.tr\/index.php\/wp-json\/wp\/v2\/posts\/89962","targetHints":{"allow":["GET"]}}],"collection":[{"href":"https:\/\/ikimisli.tr\/index.php\/wp-json\/wp\/v2\/posts"}],"about":[{"href":"https:\/\/ikimisli.tr\/index.php\/wp-json\/wp\/v2\/types\/post"}],"author":[{"embeddable":true,"href":"https:\/\/ikimisli.tr\/index.php\/wp-json\/wp\/v2\/users\/1"}],"replies":[{"embeddable":true,"href":"https:\/\/ikimisli.tr\/index.php\/wp-json\/wp\/v2\/comments?post=89962"}],"version-history":[{"count":1,"href":"https:\/\/ikimisli.tr\/index.php\/wp-json\/wp\/v2\/posts\/89962\/revisions"}],"predecessor-version":[{"id":89965,"href":"https:\/\/ikimisli.tr\/index.php\/wp-json\/wp\/v2\/posts\/89962\/revisions\/89965"}],"wp:featuredmedia":[{"embeddable":true,"href":"https:\/\/ikimisli.tr\/index.php\/wp-json\/wp\/v2\/media\/89963"}],"wp:attachment":[{"href":"https:\/\/ikimisli.tr\/index.php\/wp-json\/wp\/v2\/media?parent=89962"}],"wp:term":[{"taxonomy":"category","embeddable":true,"href":"https:\/\/ikimisli.tr\/index.php\/wp-json\/wp\/v2\/categories?post=89962"},{"taxonomy":"post_tag","embeddable":true,"href":"https:\/\/ikimisli.tr\/index.php\/wp-json\/wp\/v2\/tags?post=89962"}],"curies":[{"name":"wp","href":"https:\/\/api.w.org\/{rel}","templated":true}]}}