{"id":90034,"date":"2026-01-16T03:00:07","date_gmt":"2026-01-16T03:00:07","guid":{"rendered":"https:\/\/ikimisli.tr\/?p=90034"},"modified":"2026-01-16T03:00:07","modified_gmt":"2026-01-16T03:00:07","slug":"memur-zammi-ve-maas-farki-odeme-takvimi-netlesti","status":"publish","type":"post","link":"https:\/\/ikimisli.tr\/index.php\/2026\/01\/16\/memur-zammi-ve-maas-farki-odeme-takvimi-netlesti\/","title":{"rendered":"Memur zamm\u0131 ve maa\u015f fark\u0131 \u00f6deme takvimi netle\u015fti"},"content":{"rendered":"<p>T\u00fcrkiye \u0130statistik Kurumu&#8217;nun (T\u00dc\u0130K) aral\u0131k ay\u0131 enflasyon datalar\u0131n\u0131 duyurmas\u0131yla birlikte memur ve memur emeklilerinin alaca\u011f\u0131 art\u0131r\u0131m oran\u0131 kat\u0131la\u015ft\u0131. Kamu \u00e7al\u0131\u015fanlar\u0131, y\u0131lda iki sefer uygulanan toplu mukavele art\u0131r\u0131m\u0131na ek olarak, son 6 ayl\u0131k enflasyon fark\u0131n\u0131 da maa\u015flar\u0131na yans\u0131t\u0131yor.<\/p>\n<p>Bu kapsamda belirlenen resmi say\u0131lar \u015fu formdad\u0131r:<\/p>\n<p><strong>Toplam enflasyon: <\/strong>%12,19<\/p>\n<p><strong>5 ayl\u0131k enflasyon fark\u0131: <\/strong>%6,85<\/p>\n<p><strong>Toplu kontrat art\u0131r\u0131m\u0131:<\/strong> %11<\/p>\n<p><strong>K\u00fcm\u00fclatif art\u0131r\u0131m oran\u0131: <\/strong>%18,60<\/p>\n<p><strong>Seyyanen art\u0131\u015f: <\/strong>1.000 TL<\/p>\n<p><b>EN D\u00dc\u015e\u00dcK MEMUR VE EMEKL\u0130 MAA\u015e TUTARLARI\u00a0<\/b><\/p>\n<p><strong>&#8220;Yeni d\u00fczenleme ile en d\u00fc\u015f\u00fck memur maa\u015f\u0131 52.617 TL&#8217;den 60.896 TL&#8217;ye, en d\u00fc\u015f\u00fck memur emeklisi ayl\u0131\u011f\u0131 ise 27.889 TL&#8217;ye y\u00fckseldi.&#8221;<\/strong> Yap\u0131lan art\u0131\u015fla birlikte kamu \u00e7al\u0131\u015fan\u0131n\u0131n maa\u015f skalas\u0131 yine g\u00fcncellendi.<\/p>\n<p><b>MESLEKLERE NAZARAN AKT\u00dcEL MAA\u015e L\u0130STES\u0130 (OCAK 2026)<\/b><\/p>\n<p>2026 art\u0131r\u0131m\u0131 sonras\u0131 birtak\u0131m meslek k\u00fcmelerinde maa\u015flar yakla\u015f\u0131k olarak \u015fu d\u00fczeylere ula\u015ft\u0131:<\/p>\n<p><strong>Uzman doktor: <\/strong>149.577 TL<\/p>\n<p><strong>Avukat: <\/strong>87.189 TL<\/p>\n<p><strong>Polis memuru:<\/strong> 80.847 TL<\/p>\n<p><strong>Uzman \u00f6\u011fretmen:<\/strong> 80.370 TL<\/p>\n<p><strong>Hem\u015fire: <\/strong>73.246 TL<\/p>\n<p><strong>\u00d6\u011fretmen: <\/strong>72.519 TL<\/p>\n<p><b>MAA\u015e VE ARTIRIM FARKI \u00d6DEME TAKV\u0130M\u0130\u00a0<\/b><\/p>\n<p>Memurlar maa\u015flar\u0131n\u0131 her ay\u0131n 15&#8217;inde almaktad\u0131r.<strong> &#8220;Ocak 2026 prestijiyle y\u00fczde 18,6 art\u0131r\u0131ma ek 1.000 TL&#8217;lik seyyanen art\u0131\u015f i\u00e7eren yeni maa\u015flar\u0131n 15 Ocak 2026&#8217;da \u00f6denmesi \u00f6ng\u00f6r\u00fcl\u00fcyor.&#8221;<\/strong> 1\u201314 Ocak 2026 periyoduna ili\u015fkin olu\u015facak fark \u00f6demesinin de yeniden 15 Ocak tarihinde yahut bu tarihe yak\u0131n g\u00fcnlerde hesaplara yat\u0131r\u0131lmas\u0131 bekleniyor.<\/p>\n<p>Memur emeklileri i\u00e7in \u00f6deme g\u00fcnleri tahsis numaras\u0131n\u0131n son hanesine nazaran \u015fu halde ger\u00e7ekle\u015fmi\u015ftir:<\/p>\n<p>1 \u2013 3: Ay\u0131n 1&#8217;i<\/p>\n<p>4 \u2013 6: Ay\u0131n 2&#8217;si<\/p>\n<p>7 \u2013 9: Ay\u0131n 3&#8217;\u00fc<\/p>\n<p>0: Ay\u0131n 4&#8217;\u00fc<\/p>\n<p>Memur emeklilerinin art\u0131r\u0131m farklar\u0131na ait \u00f6demelerin ise <strong>&#8220;ocak ay\u0131n\u0131n son haftas\u0131nda (26\u201331 Ocak 2026) hesaplara ge\u00e7mesi bekleniyor.&#8221;<\/strong><\/p>\n","protected":false},"excerpt":{"rendered":"<p>5 Ocak\u2019ta a\u00e7\u0131klanan enflasyon datalar\u0131yla birlikte memurlar ve memur emeklilerinin 2026 y\u0131l\u0131 art\u0131r\u0131m oran\u0131 resmen muhakkak oldu. Kamu \u00e7al\u0131\u015fanlar\u0131na uygulanacak y\u00fczde 18,6 oran\u0131ndaki art\u0131r\u0131m ve 1.000 TL seyyanen art\u0131\u015f\u0131n hesaplara aktar\u0131laca\u011f\u0131 tarihler kamuoyu ile payla\u015f\u0131ld\u0131.<\/p>\n","protected":false},"author":1,"featured_media":90035,"comment_status":"open","ping_status":"open","sticky":false,"template":"","format":"standard","meta":{"footnotes":""},"categories":[24],"tags":[91,1662,405,605,93],"class_list":["post-90034","post","type-post","status-publish","format-standard","has-post-thumbnail","hentry","category-ekonomi","tag-emekli","tag-fark","tag-maas","tag-memur","tag-zam"],"_links":{"self":[{"href":"https:\/\/ikimisli.tr\/index.php\/wp-json\/wp\/v2\/posts\/90034","targetHints":{"allow":["GET"]}}],"collection":[{"href":"https:\/\/ikimisli.tr\/index.php\/wp-json\/wp\/v2\/posts"}],"about":[{"href":"https:\/\/ikimisli.tr\/index.php\/wp-json\/wp\/v2\/types\/post"}],"author":[{"embeddable":true,"href":"https:\/\/ikimisli.tr\/index.php\/wp-json\/wp\/v2\/users\/1"}],"replies":[{"embeddable":true,"href":"https:\/\/ikimisli.tr\/index.php\/wp-json\/wp\/v2\/comments?post=90034"}],"version-history":[{"count":1,"href":"https:\/\/ikimisli.tr\/index.php\/wp-json\/wp\/v2\/posts\/90034\/revisions"}],"predecessor-version":[{"id":90036,"href":"https:\/\/ikimisli.tr\/index.php\/wp-json\/wp\/v2\/posts\/90034\/revisions\/90036"}],"wp:featuredmedia":[{"embeddable":true,"href":"https:\/\/ikimisli.tr\/index.php\/wp-json\/wp\/v2\/media\/90035"}],"wp:attachment":[{"href":"https:\/\/ikimisli.tr\/index.php\/wp-json\/wp\/v2\/media?parent=90034"}],"wp:term":[{"taxonomy":"category","embeddable":true,"href":"https:\/\/ikimisli.tr\/index.php\/wp-json\/wp\/v2\/categories?post=90034"},{"taxonomy":"post_tag","embeddable":true,"href":"https:\/\/ikimisli.tr\/index.php\/wp-json\/wp\/v2\/tags?post=90034"}],"curies":[{"name":"wp","href":"https:\/\/api.w.org\/{rel}","templated":true}]}}