{"id":9021,"date":"2025-02-09T01:00:09","date_gmt":"2025-02-09T01:00:09","guid":{"rendered":"https:\/\/ikimisli.tr\/?p=9021"},"modified":"2025-02-09T01:00:09","modified_gmt":"2025-02-09T01:00:09","slug":"2-minibus-2-otobus-birbirine-girdi-26-kisi-yaralandi","status":"publish","type":"post","link":"https:\/\/ikimisli.tr\/index.php\/2025\/02\/09\/2-minibus-2-otobus-birbirine-girdi-26-kisi-yaralandi\/","title":{"rendered":"2 minib\u00fcs 2 otob\u00fcs birbirine girdi: 26 ki\u015fi yaraland\u0131"},"content":{"rendered":"<p>Ankara&#8217;n\u0131n \u00c7ubuk il\u00e7esinde G\u00fcldarp\u0131 Mahallesi mevkisinde iki minib\u00fcs ve emek\u00e7i ta\u015f\u0131yan iki otob\u00fcs\u00fcn kar\u0131\u015ft\u0131\u011f\u0131 zincirleme trafik kazas\u0131 meydana geldi.\u00a0<\/p>\n<p><b>26 K\u0130\u015e\u0130 YARALANDI<\/b><\/p>\n<p>Kazada birinci belirlemelere nazaran 26 ki\u015fi yaraland\u0131.\u00a0<\/p>\n<p>Yaral\u0131lar, s\u0131hhat gruplar\u0131nca kentteki hastanelere kald\u0131r\u0131ld\u0131.\u00a0<\/p>\n<p>Minib\u00fcslerden birinin kent i\u00e7i yolcu nakliyecili\u011fi yapt\u0131\u011f\u0131 \u00f6\u011frenildi.<\/p>\n","protected":false},"excerpt":{"rendered":"<p>Ankara&#8217;n\u0131n \u00c7ubuk il\u00e7esinde iki minib\u00fcs ve emek\u00e7i ta\u015f\u0131yan iki otob\u00fcs zincirleme kazaya kar\u0131\u015ft\u0131. Trafik kazas\u0131nda birinci belirlemelere nazaran 26 ki\u015fi yaraland\u0131.<\/p>\n","protected":false},"author":1,"featured_media":9022,"comment_status":"open","ping_status":"open","sticky":false,"template":"","format":"standard","meta":{"footnotes":""},"categories":[25],"tags":[],"class_list":["post-9021","post","type-post","status-publish","format-standard","has-post-thumbnail","hentry","category-gundem"],"_links":{"self":[{"href":"https:\/\/ikimisli.tr\/index.php\/wp-json\/wp\/v2\/posts\/9021","targetHints":{"allow":["GET"]}}],"collection":[{"href":"https:\/\/ikimisli.tr\/index.php\/wp-json\/wp\/v2\/posts"}],"about":[{"href":"https:\/\/ikimisli.tr\/index.php\/wp-json\/wp\/v2\/types\/post"}],"author":[{"embeddable":true,"href":"https:\/\/ikimisli.tr\/index.php\/wp-json\/wp\/v2\/users\/1"}],"replies":[{"embeddable":true,"href":"https:\/\/ikimisli.tr\/index.php\/wp-json\/wp\/v2\/comments?post=9021"}],"version-history":[{"count":1,"href":"https:\/\/ikimisli.tr\/index.php\/wp-json\/wp\/v2\/posts\/9021\/revisions"}],"predecessor-version":[{"id":9023,"href":"https:\/\/ikimisli.tr\/index.php\/wp-json\/wp\/v2\/posts\/9021\/revisions\/9023"}],"wp:featuredmedia":[{"embeddable":true,"href":"https:\/\/ikimisli.tr\/index.php\/wp-json\/wp\/v2\/media\/9022"}],"wp:attachment":[{"href":"https:\/\/ikimisli.tr\/index.php\/wp-json\/wp\/v2\/media?parent=9021"}],"wp:term":[{"taxonomy":"category","embeddable":true,"href":"https:\/\/ikimisli.tr\/index.php\/wp-json\/wp\/v2\/categories?post=9021"},{"taxonomy":"post_tag","embeddable":true,"href":"https:\/\/ikimisli.tr\/index.php\/wp-json\/wp\/v2\/tags?post=9021"}],"curies":[{"name":"wp","href":"https:\/\/api.w.org\/{rel}","templated":true}]}}