{"id":9050,"date":"2025-02-09T02:48:09","date_gmt":"2025-02-09T02:48:09","guid":{"rendered":"https:\/\/ikimisli.tr\/?p=9050"},"modified":"2025-02-09T02:48:09","modified_gmt":"2025-02-09T02:48:09","slug":"18-yasindaki-medinenin-organlari-5-hastayi-kurtardi","status":"publish","type":"post","link":"https:\/\/ikimisli.tr\/index.php\/2025\/02\/09\/18-yasindaki-medinenin-organlari-5-hastayi-kurtardi\/","title":{"rendered":"18 ya\u015f\u0131ndaki Medine&#8217;nin organlar\u0131 5 hastay\u0131 kurtard\u0131"},"content":{"rendered":"<p>Salarha beldesinde 3 Ocak\u2019ta yolun kar\u015f\u0131s\u0131na ge\u00e7meye \u00e7al\u0131\u015fan Medine Y\u0131lmaz ile babas\u0131 Ali Faik Y\u0131lmaz\u2019a (56) araba \u00e7arpt\u0131. Kazada \u00fcniversiteye haz\u0131rlanan Medine Y\u0131lmaz ile Ali Faik Y\u0131lmaz yaraland\u0131. Yaral\u0131 baba ve k\u0131z, \u00e7a\u011f\u0131r\u0131lan ambulansla Recep Tayyip Erdo\u011fan \u00dcniversitesi (RTE\u00dc) E\u011fitim ve Ara\u015ft\u0131rma Hastanesi\u2019ne kald\u0131r\u0131ld\u0131. Ali Faik Y\u0131lmaz k\u0131sa m\u00fcddet sonra taburcu edildi.<\/p>\n<p>Hastanenin a\u011f\u0131r bak\u0131m servisinde tedavi g\u00f6ren Medine Y\u0131lmaz\u2019\u0131n beyin mevti ger\u00e7ekle\u015fti. Rize Organ Nakli Koordinat\u00f6rl\u00fc\u011f\u00fc gruplar\u0131n\u0131n g\u00f6r\u00fc\u015ft\u00fc\u011f\u00fc ailesi, Medine\u2019nin organlar\u0131n\u0131 ba\u011f\u0131\u015flama karar\u0131 ald\u0131. Bunun \u00fczerine Y\u0131lmaz\u2019\u0131n organlar\u0131, ameliyatla al\u0131nd\u0131. Medine Y\u0131lmaz\u2019\u0131n iki b\u00f6re\u011finden biri Sivas\u2019a, karaci\u011feri, \u00f6b\u00fcr b\u00f6bre\u011fi ve kornealar\u0131 Samsun\u2018a g\u00f6nderildi. Organlar transfer edilmek i\u00e7in \u00f6zel dolaplarla hastaneden \u00e7\u0131kar\u0131ld\u0131. Y\u0131lmaz\u2019\u0131n ailesi organlar\u0131 g\u00f6zya\u015flar\u0131 i\u00e7erisinde el sallayarak u\u011furlad\u0131.<\/p>\n<p><b><strong>\u20185 HASTAMIZA 2\u2019NC\u0130 B\u0130R TAL\u0130H DO\u011eDU\u2019<\/strong><\/b><\/p>\n<p>RTE\u00dc E\u011fitim ve Ara\u015ft\u0131rma Hastanesi Anestezi Uzman\u0131 Dr. Alihan Madran, ba\u011f\u0131\u015f sayesinde Medine\u2019nin 5 \u015fahsa umut oldu\u011funu s\u00f6yleyerek, \u201c18 ya\u015f\u0131ndaki hastam\u0131z\u0131n ge\u00e7irdi\u011fi trafik kazas\u0131 sonras\u0131 a\u011f\u0131r bak\u0131mda beyin mevti ger\u00e7ekle\u015fti. Hasta yak\u0131nlar\u0131yla g\u00f6r\u00fc\u015fmemiz sonucunda organ ba\u011f\u0131\u015f\u0131n\u0131 kabul ettiler. Organ ba\u011f\u0131\u015f\u0131 ameliyat\u0131n\u0131 ger\u00e7ekle\u015ftirdik. Hastadan 2 kornea, 2 b\u00f6brek ve karaci\u011fer nakil hedefiyle al\u0131nd\u0131. Sol b\u00f6bre\u011fimiz Sivas\u2019a, ba\u015fka organlar\u0131m\u0131z ise Samsun\u2019a g\u00f6nderilmek \u00fczere yol \u00e7\u0131kt\u0131. 5 hastam\u0131za 2\u2019nci bir baht do\u011fdu. Bu verdikleri karardan dolay\u0131 organ ba\u011f\u0131\u015flanacak bireyler ismine te\u015fekk\u00fcr ediyorum\u201d dedi.<\/p>\n<p><b>\u2018\u00c7OK KARDE\u015e KAZANDI\u011eIMI D\u00dc\u015e\u00dcN\u00dcYORUM\u2019<\/b><\/p>\n<p>Mideni Y\u0131lmaz\u2019\u0131n ablas\u0131 Merve Y\u0131lmaz ise \u201cK\u0131z karde\u015fim Medine i\u00e7in buraday\u0131m. Yakla\u015f\u0131k 10 g\u00fcn evvel bir trafik kazas\u0131nda k\u0131z karde\u015fim hastanede tedavi alt\u0131na al\u0131nd\u0131. Kazadan 6 ay evvel karde\u015fim televizyonda g\u00f6rd\u00fc\u011f\u00fc bir haber sonras\u0131 organlar\u0131n\u0131 ba\u011f\u0131\u015flamak istedi\u011fini s\u00f6yledi. Bir aile olarak buna karar vermemiz \u00e7ok g\u00fc\u00e7 oldu. Karde\u015fimin organlar\u0131n\u0131n bir yerde can bulmas\u0131 bizim i\u00e7in gurur verici bir \u015fey. \u00d6ncelikle karde\u015fimin organlar\u0131 kime gidecek bilmiyorum fakat beni bir ablalar\u0131 olarak g\u00f6rmelerini istiyorum. Ben bir karde\u015f kaybettim lakin yerine \u00e7ok karde\u015f kazand\u0131\u011f\u0131m d\u00fc\u015f\u00fcn\u00fcyorum\u201d diye konu\u015ftu.<\/p>\n","protected":false},"excerpt":{"rendered":"<p>Rize\u2019de ge\u00e7irdi\u011fi trafik kazas\u0131 sonras\u0131 tedaviye al\u0131nd\u0131\u011f\u0131 hastanede beyin vefat\u0131 ger\u00e7ekle\u015fen 18 ya\u015f\u0131ndaki Medine Y\u0131lmaz&#8217;\u0131n karaci\u011feri, b\u00f6brekleri ve kornealar\u0131, 5 hastaya umut oldu. Y\u0131lmaz\u2019\u0131n ailesi, nakledilmek i\u00e7in hastaneden \u00e7\u0131kar\u0131lan organlar\u0131 g\u00f6zya\u015flar\u0131 i\u00e7erisinde el sallayarak u\u011furlad\u0131.<\/p>\n","protected":false},"author":1,"featured_media":9051,"comment_status":"open","ping_status":"open","sticky":false,"template":"","format":"standard","meta":{"footnotes":""},"categories":[25],"tags":[519,2141,2142,2140,172],"class_list":["post-9050","post","type-post","status-publish","format-standard","has-post-thumbnail","hentry","category-gundem","tag-hasta","tag-kardes","tag-medine","tag-organ","tag-yilmaz"],"_links":{"self":[{"href":"https:\/\/ikimisli.tr\/index.php\/wp-json\/wp\/v2\/posts\/9050","targetHints":{"allow":["GET"]}}],"collection":[{"href":"https:\/\/ikimisli.tr\/index.php\/wp-json\/wp\/v2\/posts"}],"about":[{"href":"https:\/\/ikimisli.tr\/index.php\/wp-json\/wp\/v2\/types\/post"}],"author":[{"embeddable":true,"href":"https:\/\/ikimisli.tr\/index.php\/wp-json\/wp\/v2\/users\/1"}],"replies":[{"embeddable":true,"href":"https:\/\/ikimisli.tr\/index.php\/wp-json\/wp\/v2\/comments?post=9050"}],"version-history":[{"count":1,"href":"https:\/\/ikimisli.tr\/index.php\/wp-json\/wp\/v2\/posts\/9050\/revisions"}],"predecessor-version":[{"id":9052,"href":"https:\/\/ikimisli.tr\/index.php\/wp-json\/wp\/v2\/posts\/9050\/revisions\/9052"}],"wp:featuredmedia":[{"embeddable":true,"href":"https:\/\/ikimisli.tr\/index.php\/wp-json\/wp\/v2\/media\/9051"}],"wp:attachment":[{"href":"https:\/\/ikimisli.tr\/index.php\/wp-json\/wp\/v2\/media?parent=9050"}],"wp:term":[{"taxonomy":"category","embeddable":true,"href":"https:\/\/ikimisli.tr\/index.php\/wp-json\/wp\/v2\/categories?post=9050"},{"taxonomy":"post_tag","embeddable":true,"href":"https:\/\/ikimisli.tr\/index.php\/wp-json\/wp\/v2\/tags?post=9050"}],"curies":[{"name":"wp","href":"https:\/\/api.w.org\/{rel}","templated":true}]}}