{"id":90600,"date":"2026-01-17T12:00:06","date_gmt":"2026-01-17T12:00:06","guid":{"rendered":"https:\/\/ikimisli.tr\/?p=90600"},"modified":"2026-01-17T12:00:06","modified_gmt":"2026-01-17T12:00:06","slug":"isvec-krali-80-yas-gunu-icin-sadece-tek-bir-hediye-istedi","status":"publish","type":"post","link":"https:\/\/ikimisli.tr\/index.php\/2026\/01\/17\/isvec-krali-80-yas-gunu-icin-sadece-tek-bir-hediye-istedi\/","title":{"rendered":"\u0130sve\u00e7 Kral\u0131 80. ya\u015f g\u00fcn\u00fc i\u00e7in sadece tek bir hediye istedi"},"content":{"rendered":"<p>Gelecek y\u0131l 30 Nisan&#8217;da 80. ya\u015f\u0131n\u0131 kutlayacak olan \u0130sve\u00e7 H\u00fck\u00fcmdar\u0131 Carl XVI Gustaf, kraliyet protokollerini ve ikram gelene\u011fini bir kenara b\u0131rakt\u0131. <\/p>\n<p>Svensk Damtidning&#8217;in saray kaynaklar\u0131na dayand\u0131rd\u0131\u011f\u0131 habere nazaran, h\u00fck\u00fcmdar kendisi i\u00e7in haz\u0131rlanacak k\u0131ymetli arma\u011fan paketlerini yasaklad\u0131.<\/p>\n<p>Kraliyet Mahkemesi&#8217;nden yap\u0131lan resmi a\u00e7\u0131klamada, Kral&#8217;\u0131n dile\u011fi net bir lisanla tabir edildi: &#8220;Majesteleri, 80. do\u011fum g\u00fcn\u00fcyle irtibatl\u0131 verilecek t\u00fcm ikramlar\u0131n \u0130zcilik Hareketi&#8217;ne y\u00f6nlendirilmesini emretmi\u015ftir.&#8221;<\/p>\n<p>Kral bu emelle, hem \u0130sve\u00e7&#8217;teki hem de d\u00fcnyadaki izcilere y\u0131ll\u0131k hibeler da\u011f\u0131tacak olan &#8220;Kral Carl XVI Gustaf&#8217;\u0131n 80. Y\u0131ld\u00f6n\u00fcm\u00fc \u0130zci Hareketi Vakf\u0131&#8221;n\u0131 kurdu.<\/p>\n<p>Kral&#8217;\u0131n bu karar\u0131n\u0131n ard\u0131nda, 9 ya\u015f\u0131ndayken kat\u0131ld\u0131\u011f\u0131 ve hayat\u0131n\u0131 de\u011fi\u015ftiren birinci izci kamp\u0131 yat\u0131yor. Kraliyet dan\u0131\u015fman\u0131 Herman Lindqvist&#8217;e nazaran, kampa giderken teredd\u00fct eden k\u00fc\u00e7\u00fck prens, orada kendi yeme\u011fini pi\u015firmeyi ve kendine bakmay\u0131 \u00f6\u011frendi\u011finde bu k\u00fclt\u00fcre a\u015f\u0131k oldu.<\/p>\n<p>Gen\u00e7lik y\u0131llar\u0131na at\u0131fta bulunan Kral, o g\u00fcnleri &#8220;Tek iste\u011fim kimseye muhta\u00e7 olmadan, kendi ba\u015f\u0131m\u0131n derman\u0131na bakabilmekti&#8221; kelamlar\u0131yla anlat\u0131yor. Bug\u00fcn ise hem ulusal hem de global izcilik \u00f6rg\u00fctlerinin fahri ba\u015fkan\u0131 konumunda.<\/p>\n<p>Daha \u00f6nceki do\u011fum g\u00fcnlerinde de arma\u011fanlar\u0131 hay\u0131r kurumlar\u0131na ba\u011f\u0131\u015flayan Kral i\u00e7in as\u0131l b\u00fcy\u00fck kutlama, 30 Nisan 2026&#8217;da ger\u00e7ekle\u015fecek. Stockholm Saray\u0131&#8217;ndaki \u015f\u00fckran ayini ve askeri ge\u00e7it merasiminin akabinde, d\u00fcnyan\u0131n d\u00f6rt bir yan\u0131ndan gelen konuklar tarihi bir gala yeme\u011finde a\u011f\u0131rlanacak.<\/p>\n","protected":false},"excerpt":{"rendered":"<p>\u0130sve\u00e7 H\u00fck\u00fcmdar\u0131 Carl XVI Gustaf, yakla\u015fan 80. ya\u015f g\u00fcn\u00fc \u00f6ncesinde herkesi \u015fa\u015f\u0131rtan bir karar ald\u0131. Milyonluk ferd\u00ee ikramlar\u0131 elinin z\u0131dd\u0131yla iten Kral, do\u011fum g\u00fcn\u00fc i\u00e7in tek bir \u015fey istedi.<\/p>\n","protected":false},"author":1,"featured_media":90601,"comment_status":"open","ping_status":"open","sticky":false,"template":"","format":"standard","meta":{"footnotes":""},"categories":[43],"tags":[9782,1033],"class_list":["post-90600","post","type-post","status-publish","format-standard","has-post-thumbnail","hentry","category-dunya","tag-izci","tag-kral"],"_links":{"self":[{"href":"https:\/\/ikimisli.tr\/index.php\/wp-json\/wp\/v2\/posts\/90600","targetHints":{"allow":["GET"]}}],"collection":[{"href":"https:\/\/ikimisli.tr\/index.php\/wp-json\/wp\/v2\/posts"}],"about":[{"href":"https:\/\/ikimisli.tr\/index.php\/wp-json\/wp\/v2\/types\/post"}],"author":[{"embeddable":true,"href":"https:\/\/ikimisli.tr\/index.php\/wp-json\/wp\/v2\/users\/1"}],"replies":[{"embeddable":true,"href":"https:\/\/ikimisli.tr\/index.php\/wp-json\/wp\/v2\/comments?post=90600"}],"version-history":[{"count":1,"href":"https:\/\/ikimisli.tr\/index.php\/wp-json\/wp\/v2\/posts\/90600\/revisions"}],"predecessor-version":[{"id":90602,"href":"https:\/\/ikimisli.tr\/index.php\/wp-json\/wp\/v2\/posts\/90600\/revisions\/90602"}],"wp:featuredmedia":[{"embeddable":true,"href":"https:\/\/ikimisli.tr\/index.php\/wp-json\/wp\/v2\/media\/90601"}],"wp:attachment":[{"href":"https:\/\/ikimisli.tr\/index.php\/wp-json\/wp\/v2\/media?parent=90600"}],"wp:term":[{"taxonomy":"category","embeddable":true,"href":"https:\/\/ikimisli.tr\/index.php\/wp-json\/wp\/v2\/categories?post=90600"},{"taxonomy":"post_tag","embeddable":true,"href":"https:\/\/ikimisli.tr\/index.php\/wp-json\/wp\/v2\/tags?post=90600"}],"curies":[{"name":"wp","href":"https:\/\/api.w.org\/{rel}","templated":true}]}}