{"id":90624,"date":"2026-01-17T13:24:07","date_gmt":"2026-01-17T13:24:07","guid":{"rendered":"https:\/\/ikimisli.tr\/?p=90624"},"modified":"2026-01-17T13:24:07","modified_gmt":"2026-01-17T13:24:07","slug":"ozgur-ozel-herkes-sozunu-tutarsa-haftaya-cok-guzel-bir-sey-olacak","status":"publish","type":"post","link":"https:\/\/ikimisli.tr\/index.php\/2026\/01\/17\/ozgur-ozel-herkes-sozunu-tutarsa-haftaya-cok-guzel-bir-sey-olacak\/","title":{"rendered":"\u00d6zg\u00fcr \u00d6zel: Herkes s\u00f6z\u00fcn\u00fc tutarsa haftaya \u00e7ok g\u00fczel bir \u015fey olacak"},"content":{"rendered":"<p>CHP Genel Ba\u015fkan\u0131 \u00d6zg\u00fcr \u00d6zel, Kocatepe K\u00fclt\u00fcr Merkezi&#8217;nde Emeklilerin Onurlu \u00d6m\u00fcr Hakk\u0131 Bulu\u015fmas\u0131&#8217;nda a\u00e7\u0131klamalarda bulundu.<\/p>\n<p>\u00d6zel, AKP iktidar\u0131n\u0131 ele\u015ftirirken siyasetin \u00f6ncelik belirleme i\u015fi oldu\u011funu vurgulad\u0131.<\/p>\n<p>CHP lideri \u00d6zel \u015f\u00f6yle konu\u015ftu:<\/p>\n<p>&#8220;Bu iktidar geldi, en d\u00fc\u015f\u00fck emekli maa\u015f 1.5 minimum fiyatt\u0131. Bug\u00fcn 0.7 minimum fiyat. Yani 0.8&#8217;ini sizden ald\u0131. \u0130nad\u0131na bu hesab\u0131 yap\u0131yorum. &#8216;Sen onun hesab\u0131n\u0131 b\u0131rak&#8217; diyor. O hesab\u0131 b\u0131rak\u0131rsak kendimi inkar etmi\u015f olurum.<\/p>\n<p>Sen geldi\u011finde emekli maa\u015f\u0131yla 8 \u00e7eyrek alt\u0131n al\u0131yordu, bug\u00fcn 2 \u00e7eyrek al\u0131yor. Sen emeklinin cebinden her ay \u00e7eyrek alt\u0131n \u00e7alacak bir plan yapt\u0131n.&#8221;<\/p>\n<p><b>&#8216;G\u00d6ZLER\u0130NDEK\u0130 B\u00dcY\u00dcK \u00d6FKEY\u0130 G\u00d6R\u00dcYORUM&#8217;<\/b><\/p>\n<p>\u00d6zel, devam\u0131nda bir toplumsal krizin yakla\u015fmakta oldu\u011funu s\u00f6yledi. 2009 y\u0131l\u0131ndan beri siyasette oldu\u011funu, se\u00e7im otob\u00fcslerinde devaml\u0131 halk\u0131 g\u00f6zlemledi\u011fini vurgulad\u0131.<\/p>\n<p>&#8220;\u0130lk defa son bir y\u0131ld\u0131r g\u00f6rd\u00fc\u011f\u00fcm, son bir ayd\u0131r en \u00fcst seviyeye ula\u015fm\u0131\u015f halde&#8230; G\u00f6zlerindeki b\u00fcy\u00fck \u00f6fkeyi g\u00f6r\u00fcyorum. Hi\u00e7bir vakit g\u00f6rmedi\u011fim kadar b\u00fcy\u00fck bir \u00f6fke g\u00f6r\u00fcyorum.&#8221;<\/p>\n<p>\u00d6zel, en d\u00fc\u015f\u00fck emekli maa\u015f\u0131yla ilgili iktidar taraf\u0131ndan haz\u0131rlanan teklifi birinci duydu\u011fu an\u0131 \u015f\u00f6yle aktard\u0131:<\/p>\n<p>&#8220;Genel Liderim inanamazs\u0131n\u0131z. Delirmi\u015f bunlar&#8217; dedi. &#8217;20 bin TL yapacaklar&#8217; dedi. Bir de kapat\u0131p gidiyorlar&#8217; dedi. Vallahi dedim, &#8216;Onlar gidiyorsa gitsin. Meclis&#8217;i terk etmeyin arkada\u015flar&#8217; dedim. Sekiz g\u00fcnd\u00fcr gece g\u00fcnd\u00fcz, bayan erkek orada duruyorlar. \u015eu anda da orada n\u00f6bet var.&#8221;<\/p>\n<p>Bilindi\u011fi \u00fczere T\u00fcrkiye \u0130statistik Kurumu&#8217;nun (T\u00dc\u0130K) a\u00e7\u0131klad\u0131\u011f\u0131 enflasyon datalar\u0131 sonras\u0131 matematiksel olarak y\u00fczde 12.19 art\u0131r\u0131mla 16 bin 881 TL&#8217;den 18 bin 939 TL&#8217;ye y\u00fckselen emekli maa\u015f\u0131, b\u00fcy\u00fck reaksiyon \u00e7ekti.<\/p>\n<p>Hal bu t\u00fcrl\u00fc olunca AKP, kanun teklifinde bahse mevzu mebla\u011fda bir d\u00fczeltmeye gitti ve yeni mebla\u011f\u0131 &#8217;20 bin TL&#8217; olarak belirledi. Teklif komiteden ge\u00e7ti. Sonuncu karar, \u00f6n\u00fcm\u00fczdeki hafta Meclis Genel Heyeti&#8217;nde verilecek.<\/p>\n<p><b>&#8216;BAH\u00c7EL\u0130&#8217;N\u0130N DED\u0130\u011e\u0130 \u00dcZERE DAVRANMADILAR&#8217;<\/b><\/p>\n<p>\u00d6zel, DEM Parti ve Yeni Yol&#8217;un da kendileri \u00fczere reaksiyonlu oldu\u011funu, MHP Genel Ba\u015fkan\u0131 Devlet Bah\u00e7eli&#8217;nin de &#8216;sefalet \u00fccreti&#8217; diye ele\u015ftirdi\u011fini hat\u0131rlatarak emeklilere &#8220;Siz art\u0131k Meclis&#8217;te \u00e7o\u011funluksunuz&#8221; diye seslendi.<\/p>\n<p>\u00d6zel \u015f\u00f6yle devam etti:<\/p>\n<p>&#8220;Herkes kelam\u0131n\u0131 tutarsa&#8230; Milletvekilleri d\u00fcn Say\u0131n Bah\u00e7eli&#8217;nin dedi\u011fi gibi davranmad\u0131lar lakin temel oylama Meclis&#8217;te. \u00d6b\u00fcr partilerle de g\u00f6r\u00fc\u015ferek, MHP&#8217;ye de sorarak b\u00fct\u00fcn partilerin uzla\u015fabilece\u011fi bir teklif verece\u011fiz.<\/p>\n<p>E\u011fer bu maa\u015fa &#8216;Sefalet maa\u015f\u0131&#8217; diyen herkes oy verirse siz Meclis&#8217;te az\u0131nl\u0131k de\u011fil \u00e7o\u011funluksunuz. Herkes kelam\u0131n\u0131 tutarsa haftaya \u00e7ok ho\u015f bir \u015fey olacak, sonras\u0131 \u00e7ok ho\u015f olacak.&#8221;<\/p>\n","protected":false},"excerpt":{"rendered":"<p>CHP Genel Ba\u015fkan\u0131 \u00d6zg\u00fcr \u00d6zel, MHP Genel Lideri Devlet Bah\u00e7eli&#8217;nin de &#8216;sefalet \u00fccreti&#8217; tabirini de hat\u0131rlatarak  en d\u00fc\u015f\u00fck emekli maa\u015f\u0131n\u0131n haftaya Meclis&#8217;te oylanaca\u011f\u0131n\u0131n alt\u0131n\u0131 \u00e7izdi. \u00d6zel  &#8220;Herkes kelam\u0131n\u0131 tutarsa haftaya \u00e7ok ho\u015f bir \u015fey olacak, sonras\u0131 \u00e7ok ho\u015f olacak&#8221; dedi.<\/p>\n","protected":false},"author":1,"featured_media":90625,"comment_status":"open","ping_status":"open","sticky":false,"template":"","format":"standard","meta":{"footnotes":""},"categories":[25],"tags":[91,405,57],"class_list":["post-90624","post","type-post","status-publish","format-standard","has-post-thumbnail","hentry","category-gundem","tag-emekli","tag-maas","tag-meclis"],"_links":{"self":[{"href":"https:\/\/ikimisli.tr\/index.php\/wp-json\/wp\/v2\/posts\/90624","targetHints":{"allow":["GET"]}}],"collection":[{"href":"https:\/\/ikimisli.tr\/index.php\/wp-json\/wp\/v2\/posts"}],"about":[{"href":"https:\/\/ikimisli.tr\/index.php\/wp-json\/wp\/v2\/types\/post"}],"author":[{"embeddable":true,"href":"https:\/\/ikimisli.tr\/index.php\/wp-json\/wp\/v2\/users\/1"}],"replies":[{"embeddable":true,"href":"https:\/\/ikimisli.tr\/index.php\/wp-json\/wp\/v2\/comments?post=90624"}],"version-history":[{"count":1,"href":"https:\/\/ikimisli.tr\/index.php\/wp-json\/wp\/v2\/posts\/90624\/revisions"}],"predecessor-version":[{"id":90626,"href":"https:\/\/ikimisli.tr\/index.php\/wp-json\/wp\/v2\/posts\/90624\/revisions\/90626"}],"wp:featuredmedia":[{"embeddable":true,"href":"https:\/\/ikimisli.tr\/index.php\/wp-json\/wp\/v2\/media\/90625"}],"wp:attachment":[{"href":"https:\/\/ikimisli.tr\/index.php\/wp-json\/wp\/v2\/media?parent=90624"}],"wp:term":[{"taxonomy":"category","embeddable":true,"href":"https:\/\/ikimisli.tr\/index.php\/wp-json\/wp\/v2\/categories?post=90624"},{"taxonomy":"post_tag","embeddable":true,"href":"https:\/\/ikimisli.tr\/index.php\/wp-json\/wp\/v2\/tags?post=90624"}],"curies":[{"name":"wp","href":"https:\/\/api.w.org\/{rel}","templated":true}]}}