{"id":9065,"date":"2025-02-09T04:12:04","date_gmt":"2025-02-09T04:12:04","guid":{"rendered":"https:\/\/ikimisli.tr\/?p=9065"},"modified":"2025-02-09T04:12:04","modified_gmt":"2025-02-09T04:12:04","slug":"fatih-terim-ayriligi-acikladi-ikinci-macina-cikmadan","status":"publish","type":"post","link":"https:\/\/ikimisli.tr\/index.php\/2025\/02\/09\/fatih-terim-ayriligi-acikladi-ikinci-macina-cikmadan\/","title":{"rendered":"Fatih Terim ayr\u0131l\u0131\u011f\u0131 a\u00e7\u0131klad\u0131! \u0130kinci ma\u00e7\u0131na \u00e7\u0131kmadan&#8230;"},"content":{"rendered":"<p>Suudi Arabistan Pro Ligi tak\u0131mlar\u0131ndan Al Shabab\u2019\u0131n teknik y\u00f6neticisi Fatih Terim, kadronun Kolombiyal\u0131 orta saha oyuncusu Gustavo Cuellar\u2019\u0131n ayr\u0131laca\u011f\u0131n\u0131 duyurdu.<\/p>\n<p>Al Riyadh ile oynanacak lig ma\u00e7\u0131 \u00f6ncesi bas\u0131n toplant\u0131s\u0131nda konu\u015fan Fatih Terim, &#8220;Gustavo Cuellar, mali sorunlar\u0131n\u0131 \u00e7\u00f6zd\u00fckten sonra kul\u00fcpten ayr\u0131lacak. Onunla tan\u0131\u015ft\u0131\u011f\u0131m ve \u00e7al\u0131\u015ft\u0131\u011f\u0131m i\u00e7in mutluyum&#8221; tabirlerini kulland\u0131. Daha evvel Flamengo&#8217;da da forma giyen deneyimli oyuncunun Gr\u00eamio&#8217;ya transfer olmas\u0131 bekleniyor.\u00a0<\/p>\n<p><b>CUELLAR\u2019IN PERFORMANSI<\/b><\/p>\n<p>32 ya\u015f\u0131ndaki Kolombiyal\u0131 orta saha oyuncusu, bu d\u00f6nem Al Shabab formas\u0131yla 9 ma\u00e7a \u00e7\u0131kt\u0131. Son olarak Al Ahli\u2019ye kar\u015f\u0131 oynanan ve 3-2 kaybedilen m\u00fcsabakada birinci 11&#8217;de alana \u00e7\u0131kan Cuellar, 45 dakika alanda kalm\u0131\u015ft\u0131.<\/p>\n<p><b>AL SHABAB&#8217;IN G\u00dcNDEM\u0130NDE AL RIYADH MA\u00c7I<\/b><\/p>\n<p>Al Shabab, 15 Ocak \u00c7ar\u015famba g\u00fcn\u00fc TS\u0130 18.05\u2019te Al Riyadh\u2019\u0131 konuk edecek. Bu u\u011fra\u015f, Fatih Terim&#8217;in kadronun ba\u015f\u0131nda \u00e7\u0131kt\u0131\u011f\u0131 ikinci ma\u00e7 olacak. Terim, kadronun tak\u0131m\u0131n\u0131 \u015fekillendirme s\u00fcrecinde de\u011ferli de\u011fi\u015fiklikler yapmaya devam ediyor.<\/p>\n<p>Al Shabab\u2019\u0131n transfer piyasas\u0131nda nas\u0131l ataklar yapaca\u011f\u0131 ve Cuellar\u2019\u0131n yerine kimin transfer edilece\u011fi merakla bekleniyor.<\/p>\n","protected":false},"excerpt":{"rendered":"<p>Suudi Arabistan&#8217;da  Al Shabab\u2019\u0131n ba\u015f\u0131na getirilen Fatih Terim, ikinci ma\u00e7\u0131 \u00f6ncesi Kolombiyal\u0131 oyuncusu Gustavo Cuellar ile yollar\u0131n ayr\u0131ld\u0131\u011f\u0131n\u0131 a\u00e7\u0131klad\u0131.<\/p>\n","protected":false},"author":1,"featured_media":9066,"comment_status":"open","ping_status":"open","sticky":false,"template":"","format":"standard","meta":{"footnotes":""},"categories":[30],"tags":[2148],"class_list":["post-9065","post","type-post","status-publish","format-standard","has-post-thumbnail","hentry","category-spor","tag-al-shabab"],"_links":{"self":[{"href":"https:\/\/ikimisli.tr\/index.php\/wp-json\/wp\/v2\/posts\/9065","targetHints":{"allow":["GET"]}}],"collection":[{"href":"https:\/\/ikimisli.tr\/index.php\/wp-json\/wp\/v2\/posts"}],"about":[{"href":"https:\/\/ikimisli.tr\/index.php\/wp-json\/wp\/v2\/types\/post"}],"author":[{"embeddable":true,"href":"https:\/\/ikimisli.tr\/index.php\/wp-json\/wp\/v2\/users\/1"}],"replies":[{"embeddable":true,"href":"https:\/\/ikimisli.tr\/index.php\/wp-json\/wp\/v2\/comments?post=9065"}],"version-history":[{"count":1,"href":"https:\/\/ikimisli.tr\/index.php\/wp-json\/wp\/v2\/posts\/9065\/revisions"}],"predecessor-version":[{"id":9067,"href":"https:\/\/ikimisli.tr\/index.php\/wp-json\/wp\/v2\/posts\/9065\/revisions\/9067"}],"wp:featuredmedia":[{"embeddable":true,"href":"https:\/\/ikimisli.tr\/index.php\/wp-json\/wp\/v2\/media\/9066"}],"wp:attachment":[{"href":"https:\/\/ikimisli.tr\/index.php\/wp-json\/wp\/v2\/media?parent=9065"}],"wp:term":[{"taxonomy":"category","embeddable":true,"href":"https:\/\/ikimisli.tr\/index.php\/wp-json\/wp\/v2\/categories?post=9065"},{"taxonomy":"post_tag","embeddable":true,"href":"https:\/\/ikimisli.tr\/index.php\/wp-json\/wp\/v2\/tags?post=9065"}],"curies":[{"name":"wp","href":"https:\/\/api.w.org\/{rel}","templated":true}]}}