{"id":90710,"date":"2026-01-17T18:12:06","date_gmt":"2026-01-17T18:12:06","guid":{"rendered":"https:\/\/ikimisli.tr\/?p=90710"},"modified":"2026-01-17T18:12:06","modified_gmt":"2026-01-17T18:12:06","slug":"son-dakika-istanbul-icin-kritik-uyari-geldi-bu-tarihlere-dikkat","status":"publish","type":"post","link":"https:\/\/ikimisli.tr\/index.php\/2026\/01\/17\/son-dakika-istanbul-icin-kritik-uyari-geldi-bu-tarihlere-dikkat\/","title":{"rendered":"Son dakika&#8230; \u0130stanbul i\u00e7in kritik uyar\u0131 geldi! Bu tarihlere dikkat"},"content":{"rendered":"<p>\u0130BB Afet \u0130\u015fleri Dairesi AKOM, \u0130stanbul i\u00e7in so\u011fuk ve ya\u011f\u0131\u015fl\u0131 hava uyar\u0131s\u0131 yapt\u0131. Hava s\u0131cakl\u0131klar\u0131n\u0131n bug\u00fcn prestijiyle d\u00fc\u015f\u00fc\u015fe ge\u00e7ece\u011fi, cumartesiyi pazara ba\u011flayan gece yar\u0131s\u0131ndan sonra ise kar bedellerine gerileyece\u011fi varsay\u0131m ediliyor.<\/p>\n<p><b>&#8220;R\u00dcZGAR KUVVETL\u0130 ESECEK&#8221;<\/b><\/p>\n<p>Meteorolojik de\u011ferlendirmelere nazaran r\u00fczg\u00e2r\u0131n, cumartesi g\u00fcn\u00fcnden itibaren pazar g\u00fcn\u00fcne kadar kuzeyli taraflardan yer yer kuvvetli (20\u201350 km\/s) esece\u011fi \u00f6ng\u00f6r\u00fcl\u00fcyor.<\/p>\n<p><b>\u201cYA\u011eI\u015eLAR PAZAR G\u00dcN\u00dc KAR, SULU KAR HAL\u0130NDE TES\u0130RL\u0130 OLACAK\u201d<\/b><\/p>\n<p>Cumartesi g\u00fcn\u00fc b\u00f6lgede aral\u0131kl\u0131 ve lokal ya\u011f\u0131\u015flar beklenirken, ya\u011f\u0131\u015flar\u0131n pazar sabah saatlerinden itibaren (08.00) karla kar\u0131\u015f\u0131k ya\u011fmur, y\u00fcksek k\u0131s\u0131mlarda ise kar bi\u00e7iminde g\u00f6r\u00fclece\u011fi bildirildi. Pazar g\u00fcn\u00fc ak\u015fam saatlerinden (16.00) sonra s\u0131cakl\u0131klar\u0131n 2\u00b0C ve alt\u0131na d\u00fc\u015fmesiyle birlikte ya\u011f\u0131\u015flar\u0131n aral\u0131klarla lokal kuvvetli kar sa\u011fana\u011f\u0131na d\u00f6n\u00fc\u015febilece\u011fi varsay\u0131m ediliyor. Ya\u011f\u0131\u015flar\u0131n pazartesi g\u00fcn\u00fc ak\u015fam saatleri prestijiyle tesirini kaybetmesi bekleniyor.<\/p>\n<p><img decoding=\"async\" src=\"https:\/\/ikimisli.tr\/wp-content\/uploads\/2026\/01\/son-dakika-istanbul-icin-kritik-uyari-geldi-bu-tarihlere-dikkat-0-Qrs682cu.jpg\"\/><\/p>\n<p><b>TEDB\u0130R DAVET\u0130 YAPILDI<\/b><\/p>\n<p>Pazar gecesi ile pazartesi sabah saatlerinde beklenen so\u011fuk hava ve kar ya\u011f\u0131\u015f\u0131 nedeniyle kara, hava ve deniz yolu ula\u015f\u0131m\u0131nda ya\u015fanabilecek aksamalar, buzlanma ve don \u00fczere aksiliklere kar\u015f\u0131 vatanda\u015flar\u0131n ve ilgili \u00fcnitelerin \u00f6nlemli olmas\u0131 istendi. Mesai saatleri d\u0131\u015f\u0131nda n\u00f6bet\u00e7i i\u015f\u00e7i g\u00f6revlendirilmesi ve yap\u0131lacak ikazlar do\u011frultusunda gerekli m\u00fcdahale \u00e7al\u0131\u015fmalar\u0131n\u0131n s\u00fcrd\u00fcr\u00fclmesinin k\u0131ymet ta\u015f\u0131d\u0131\u011f\u0131 vurguland\u0131.<\/p>\n","protected":false},"excerpt":{"rendered":"<p>\u0130stanbul B\u00fcy\u00fck\u015fehir Belediyesi (\u0130BB) Afet \u0130\u015fleri Dairesi AKOM, \u0130stanbul i\u00e7in so\u011fuk ve ya\u011f\u0131\u015fl\u0131 hava uyar\u0131s\u0131 yapt\u0131. Mevsim normallerinin \u00fczerinde seyreden hava s\u0131cakl\u0131klar\u0131n\u0131n bug\u00fcn prestijiyle d\u00fc\u015f\u00fc\u015fe ge\u00e7ece\u011fi, cumartesiyi pazara ba\u011flayan gece yar\u0131s\u0131ndan sonra ise aral\u0131kl\u0131 kar ya\u011f\u0131\u015f\u0131n\u0131n yan\u0131 s\u0131ra sulu kar ya\u011f\u0131\u015f\u0131 beklendi\u011fi belirtildi.<\/p>\n","protected":false},"author":1,"featured_media":90711,"comment_status":"open","ping_status":"open","sticky":false,"template":"","format":"standard","meta":{"footnotes":""},"categories":[25],"tags":[379,340,9792,9793],"class_list":["post-90710","post","type-post","status-publish","format-standard","has-post-thumbnail","hentry","category-gundem","tag-kar","tag-pazar","tag-saatleri","tag-yagislar"],"_links":{"self":[{"href":"https:\/\/ikimisli.tr\/index.php\/wp-json\/wp\/v2\/posts\/90710","targetHints":{"allow":["GET"]}}],"collection":[{"href":"https:\/\/ikimisli.tr\/index.php\/wp-json\/wp\/v2\/posts"}],"about":[{"href":"https:\/\/ikimisli.tr\/index.php\/wp-json\/wp\/v2\/types\/post"}],"author":[{"embeddable":true,"href":"https:\/\/ikimisli.tr\/index.php\/wp-json\/wp\/v2\/users\/1"}],"replies":[{"embeddable":true,"href":"https:\/\/ikimisli.tr\/index.php\/wp-json\/wp\/v2\/comments?post=90710"}],"version-history":[{"count":1,"href":"https:\/\/ikimisli.tr\/index.php\/wp-json\/wp\/v2\/posts\/90710\/revisions"}],"predecessor-version":[{"id":90713,"href":"https:\/\/ikimisli.tr\/index.php\/wp-json\/wp\/v2\/posts\/90710\/revisions\/90713"}],"wp:featuredmedia":[{"embeddable":true,"href":"https:\/\/ikimisli.tr\/index.php\/wp-json\/wp\/v2\/media\/90711"}],"wp:attachment":[{"href":"https:\/\/ikimisli.tr\/index.php\/wp-json\/wp\/v2\/media?parent=90710"}],"wp:term":[{"taxonomy":"category","embeddable":true,"href":"https:\/\/ikimisli.tr\/index.php\/wp-json\/wp\/v2\/categories?post=90710"},{"taxonomy":"post_tag","embeddable":true,"href":"https:\/\/ikimisli.tr\/index.php\/wp-json\/wp\/v2\/tags?post=90710"}],"curies":[{"name":"wp","href":"https:\/\/api.w.org\/{rel}","templated":true}]}}