{"id":90726,"date":"2026-01-17T19:12:06","date_gmt":"2026-01-17T19:12:06","guid":{"rendered":"https:\/\/ikimisli.tr\/?p=90726"},"modified":"2026-01-17T19:12:06","modified_gmt":"2026-01-17T19:12:06","slug":"suriye-ordusundan-operasyon-sinyali-hedefler-belirlendi","status":"publish","type":"post","link":"https:\/\/ikimisli.tr\/index.php\/2026\/01\/17\/suriye-ordusundan-operasyon-sinyali-hedefler-belirlendi\/","title":{"rendered":"Suriye ordusundan operasyon sinyali: Hedefler belirlendi"},"content":{"rendered":"<p>Suriye ordusu, m\u00fcmk\u00fcn operasyonda F\u0131rat Irma\u011f\u0131&#8217;n\u0131n bat\u0131s\u0131ndaki ter\u00f6r \u00f6rg\u00fct\u00fc YPG\/SDG&#8217;nin i\u015fgal alt\u0131nda yer alan Deyr Hafir beldesinde ter\u00f6r \u00f6rg\u00fct\u00fcn\u00fcn yuvaland\u0131\u011f\u0131 noktalar\u0131n haritas\u0131n\u0131 payla\u015farak sivillere bu gayelerden uzak durmalar\u0131 daveti yapt\u0131.<\/p>\n<p>Ordudan bas\u0131na g\u00f6nderilen yaz\u0131l\u0131 a\u00e7\u0131klamada, ter\u00f6r \u00f6rg\u00fct\u00fc YPG\/SDG&#8217;nin i\u015fgalindeki Deyr Hafir beldesinde yer alan 4 farkl\u0131 noktan\u0131n haritalar\u0131 payla\u015f\u0131ld\u0131.<\/p>\n<p>Ter\u00f6r \u00f6rg\u00fct\u00fc PKK ve YPG\/SDG&#8217;nin yan\u0131 s\u0131ra devrik Be\u015f\u015far Esed rejimi mensuplar\u0131n\u0131n haritalarda i\u015faretlenen noktalarda yuvaland\u0131klar\u0131 belirtildi.<\/p>\n<p>Bu noktalar\u0131n ter\u00f6r \u00f6rg\u00fctlerince Halep kenti ve do\u011fusunda yer alan yerlerdeki sivil yerle\u015fimlere ba\u015fta kamikaze insans\u0131z hava ara\u00e7lar\u0131yla (\u0130HA) olmak \u00fczere h\u00fccum d\u00fczenlenmek i\u00e7in f\u0131rlatma noktas\u0131 olarak kullan\u0131ld\u0131\u011f\u0131 tabir edildi.<\/p>\n<p>Sivillere, Suriye ordusunun Deyr Hafir&#8217;e muhtemel operasyonunda ama\u00e7 al\u0131nmas\u0131 beklenen bu noktalardan uzak durmalar\u0131 daveti yap\u0131ld\u0131.<\/p>\n<p>Suriye ordusu, 13 Ocak&#8217;ta ba\u015fta Deyr Hafir ve Meskene olmak \u00fczere F\u0131rat Irma\u011f\u0131&#8217;n\u0131n bat\u0131s\u0131nda ter\u00f6r \u00f6rg\u00fct\u00fcn\u00fcn i\u015fgalindeki b\u00f6lgeleri askeri alan ilan etmi\u015fti.<\/p>\n<p>Deyr Hafir&#8217;deki sivillerin s\u00fcreksiz ve inan\u00e7l\u0131 tahliyesi i\u00e7in Suriye ordusu d\u00fcn ve bug\u00fcn M15 kara yolunda insani koridor a\u00e7m\u0131\u015ft\u0131.<\/p>\n<p>\u00a0<\/p>\n","protected":false},"excerpt":{"rendered":"<p>Suriye ordusu, ter\u00f6r \u00f6rg\u00fct\u00fc YPG\/SDG\u2019nin i\u015fgali alt\u0131nda bulunan Deyr Hafir beldesinde maksat alaca\u011f\u0131 ter\u00f6r noktalar\u0131n\u0131n haritas\u0131n\u0131 payla\u015ft\u0131. Ordudan yap\u0131lan a\u00e7\u0131klamada, sivillerin belirtilen ter\u00f6r maksatlar\u0131ndan uzak durmalar\u0131 istendi.<\/p>\n","protected":false},"author":1,"featured_media":90727,"comment_status":"open","ping_status":"open","sticky":false,"template":"","format":"standard","meta":{"footnotes":""},"categories":[25],"tags":[9794,847],"class_list":["post-90726","post","type-post","status-publish","format-standard","has-post-thumbnail","hentry","category-gundem","tag-deyr-hafir","tag-teror-orgutu"],"_links":{"self":[{"href":"https:\/\/ikimisli.tr\/index.php\/wp-json\/wp\/v2\/posts\/90726","targetHints":{"allow":["GET"]}}],"collection":[{"href":"https:\/\/ikimisli.tr\/index.php\/wp-json\/wp\/v2\/posts"}],"about":[{"href":"https:\/\/ikimisli.tr\/index.php\/wp-json\/wp\/v2\/types\/post"}],"author":[{"embeddable":true,"href":"https:\/\/ikimisli.tr\/index.php\/wp-json\/wp\/v2\/users\/1"}],"replies":[{"embeddable":true,"href":"https:\/\/ikimisli.tr\/index.php\/wp-json\/wp\/v2\/comments?post=90726"}],"version-history":[{"count":1,"href":"https:\/\/ikimisli.tr\/index.php\/wp-json\/wp\/v2\/posts\/90726\/revisions"}],"predecessor-version":[{"id":90728,"href":"https:\/\/ikimisli.tr\/index.php\/wp-json\/wp\/v2\/posts\/90726\/revisions\/90728"}],"wp:featuredmedia":[{"embeddable":true,"href":"https:\/\/ikimisli.tr\/index.php\/wp-json\/wp\/v2\/media\/90727"}],"wp:attachment":[{"href":"https:\/\/ikimisli.tr\/index.php\/wp-json\/wp\/v2\/media?parent=90726"}],"wp:term":[{"taxonomy":"category","embeddable":true,"href":"https:\/\/ikimisli.tr\/index.php\/wp-json\/wp\/v2\/categories?post=90726"},{"taxonomy":"post_tag","embeddable":true,"href":"https:\/\/ikimisli.tr\/index.php\/wp-json\/wp\/v2\/tags?post=90726"}],"curies":[{"name":"wp","href":"https:\/\/api.w.org\/{rel}","templated":true}]}}