{"id":90774,"date":"2026-01-17T22:00:05","date_gmt":"2026-01-17T22:00:05","guid":{"rendered":"https:\/\/ikimisli.tr\/?p=90774"},"modified":"2026-01-17T22:00:05","modified_gmt":"2026-01-17T22:00:05","slug":"saglik-hizmetlerinde-bazi-islemlerin-fiyatlari-degisti","status":"publish","type":"post","link":"https:\/\/ikimisli.tr\/index.php\/2026\/01\/17\/saglik-hizmetlerinde-bazi-islemlerin-fiyatlari-degisti\/","title":{"rendered":"Sa\u011fl\u0131k hizmetlerinde baz\u0131 i\u015flemlerin fiyatlar\u0131 de\u011fi\u015fti"},"content":{"rendered":"<p>Tebli\u011fe nazaran, bilgisayarl\u0131 tomografi (BT) ve manyetik rezonans g\u00f6r\u00fcnt\u00fcleme (MR) s\u00fcre\u00e7lerinde hem fiyatlar g\u00fcncellendi hem de t\u0131pk\u0131 hastaya t\u0131pk\u0131 ay i\u00e7inde yap\u0131labilecek s\u00fcre\u00e7 say\u0131s\u0131na ait kurallar belirlendi. BT \u00e7ekimlerinde s\u00fcre\u00e7 bedelleri 450 lira ile 505 lira aral\u0131\u011f\u0131nda belirlenirken, MR \u00e7ekimlerinde \u00f6denecek mebla\u011flar s\u00fcre\u00e7 tipine nazaran 673 liradan ba\u015flayarak 1.111 liraya kadar \u00e7\u0131kt\u0131. T\u0131pk\u0131 ay i\u00e7inde birden fazla yap\u0131lan s\u00fcre\u00e7lerde ise en y\u00fcksek bedelli s\u00fcrecin temel al\u0131naca\u011f\u0131 karara ba\u011fland\u0131.\u00a0<\/p>\n<p>Acil servislerde uygulanan birtak\u0131m s\u00fcre\u00e7lerin de fiyatlar\u0131 yine d\u00fczenlendi. Buna nazaran acil serviste kritik hasta yatak ve takibi i\u00e7in 577 lira, FAST ultrasonografi i\u00e7in 297 lira, transkutan pacemaker uygulamas\u0131 i\u00e7in ise 386 lira bedel belirlendi. Bildirimde, acil servislerde hangi s\u00fcre\u00e7lerin ka\u00e7 sefer faturaland\u0131r\u0131labilece\u011fine ait s\u0131n\u0131rlamalara da yer verildi.<\/p>\n<p><b>TIBB\u0130 M\u00dcNASEBET KA\u0130DES\u0130 ARANACAK<\/b><\/p>\n<p>De\u011fi\u015fiklikle birlikte radyolojik ve n\u00fckleer t\u0131p alan\u0131ndaki s\u00fcre\u00e7lerde dikkat cazip fiyat art\u0131\u015flar\u0131 yap\u0131ld\u0131. Buna nazaran, radyon\u00fcklid tedaviler kapsam\u0131nda yer alan birtak\u0131m uygulamalar\u0131n bedelleri 184 bin liraya kadar y\u00fckseldi. N\u00fckleer t\u0131p alan\u0131nda kullan\u0131lan I-131 ile yap\u0131lan kimi tedavilerin bedelleri ise 2 bin 700 lira ile 7 bin 200 lira ortas\u0131nda belirlendi. Bu s\u00fcre\u00e7ler i\u00e7in uzman tabip raporu ve t\u0131bbi m\u00fcnasebet kural\u0131 aranaca\u011f\u0131 da bildiride yer ald\u0131.\u00a0<\/p>\n<p>Tebli\u011f kapsam\u0131nda giri\u015fimsel s\u00fcre\u00e7ler, anjiyografi, endoskopik s\u00fcre\u00e7ler ile a\u011f\u0131r bak\u0131m hizmetlerine ait s\u00fcre\u00e7 puanlar\u0131 ve fiyat listeleri de g\u00fcncellendi. Birtak\u0131m giri\u015fimsel tedavilerde bedellerin 7 bin lira ile 15 bin lira ortas\u0131nda de\u011fi\u015fti\u011fi, birtak\u0131m s\u00fcre\u00e7lerin ise birlikte faturaland\u0131r\u0131lamayaca\u011f\u0131 belirtildi.\u00a0<\/p>\n<p>Ayr\u0131ca ortez, protez ve t\u0131bbi gere\u00e7 listelerinde de de\u011ferli fiyat g\u00fcncellemelerine gidildi. Buna nazaran, al\u00fcminyum koltuk de\u011fne\u011fi i\u00e7in 63 lira, ayak bile\u011fi sabitleyici ortez i\u00e7in 369 lira, ayarlanabilir diz eklemi ortezi i\u00e7in yakla\u015f\u0131k 1.500 lira bedel belirlenirken, birtak\u0131m y\u00fcr\u00fcme ortezleri ile kal\u00e7a ve diz protezlerinde kullan\u0131lan kesimlerin fiyatlar\u0131n\u0131n 7 bin lira ile 10 bin lira band\u0131na \u00e7\u0131kt\u0131\u011f\u0131 g\u00f6r\u00fcld\u00fc. Yap\u0131lan d\u00fczenlemeler yay\u0131mland\u0131\u011f\u0131 tarihte y\u00fcr\u00fcrl\u00fc\u011fe girdi.<\/p>\n","protected":false},"excerpt":{"rendered":"<p>Sosyal G\u00fcvenlik Kurumu (SGK) S\u0131hhat Hizmetleri Fiyatland\u0131rma Komisyonu\u2019nun karar\u0131yla S\u0131hhat Uygulama Tebli\u011fi\u2019nde (SUT) de\u011fi\u015fikli\u011fe gidildi. Resmi Gazete\u2019de yay\u0131mlanan bildirim ile, \u00e7ok say\u0131da s\u0131hhat hizmetinin fiyat\u0131, s\u00fcre\u00e7 puan\u0131 ve faturaland\u0131rma as\u0131llar\u0131 tekrar d\u00fczenlenirken, birtak\u0131m tetkik ve tedavilere ait uygulama ko\u015fullar\u0131 da netle\u015ftirildi.<\/p>\n","protected":false},"author":1,"featured_media":90775,"comment_status":"open","ping_status":"open","sticky":false,"template":"","format":"standard","meta":{"footnotes":""},"categories":[29],"tags":[2472,1269,394,473,174],"class_list":["post-90774","post","type-post","status-publish","format-standard","has-post-thumbnail","hentry","category-saglik","tag-bazi","tag-bedel","tag-fiyat","tag-islem","tag-lira"],"_links":{"self":[{"href":"https:\/\/ikimisli.tr\/index.php\/wp-json\/wp\/v2\/posts\/90774","targetHints":{"allow":["GET"]}}],"collection":[{"href":"https:\/\/ikimisli.tr\/index.php\/wp-json\/wp\/v2\/posts"}],"about":[{"href":"https:\/\/ikimisli.tr\/index.php\/wp-json\/wp\/v2\/types\/post"}],"author":[{"embeddable":true,"href":"https:\/\/ikimisli.tr\/index.php\/wp-json\/wp\/v2\/users\/1"}],"replies":[{"embeddable":true,"href":"https:\/\/ikimisli.tr\/index.php\/wp-json\/wp\/v2\/comments?post=90774"}],"version-history":[{"count":1,"href":"https:\/\/ikimisli.tr\/index.php\/wp-json\/wp\/v2\/posts\/90774\/revisions"}],"predecessor-version":[{"id":90776,"href":"https:\/\/ikimisli.tr\/index.php\/wp-json\/wp\/v2\/posts\/90774\/revisions\/90776"}],"wp:featuredmedia":[{"embeddable":true,"href":"https:\/\/ikimisli.tr\/index.php\/wp-json\/wp\/v2\/media\/90775"}],"wp:attachment":[{"href":"https:\/\/ikimisli.tr\/index.php\/wp-json\/wp\/v2\/media?parent=90774"}],"wp:term":[{"taxonomy":"category","embeddable":true,"href":"https:\/\/ikimisli.tr\/index.php\/wp-json\/wp\/v2\/categories?post=90774"},{"taxonomy":"post_tag","embeddable":true,"href":"https:\/\/ikimisli.tr\/index.php\/wp-json\/wp\/v2\/tags?post=90774"}],"curies":[{"name":"wp","href":"https:\/\/api.w.org\/{rel}","templated":true}]}}