{"id":90777,"date":"2026-01-17T22:12:07","date_gmt":"2026-01-17T22:12:07","guid":{"rendered":"https:\/\/ikimisli.tr\/?p=90777"},"modified":"2026-01-17T22:12:07","modified_gmt":"2026-01-17T22:12:07","slug":"7-yilin-ardindan-tarkan-affedin-beni","status":"publish","type":"post","link":"https:\/\/ikimisli.tr\/index.php\/2026\/01\/17\/7-yilin-ardindan-tarkan-affedin-beni\/","title":{"rendered":"7 y\u0131l\u0131n ard\u0131ndan Tarkan: Affedin beni"},"content":{"rendered":"<p>Megastar Tarkan, uzun bir ortan\u0131n akabinde Hitt Yap\u0131m tertibiyle \u0130stanbul\u2019da verece\u011fi 8 konserin birincisini Volkswagen Arena\u2019da ger\u00e7ekle\u015ftirdi.<\/p>\n<p>Konsere 1997&#8217;de birebir isimle \u00e7\u0131kard\u0131\u011f\u0131 &#8220;\u00d6l\u00fcr\u00fcm Sana&#8221; m\u00fczi\u011fiyle ba\u015flayan Tarkan, akabinde &#8220;Dudu&#8221; m\u00fczi\u011fini seslendirdi.<\/p>\n<p>Sahnede k\u0131sa bir konu\u015fma yapan sanat\u00e7\u0131, &#8220;Sen ba\u015fkas\u0131n \u0130stanbul, e\u015fin benzerinin yok. Affedin beni, bu kadar y\u0131llar\u0131 ortaya koymamal\u0131yd\u0131m.&#8221; dedi.<\/p>\n<p><img decoding=\"async\" src=\"https:\/\/ikimisli.tr\/wp-content\/uploads\/2026\/01\/7-yilin-ardindan-tarkan-affedin-beni-0-TYxDJB5O.jpg\"\/><\/p>\n<p><b>\u00c7OK SAYIDA \u00dcNL\u00dc \u0130S\u0130M \u0130ZLED\u0130<\/b><\/p>\n<p>Yo\u011fun ilgi g\u00f6ren konserde Tarkan\u2019\u0131, Ezgi Mola, Bur\u00e7in Terzio\u011flu, Sedef Avc\u0131, Esra Erol, Merve Dizdar, Meri\u00e7 Aral ve Serkan Keskin\u2019in de ortalar\u0131nda bulundu\u011fu \u00e7ok say\u0131da \u00fcnl\u00fc isim izledi.<\/p>\n<p>Konserde sevilen m\u00fcziklerini hayranlar\u0131yla birlikte seslendiren Tarkan, yar\u0131n ile 20, 23, 24, 27, 30 ve 31 Ocak\u2019ta Volkswagen Arena\u2019da konser verecek.<\/p>\n<p><img decoding=\"async\" src=\"https:\/\/ikimisli.tr\/wp-content\/uploads\/2026\/01\/7-yilin-ardindan-tarkan-affedin-beni-1-TO5BFWwg.jpg\"\/><\/p>\n<p>Hayranlar\u0131n\u0131n a\u011f\u0131r ilgisi nedeniyle, Tarkan&#8217;\u0131n birinci d\u00f6rt konserin biletleri 45 dakikada, sonraki d\u00f6rt konserin biletleri ise yakla\u015f\u0131k 1 saatte t\u00fckenmi\u015fti.<\/p>\n","protected":false},"excerpt":{"rendered":"<p>\u00dcnl\u00fc m\u00fczik\u00e7i Tarkan, yakla\u015f\u0131k 7 y\u0131l ortadan sonra \u0130stanbul\u2019daki birinci konserinde sevenleriyle bulu\u015ftu. Sahnede k\u0131sa bir konu\u015fma yapan sanat\u00e7\u0131, &#8220;Sen ba\u015fkas\u0131n \u0130stanbul, e\u015fin benzerinin yok. Affedin beni, bu kadar y\u0131llar\u0131 ortaya koymamal\u0131yd\u0131m.&#8221; dedi.<\/p>\n","protected":false},"author":1,"featured_media":90778,"comment_status":"open","ping_status":"open","sticky":false,"template":"","format":"standard","meta":{"footnotes":""},"categories":[27],"tags":[479],"class_list":["post-90777","post","type-post","status-publish","format-standard","has-post-thumbnail","hentry","category-magazin","tag-konser"],"_links":{"self":[{"href":"https:\/\/ikimisli.tr\/index.php\/wp-json\/wp\/v2\/posts\/90777","targetHints":{"allow":["GET"]}}],"collection":[{"href":"https:\/\/ikimisli.tr\/index.php\/wp-json\/wp\/v2\/posts"}],"about":[{"href":"https:\/\/ikimisli.tr\/index.php\/wp-json\/wp\/v2\/types\/post"}],"author":[{"embeddable":true,"href":"https:\/\/ikimisli.tr\/index.php\/wp-json\/wp\/v2\/users\/1"}],"replies":[{"embeddable":true,"href":"https:\/\/ikimisli.tr\/index.php\/wp-json\/wp\/v2\/comments?post=90777"}],"version-history":[{"count":1,"href":"https:\/\/ikimisli.tr\/index.php\/wp-json\/wp\/v2\/posts\/90777\/revisions"}],"predecessor-version":[{"id":90781,"href":"https:\/\/ikimisli.tr\/index.php\/wp-json\/wp\/v2\/posts\/90777\/revisions\/90781"}],"wp:featuredmedia":[{"embeddable":true,"href":"https:\/\/ikimisli.tr\/index.php\/wp-json\/wp\/v2\/media\/90778"}],"wp:attachment":[{"href":"https:\/\/ikimisli.tr\/index.php\/wp-json\/wp\/v2\/media?parent=90777"}],"wp:term":[{"taxonomy":"category","embeddable":true,"href":"https:\/\/ikimisli.tr\/index.php\/wp-json\/wp\/v2\/categories?post=90777"},{"taxonomy":"post_tag","embeddable":true,"href":"https:\/\/ikimisli.tr\/index.php\/wp-json\/wp\/v2\/tags?post=90777"}],"curies":[{"name":"wp","href":"https:\/\/api.w.org\/{rel}","templated":true}]}}