{"id":90797,"date":"2026-01-17T23:12:06","date_gmt":"2026-01-17T23:12:06","guid":{"rendered":"https:\/\/ikimisli.tr\/?p=90797"},"modified":"2026-01-17T23:12:06","modified_gmt":"2026-01-17T23:12:06","slug":"mesemlerin-basarisiz-gorunmemesi-icin-sinav-sorularini-dagitmislar","status":"publish","type":"post","link":"https:\/\/ikimisli.tr\/index.php\/2026\/01\/17\/mesemlerin-basarisiz-gorunmemesi-icin-sinav-sorularini-dagitmislar\/","title":{"rendered":"MESEM\u2019lerin ba\u015far\u0131s\u0131z g\u00f6r\u00fcnmemesi i\u00e7in s\u0131nav sorular\u0131n\u0131 da\u011f\u0131tm\u0131\u015flar!"},"content":{"rendered":"<p>T\u00fcrkiye&#8217;de k\u00e2\u011f\u0131t \u00fczerindeki resmi datalara nazaran d\u00fcn 16 milyon 875 bin 722 \u00f6\u011frenci karne ald\u0131. 2025-2026 e\u011fitim \u00f6\u011fretim y\u0131l\u0131n\u0131n birinci yar\u0131s\u0131 tahlil bekleyen devasa meselelerin g\u00f6lgesinde tamamland\u0131.<\/p>\n<p><strong>1 G\u00dcN OKUL, 4 G\u00dcN \u0130\u015e<\/strong><\/p>\n<p>\u00c7a\u011f n\u00fcfusuna nazaran \u00e7ocuklar\u0131n y\u00fczde 4.6\u2019s\u0131 ilkokula, y\u00fczde 5.6\u2019s\u0131 ortaokula ve y\u00fczde 17.2\u2019si liseye hi\u00e7 gitmiyor. MESEM\u2019 de kay\u0131tl\u0131 559 bin \u00e7ocuk personel de d\u00fcn karne ald\u0131.  Haftada 4 g\u00fcn i\u015fe ve 1 g\u00fcn okula giden bu \u00e7ocuklar, yar\u0131y\u0131l tatili yerine i\u015fe gitti. Ayda yaln\u0131zca 4 g\u00fcn ve haftada 1 g\u00fcn okula gidiyorlar. Din k\u00fclt\u00fcr\u00fc ve ahlak bilgisi, v\u00fccut e\u011fitimi, edebiyat, matematik ve meslek dersi olmak \u00fczere g\u00f6rd\u00fckleri yaln\u0131zca 5 dersleri var.<\/p>\n<p><strong>G\u00dcNL\u00dcKLER\u0130 196 L\u0130RA<\/strong><\/p>\n<p>Ayda 16 g\u00fcn i\u015fe giden MESEM \u00f6\u011frencilerine \u00f6denen maa\u015f yeni art\u0131r\u0131mla birlikte 8 bin 422 TL oldu. 16 ya\u015f\u0131ndaki \u00e7ocuk personeller \u015fayet a\u00e7 kalmay\u0131 g\u00f6ze almazlarsa ortalama g\u00fcnl\u00fck 330 TL hesaplanan yemek fiyat\u0131 i\u00e7in 5 bin 280 TL \u00f6demeleri gerekiyor. \u00d6\u011frenci ba\u015f\u0131na ayda 3 bin 142 TL ve g\u00fcnde 196 TL kal\u0131yor.<\/p>\n<p><b><span>MESEM \u00f6\u011frencileri skandal\u0131 anlatt\u0131: Derslerimiz bo\u015f ge\u00e7iyor<\/span><\/b><\/p>\n<p>\u00d6\u011frenci R.K: \u201cOkul ismi alt\u0131nda \u00e7al\u0131\u015ft\u0131r\u0131lan \u00e7ocuk personeliz. Okulda ders i\u015flemiyoruz. \u0130mtihanlardan evvel bize <br \/>soru ve kar\u015f\u0131l\u0131klar\u0131 veriyorlar. Ezberleyip, imtihanda yaz\u0131yoruz. Karnelerimiz bizim evvelki g\u00fcn da\u011f\u0131t\u0131ld\u0131. Ben takdir ald\u0131m. Arkada\u015flar\u0131m\u0131n birden fazla  takdir ve te\u015fekk\u00fcr ald\u0131.\u201d  <\/p>\n<p><strong>\u201cKARNELER\u0130M\u0130Z\u0130 HAK ETM\u0130YORUZ\u201d<\/strong><\/p>\n<p>\u00d6\u011eRENC\u0130 D.A:  \u201c9. s\u0131n\u0131ftay\u0131m. Haftada bir g\u00fcn okula gidiyorum. O bir g\u00fcnde de \u00f6\u011fretmenlerimiz derslere gelmiyor. M\u00fcd\u00fcr, \u2018Sessizce s\u0131n\u0131fta oturup ders saati dolunca \u00e7\u0131k\u0131p gidin\u2019 diyor. Defterlerimiz bombo\u015f. Okula gidip yaln\u0131zca arkada\u015flarla tak\u0131l\u0131yoruz. Ben karneyi hak etmedi\u011fimi d\u00fc\u015f\u00fcn\u00fcyorum. Takdir-te\u015fekk\u00fcr de verdiler.\u201d <br \/>\u00d6\u011eRENC\u0130 N.A.\u00c7: \u201cMESEM\u2019de \u00f6rg\u00fcn e\u011fitim \u00f6\u011frencisiyim. Bu nedenle okulda telefonlar\u0131m\u0131z\u0131 topluyorlar. 6 g\u00fcn devams\u0131zl\u0131k yapan s\u0131n\u0131fta kal\u0131yor. Ders i\u015flemesek de mecbur gidiyoruz. S\u0131n\u0131ftaki ekrandan \u00e7e\u015fitli g\u00f6r\u00fcnt\u00fcler izletiyorlar. \u0130nk\u0131lap Tarihi dersi g\u00f6rmeyi \u00e7ok istiyorum lakin yok. Bo\u015f bo\u015f oturup takdir ald\u0131m.\u201d <\/p>\n<p><img decoding=\"async\" src=\"https:\/\/ikimisli.tr\/wp-content\/uploads\/2026\/01\/mesemlerin-basarisiz-gorunmemesi-icin-sinav-sorularini-dagitmislar-0-lthaQ7QT.jpg\"\/><\/p>\n<p><b><span>Her 100 \u00e7ocuktan 17\u2019si karne alamad\u0131<\/span><\/b><\/p>\n<p>-\u0130lkokulda net okulla\u015fma oran\u0131 y\u00fczde 95.4<br \/>-Ortaokulda net okulla\u015fma oran\u0131 y\u00fczde 94.4<br \/>-Orta\u00f6\u011fretimde net okulla\u015fma oran\u0131 y\u00fczde 82.8<\/p>\n<p><img decoding=\"async\" src=\"https:\/\/ikimisli.tr\/wp-content\/uploads\/2026\/01\/mesemlerin-basarisiz-gorunmemesi-icin-sinav-sorularini-dagitmislar-1-7FyEaqgW.jpg\"\/><\/p>\n<p><b><span>94 \u00e7ocuk emek\u00e7i \u00f6ld\u00fc<\/span><\/b><\/p>\n<p>2025 y\u0131l\u0131nda 17\u2019si MESEM \u00f6\u011frencisi 94 \u00e7ocuk, i\u015f yerinde hayat\u0131n\u0131 kaybetti. T\u00fcrkiye&#8217;de son 2 y\u0131lda MESEM \u00f6\u011frencisi 29 \u00e7ocuk, i\u015f kazas\u0131nda \u00f6mr\u00fcn\u00fc yitirdi. T\u00dc\u0130K bilgileri, 15-17 ya\u015f ortas\u0131 \u00e7al\u0131\u015fan \u00e7ocuk say\u0131s\u0131n\u0131n 840 bin oldu\u011funu ortaya koyuyor.<\/p>\n","protected":false},"excerpt":{"rendered":"<p>MEB\u2019in \u00e7ocuk emek\u00e7i yapt\u0131\u011f\u0131 MESEM\u2019de kay\u0131tl\u0131 559 bin \u00f6\u011frenciye karne var ancak yar\u0131y\u0131l tatili yok. Karnelerini al\u0131p i\u015f yerine giden \u00f6\u011frenciler, kederlerini S\u00f6zc\u00fc&#8217;ye anlatt\u0131: \u201cOkul ismi alt\u0131nda \u00e7al\u0131\u015ft\u0131r\u0131lan \u00e7ocuk emek\u00e7iyiz. Ders i\u015flemiyoruz. \u0130mtihanlardan evvel bize soru ve kar\u015f\u0131l\u0131klar\u0131 veriyorlar. Ezberleyip, kar\u015f\u0131l\u0131klar\u0131 yaz\u0131yoruz. Hepimiz takdir ve te\u015fekk\u00fcr ald\u0131k.\u201d<\/p>\n","protected":false},"author":1,"featured_media":90798,"comment_status":"open","ping_status":"open","sticky":false,"template":"","format":"standard","meta":{"footnotes":""},"categories":[23],"tags":[675,2522,89,524,658],"class_list":["post-90797","post","type-post","status-publish","format-standard","has-post-thumbnail","hentry","category-egitim","tag-cocuk","tag-ders","tag-gun","tag-is","tag-ogrenci"],"_links":{"self":[{"href":"https:\/\/ikimisli.tr\/index.php\/wp-json\/wp\/v2\/posts\/90797","targetHints":{"allow":["GET"]}}],"collection":[{"href":"https:\/\/ikimisli.tr\/index.php\/wp-json\/wp\/v2\/posts"}],"about":[{"href":"https:\/\/ikimisli.tr\/index.php\/wp-json\/wp\/v2\/types\/post"}],"author":[{"embeddable":true,"href":"https:\/\/ikimisli.tr\/index.php\/wp-json\/wp\/v2\/users\/1"}],"replies":[{"embeddable":true,"href":"https:\/\/ikimisli.tr\/index.php\/wp-json\/wp\/v2\/comments?post=90797"}],"version-history":[{"count":1,"href":"https:\/\/ikimisli.tr\/index.php\/wp-json\/wp\/v2\/posts\/90797\/revisions"}],"predecessor-version":[{"id":90801,"href":"https:\/\/ikimisli.tr\/index.php\/wp-json\/wp\/v2\/posts\/90797\/revisions\/90801"}],"wp:featuredmedia":[{"embeddable":true,"href":"https:\/\/ikimisli.tr\/index.php\/wp-json\/wp\/v2\/media\/90798"}],"wp:attachment":[{"href":"https:\/\/ikimisli.tr\/index.php\/wp-json\/wp\/v2\/media?parent=90797"}],"wp:term":[{"taxonomy":"category","embeddable":true,"href":"https:\/\/ikimisli.tr\/index.php\/wp-json\/wp\/v2\/categories?post=90797"},{"taxonomy":"post_tag","embeddable":true,"href":"https:\/\/ikimisli.tr\/index.php\/wp-json\/wp\/v2\/tags?post=90797"}],"curies":[{"name":"wp","href":"https:\/\/api.w.org\/{rel}","templated":true}]}}