{"id":90936,"date":"2026-01-18T06:12:04","date_gmt":"2026-01-18T06:12:04","guid":{"rendered":"https:\/\/ikimisli.tr\/?p=90936"},"modified":"2026-01-18T06:12:04","modified_gmt":"2026-01-18T06:12:04","slug":"yunanistan-turk-karasularina-meydan-okuyor","status":"publish","type":"post","link":"https:\/\/ikimisli.tr\/index.php\/2026\/01\/18\/yunanistan-turk-karasularina-meydan-okuyor\/","title":{"rendered":"Yunanistan T\u00fcrk karasular\u0131na meydan okuyor"},"content":{"rendered":"<p>Yunanistan D\u0131\u015fi\u015fleri Bakan\u0131 George Gerapetritis Cuma g\u00fcn\u00fc yapt\u0131\u011f\u0131 a\u00e7\u0131klamada karasular\u0131n\u0131 Ege Denizi&#8217;ni de i\u00e7ine alacak formda geni\u015fletmeyi planlad\u0131klar\u0131n\u0131 duyurdu.<\/p>\n<p>Gerapetritis parlamentodaki konu\u015fmas\u0131nda &#8220;Bug\u00fcn Ege Denizi&#8217;ndeki egemenli\u011fimiz alt\u0131 deniz miliyle sonludur. Lakin \u0130talya ve M\u0131s\u0131r ile imzalanan deniz hududu mutabakatlar\u0131nda oldu\u011fu \u00fczere ilerleyen s\u00fcre\u00e7te karasular\u0131m\u0131zda yeni bir geni\u015fleme ata\u011f\u0131 daha ger\u00e7ekle\u015fecektir&#8221; dedi.<\/p>\n<p>A\u00e7\u0131klaman\u0131n devam\u0131nda Gerapetritis &#8220;Atina idaresi \u0130yon Denizi&#8217;nde (Bat\u0131 Akdeniz) hudutlar\u0131n\u0131 esasen 12 mile \u00e7\u0131karm\u0131\u015f olsa da Ankara&#8217;n\u0131n sava\u015f uyar\u0131s\u0131 nedeniyle bug\u00fcne kadar Ege&#8217;de emsal bir ad\u0131mdan ka\u00e7\u0131nm\u0131\u015ft\u0131&#8221; dedi.<\/p>\n<p><b>BU KARAR SAVA\u015e SEBEB\u0130 OLUR<\/b><\/p>\n<p>T\u00fcrkiye 1995 y\u0131l\u0131nda ald\u0131\u011f\u0131 parlamento karar\u0131yla karasular\u0131n\u0131n tek tarafl\u0131 olarak alt\u0131 milin \u00fczerine \u00e7\u0131kar\u0131lmas\u0131n\u0131 bir sava\u015f nedeni sayaca\u011f\u0131n\u0131 ilan etmi\u015fti.<\/p>\n<p>T\u00fcrkiye&#8217;nin karasular\u0131n\u0131 a\u00e7\u0131k ve net bir bi\u00e7imde ihlal eden bu karar, T\u00fcrkiye&#8217;nin karasular\u0131n\u0131 savunmak i\u00e7in askeri m\u00fcdahalede bulunmas\u0131na kadar giden bir krize yol a\u00e7abilir.<\/p>\n<p>NATO m\u00fcttefikleri olan T\u00fcrkiye ve Yunanistan ortas\u0131nda bu t\u00fcrl\u00fc bir tansiyon, b\u00f6lgesel ittifaklar\u0131 daha t\u0131pk\u0131 anda zorlayabilir. \u0130srail &#8211; G\u00fcney K\u0131br\u0131s &#8211; Yunanistan ittifak\u0131 ile Libya &#8211; T\u00fcrkiye &#8211; Suriye ittifak\u0131 bir krizin e\u015fi\u011finde.<\/p>\n<p>Ege Denizi&#8217;ndeki k\u0131ta sahanl\u0131\u011f\u0131 sorunu Yunanistan&#8217;\u0131n bu karar\u0131 ile kritik noktaya hakikat s\u00fcratle yakla\u015f\u0131yor.<\/p>\n<p><b>YUNAN\u0130STAN&#8217;IN B\u0130R\u0130NC\u0130 DENEMES\u0130 DE\u011e\u0130L<\/b><\/p>\n<p>Atina idaresi Temmuz ay\u0131nda \u0130yon ve Ege denizlerinde iki devasa deniz park\u0131 kurma projesini kamuoyuna sunarak somut bir ad\u0131m daha atm\u0131\u015ft\u0131.<\/p>\n<p>\u00d6zellikle Ege&#8217;de 9 bin 500 kilometrekarelik bir alan\u0131 kapsayan park\u0131n sonlar\u0131 T\u00fcrkiye&#8217;nin g\u00fcneyindeki Kiklad Adalar\u0131 civar\u0131na kadar uzan\u0131yor.<\/p>\n<p>Deniz park\u0131, &#8220;do\u011fal hayat\u0131 korumak i\u00e7in Yunanistan taraf\u0131ndan korunan bir alan\u0131&#8221; \u00f6ng\u00f6r\u00fcyordu. Ankara bu projeyi net bir lisanla reddetmi\u015f ve k\u0131sa m\u00fcddet sonra kendi deniz park\u0131 projesini yay\u0131nlam\u0131\u015ft\u0131.<\/p>\n<p>Yunan h\u00fck\u00fcmeti T\u00fcrkiye ile tart\u0131\u015fmaya haz\u0131r olduklar\u0131 tek problemin k\u0131ta sahanl\u0131\u011f\u0131 ve m\u00fcnhas\u0131r ekonomik b\u00f6lge sonland\u0131rmas\u0131 oldu\u011funu s\u00f6yledi.<\/p>\n<p>Yunanistan bu konumun milletleraras\u0131 deniz hukukuna muhalif oldu\u011funu savunarak b\u00f6lgedeki egemenlik haklar\u0131n\u0131 geni\u015fletecek ad\u0131mlar atmak istiyor.<\/p>\n","protected":false},"excerpt":{"rendered":"<p>Yunanistan\u2019\u0131n Ege Denizi\u2019nde karasular\u0131n\u0131 geni\u015fletme karar\u0131, T\u00fcrkiye\u2019nin otuz y\u0131ll\u0131k \u201csava\u015f sebebi\u201d ihtar\u0131n\u0131 yine g\u00fcndeme getirirken; kar\u015f\u0131l\u0131kl\u0131 deniz park\u0131 projeleri ve b\u00f6lgesel ittifaklar\u0131n restle\u015fmeleriyle Ege\u2019deki k\u0131ta sahanl\u0131\u011f\u0131 krizi askeri bir tansiyon e\u015fi\u011fine s\u00fcr\u00fckleniyor.<\/p>\n","protected":false},"author":1,"featured_media":90937,"comment_status":"open","ping_status":"open","sticky":false,"template":"","format":"standard","meta":{"footnotes":""},"categories":[43],"tags":[105,4607,113,3645],"class_list":["post-90936","post","type-post","status-publish","format-standard","has-post-thumbnail","hentry","category-dunya","tag-deniz","tag-ege","tag-turkiye","tag-yunanistan"],"_links":{"self":[{"href":"https:\/\/ikimisli.tr\/index.php\/wp-json\/wp\/v2\/posts\/90936","targetHints":{"allow":["GET"]}}],"collection":[{"href":"https:\/\/ikimisli.tr\/index.php\/wp-json\/wp\/v2\/posts"}],"about":[{"href":"https:\/\/ikimisli.tr\/index.php\/wp-json\/wp\/v2\/types\/post"}],"author":[{"embeddable":true,"href":"https:\/\/ikimisli.tr\/index.php\/wp-json\/wp\/v2\/users\/1"}],"replies":[{"embeddable":true,"href":"https:\/\/ikimisli.tr\/index.php\/wp-json\/wp\/v2\/comments?post=90936"}],"version-history":[{"count":1,"href":"https:\/\/ikimisli.tr\/index.php\/wp-json\/wp\/v2\/posts\/90936\/revisions"}],"predecessor-version":[{"id":90938,"href":"https:\/\/ikimisli.tr\/index.php\/wp-json\/wp\/v2\/posts\/90936\/revisions\/90938"}],"wp:featuredmedia":[{"embeddable":true,"href":"https:\/\/ikimisli.tr\/index.php\/wp-json\/wp\/v2\/media\/90937"}],"wp:attachment":[{"href":"https:\/\/ikimisli.tr\/index.php\/wp-json\/wp\/v2\/media?parent=90936"}],"wp:term":[{"taxonomy":"category","embeddable":true,"href":"https:\/\/ikimisli.tr\/index.php\/wp-json\/wp\/v2\/categories?post=90936"},{"taxonomy":"post_tag","embeddable":true,"href":"https:\/\/ikimisli.tr\/index.php\/wp-json\/wp\/v2\/tags?post=90936"}],"curies":[{"name":"wp","href":"https:\/\/api.w.org\/{rel}","templated":true}]}}