{"id":91067,"date":"2026-01-18T14:12:05","date_gmt":"2026-01-18T14:12:05","guid":{"rendered":"https:\/\/ikimisli.tr\/?p=91067"},"modified":"2026-01-18T14:12:05","modified_gmt":"2026-01-18T14:12:05","slug":"meteoroloji-ve-valilikten-pes-pese-uyari-geldi-istanbulda-firtina-alarmi","status":"publish","type":"post","link":"https:\/\/ikimisli.tr\/index.php\/2026\/01\/18\/meteoroloji-ve-valilikten-pes-pese-uyari-geldi-istanbulda-firtina-alarmi\/","title":{"rendered":"Meteoroloji ve valilikten pe\u015f pe\u015fe uyar\u0131 geldi: \u0130stanbul&#8217;da &#8216;f\u0131rt\u0131na&#8217; alarm\u0131"},"content":{"rendered":"<p>Meteoroloji Genel M\u00fcd\u00fcrl\u00fc\u011f\u00fc (MGM) taraf\u0131ndan yap\u0131lan ikazlar\u0131n akabinde megakentte d\u00fcn bir\u00e7ok b\u00f6lgede karla kar\u0131\u015f\u0131k ya\u011f\u0131\u015f g\u00f6r\u00fcld\u00fc.<\/p>\n<p>Baz\u0131 il\u00e7elerinde karla kar\u0131\u015f\u0131k ya\u011fmur tesirini s\u00fcrd\u00fcr\u00fcrken \u0130stanbul Valili\u011fi pazar sabah\u0131 ba\u015flamas\u0131 beklenen f\u0131rt\u0131na i\u00e7in ikazda bulundu.<\/p>\n<p>\u0130stanbul Valili\u011fi&#8217;nce, Marmara ve Bat\u0131 Karadeniz denizlerinde pazar sabah\u0131 ba\u015flamas\u0131 beklenen f\u0131rt\u0131nan\u0131n yol a\u00e7abilece\u011fi ula\u015f\u0131mdaki aksamalara kar\u015f\u0131 dikkatli ve \u00f6nlemli olunmas\u0131 istendi.<\/p>\n<p><img decoding=\"async\" src=\"https:\/\/ikimisli.tr\/wp-content\/uploads\/2026\/01\/meteoroloji-ve-valilikten-pes-pese-uyari-geldi-istanbulda-firtina-alarmi-0-9EllfsD8.jpg\"\/><\/p>\n<p>Valilikten yap\u0131lan a\u00e7\u0131klamada, Meteoroloji Genel M\u00fcd\u00fcrl\u00fc\u011f\u00fcn\u00fcn yapt\u0131\u011f\u0131 son de\u011ferlendirmelere nazaran, Bat\u0131 Karadeniz&#8217;in bat\u0131s\u0131nda (\u0130stanbul-K\u0131rklareli) r\u00fczgar\u0131n pazar g\u00fcn\u00fcn\u00fcn birinci saatlerinden itibaren kuzeyli taraflardan 6 ila 8 kuvvetinde (50-75 km\/saat) f\u0131rt\u0131na formunda esece\u011finin iddia edildi\u011fi, f\u0131rt\u0131nan\u0131n pazartesi ak\u015fam saatlerinden sonra tesirini kaybetmesinin beklendi\u011fi belirtildi.<\/p>\n<p>A\u00e7\u0131klamada, &#8220;Marmara&#8217;da r\u00fczgar\u0131n, pazar sabah saatlerinden itibaren kuzey ve kuzeydo\u011fudan 6 ila 8 kuvvetinde (50-75 km\/saat) f\u0131rt\u0131na bi\u00e7iminde esece\u011fi iddia ediliyor. F\u0131rt\u0131nan\u0131n, pazartesi g\u00fcn\u00fc ak\u015fam saatlerinden sonra tesirini kaybetmesi beklenmektedir. Ula\u015f\u0131mda aksamalara kar\u015f\u0131 dikkatli ve \u00f6nlemli olunmal\u0131d\u0131r.&#8221; tabirlerine yer verildi.<\/p>\n<p><img decoding=\"async\" src=\"https:\/\/ikimisli.tr\/wp-content\/uploads\/2026\/01\/meteoroloji-ve-valilikten-pes-pese-uyari-geldi-istanbulda-firtina-alarmi-1-7MwACO8F.jpg\"\/><\/p>\n","protected":false},"excerpt":{"rendered":"<p>\u0130stanbul Valili\u011fi, Marmara ve Bat\u0131 Karadeniz&#8217;de yar\u0131n sabah ba\u015flamas\u0131 ve g\u00fcn i\u00e7inde tesirini art\u0131rmas\u0131 beklenen f\u0131rt\u0131na nedeniyle vatanda\u015flar\u0131 uyard\u0131.<\/p>\n","protected":false},"author":1,"featured_media":91068,"comment_status":"open","ping_status":"open","sticky":false,"template":"","format":"standard","meta":{"footnotes":""},"categories":[25],"tags":[436,340],"class_list":["post-91067","post","type-post","status-publish","format-standard","has-post-thumbnail","hentry","category-gundem","tag-firtina","tag-pazar"],"_links":{"self":[{"href":"https:\/\/ikimisli.tr\/index.php\/wp-json\/wp\/v2\/posts\/91067","targetHints":{"allow":["GET"]}}],"collection":[{"href":"https:\/\/ikimisli.tr\/index.php\/wp-json\/wp\/v2\/posts"}],"about":[{"href":"https:\/\/ikimisli.tr\/index.php\/wp-json\/wp\/v2\/types\/post"}],"author":[{"embeddable":true,"href":"https:\/\/ikimisli.tr\/index.php\/wp-json\/wp\/v2\/users\/1"}],"replies":[{"embeddable":true,"href":"https:\/\/ikimisli.tr\/index.php\/wp-json\/wp\/v2\/comments?post=91067"}],"version-history":[{"count":1,"href":"https:\/\/ikimisli.tr\/index.php\/wp-json\/wp\/v2\/posts\/91067\/revisions"}],"predecessor-version":[{"id":91071,"href":"https:\/\/ikimisli.tr\/index.php\/wp-json\/wp\/v2\/posts\/91067\/revisions\/91071"}],"wp:featuredmedia":[{"embeddable":true,"href":"https:\/\/ikimisli.tr\/index.php\/wp-json\/wp\/v2\/media\/91068"}],"wp:attachment":[{"href":"https:\/\/ikimisli.tr\/index.php\/wp-json\/wp\/v2\/media?parent=91067"}],"wp:term":[{"taxonomy":"category","embeddable":true,"href":"https:\/\/ikimisli.tr\/index.php\/wp-json\/wp\/v2\/categories?post=91067"},{"taxonomy":"post_tag","embeddable":true,"href":"https:\/\/ikimisli.tr\/index.php\/wp-json\/wp\/v2\/tags?post=91067"}],"curies":[{"name":"wp","href":"https:\/\/api.w.org\/{rel}","templated":true}]}}