{"id":91075,"date":"2026-01-18T14:36:05","date_gmt":"2026-01-18T14:36:05","guid":{"rendered":"https:\/\/ikimisli.tr\/?p=91075"},"modified":"2026-01-18T14:36:05","modified_gmt":"2026-01-18T14:36:05","slug":"chpli-buyuksehir-belediye-baskanlarindan-ozgur-ozele-tam-destek","status":"publish","type":"post","link":"https:\/\/ikimisli.tr\/index.php\/2026\/01\/18\/chpli-buyuksehir-belediye-baskanlarindan-ozgur-ozele-tam-destek\/","title":{"rendered":"CHP&#8217;li b\u00fcy\u00fck\u015fehir belediye ba\u015fkanlar\u0131ndan \u00d6zg\u00fcr \u00d6zel&#8217;e tam destek"},"content":{"rendered":"<p>Mersin B\u00fcy\u00fck\u015fehir Belediye Lideri ve T\u00fcrkiye Belediyeler Birli\u011fi Lider Vekili Vahap Se\u00e7er, \u00a0CHP b\u00fcy\u00fck\u015fehir belediye liderleri toplant\u0131s\u0131n\u0131n sonu\u00e7 bildirgesini okudu. Se\u00e7er, &#8220;T\u00fcrkiye n\u00fcfusunun \u00fc\u00e7te birinin ya\u015fad\u0131\u011f\u0131 kentlerin se\u00e7ilmi\u015f belediye liderleri misyonda de\u011fildir. Vazifeden almalar ve kayyum uygulamalar\u0131yla somutla\u015fan bu m\u00fcdahalelerin, sadece lokal idareleri de\u011fil, direkt halk\u0131n iradesini ama\u00e7 ald\u0131\u011f\u0131 a\u00e7\u0131kt\u0131r. Masumiyet karinesi ve tutuksuz yarg\u0131lanma hakk\u0131n\u0131 ihlal eden bu anlay\u0131\u015f\u0131n bir an evvel sona ermesini, arkada\u015flar\u0131m\u0131z\u0131n tutuksuz bir bi\u00e7imde yarg\u0131lanmas\u0131n\u0131 acil olarak talep ediyoruz. Kentlerimizde ba\u015flatt\u0131\u011f\u0131m\u0131z d\u00f6n\u00fc\u015f\u00fcm\u00fc t\u00fcm \u00fclkeye yayarak, Genel Liderimiz Say\u0131n \u00d6zg\u00fcr \u00d6zel\u2019in liderli\u011finde birinci se\u00e7imlerde partimizi iktidara getirece\u011fimize inan\u0131yoruz&#8221; dedi.<\/p>\n<p>CHP&#8217;nin b\u00fcy\u00fck\u015fehir belediye liderleri toplant\u0131s\u0131, Genel Lider Yard\u0131mc\u0131s\u0131 G\u00f6kan Zeybek ba\u015fkanl\u0131\u011f\u0131nda ve Mersin B\u00fcy\u00fck\u015fehir Belediyesi mesken sahipli\u011finde Mersin&#8217;de yap\u0131l\u0131yor. Mersin B\u00fcy\u00fck\u015fehir Belediye Lideri ve T\u00fcrkiye Belediyeler Birli\u011fi Lider Vekili Vahap Se\u00e7er, belediye liderleriyle birlikte topant\u0131n\u0131n sonu\u00e7 bildirgesini okudu. Bildirgede, \u015funlar kaydedildi:<\/p>\n<p>&#8211; B\u00fcy\u00fck\u015fehir Belediye Liderleri olarak 2019 y\u0131l\u0131nda ba\u015flatt\u0131\u011f\u0131m\u0131z ve klasik hale getirdi\u011fimiz toplant\u0131lar\u0131m\u0131z\u0131, bu hizmet devrinde de s\u00fcrd\u00fcrmek hedefiyle bar\u0131\u015f\u0131n, karde\u015fli\u011fin ve huzurun kenti Mersin\u2019de, ortam\u0131zda olmas\u0131 gerekirken ne yaz\u0131k ki tutsak durumda olan arkada\u015flar\u0131m\u0131z\u0131n ve elim bir kaza sonucu ortam\u0131zdan ayr\u0131lan Ferdi Zeyrek Liderimizin eksikli\u011finin buruklu\u011fuyla bir ortaya geldik. Bu bulu\u015fmalar\u0131, Genel Liderimiz Say\u0131n \u00d6zg\u00fcr \u00d6zel\u2019in \u00f6nc\u00fcl\u00fc\u011f\u00fcnde ve makul d\u00f6nemlerle; her toplant\u0131 farkl\u0131 bir B\u00fcy\u00fck\u015fehir Belediyemizin konut sahipli\u011finde ger\u00e7ekle\u015fecek bi\u00e7imde s\u00fcrd\u00fcrmeye devam edece\u011fiz.<\/p>\n<p>&#8211; Toplant\u0131m\u0131zda; yoksullukla \u00e7aba kapsam\u0131nda hayata ge\u00e7irdi\u011fimiz toplumsal siyasetleri, adaletli hizmet anlay\u0131\u015f\u0131 do\u011frultusunda y\u00fcr\u00fctt\u00fc\u011f\u00fcm\u00fcz \u00e7al\u0131\u015fmalar\u0131, etrafa hassas, iklim de\u011fi\u015fikli\u011fi ve kurakl\u0131kla \u00e7abay\u0131 temel alan, \u00e7a\u011fda\u015f ve \u00e7a\u011fda\u015f kentler yaratma maksad\u0131yla uygulad\u0131\u011f\u0131m\u0131z projeleri kapsaml\u0131 bi\u00e7imde de\u011ferlendirdik. Bunun yan\u0131 s\u0131ra, T\u00fcrkiye\u2019de her ge\u00e7en g\u00fcn daha fazla hissedilen adaletsizlikler, a\u011f\u0131rla\u015fan ekonomik kriz ve hukuksuz uygulamalar\u0131n ortaya \u00e7\u0131kard\u0131\u011f\u0131 tabloyu; global ve ulusal siyasetin \u00fclkemize ve kentlerimize tesirleriyle birlikte ele ald\u0131k. Bug\u00fcn ortam\u0131zda olmalar\u0131 gerekirken, siyasal yarg\u0131 s\u00fcre\u00e7leriyle belediyelerinden, kentlerinden ve \u00f6zg\u00fcrl\u00fcklerinden yoksun b\u0131rak\u0131lan; ba\u015fta \u0130stanbul B\u00fcy\u00fck\u015fehir Belediye Ba\u015fkan\u0131 ve Cumhurba\u015fkan\u0131 Aday\u0131m\u0131z Ekrem \u0130mamo\u011flu, Adana B\u00fcy\u00fck\u015fehir Belediye Liderimiz Zeydan Karalar ve Antalya B\u00fcy\u00fck\u015fehir Belediye Liderimiz Muhittin B\u00f6cek olmak \u00fczere se\u00e7ilmi\u015f belediye liderlerine y\u00f6nelik hukuksuz uygulamalar ve yarg\u0131 bask\u0131s\u0131 artarak devam etmektedir. T\u00fcrkiye n\u00fcfusunun \u00fc\u00e7te birinin ya\u015fad\u0131\u011f\u0131 kentlerin se\u00e7ilmi\u015f belediye liderleri vazifede de\u011fildir. Misyondan almalar ve kayyum uygulamalar\u0131yla somutla\u015fan bu m\u00fcdahalelerin, sadece mahall\u00ee idareleri de\u011fil, direkt halk\u0131n iradesini maksat ald\u0131\u011f\u0131 a\u00e7\u0131kt\u0131r. Masumiyet karinesi ve tutuksuz yarg\u0131lanma hakk\u0131n\u0131 ihlal eden bu anlay\u0131\u015f\u0131n bir an evvel sona ermesini, arkada\u015flar\u0131m\u0131z\u0131n tutuksuz bir formda yarg\u0131lanmas\u0131n\u0131 acil olarak talep ediyoruz.<\/p>\n<p><strong>&#8220;\u0130ktidar taraf\u0131ndan s\u00fcrd\u00fcr\u00fclen bu yakla\u015f\u0131m, mahall\u00ee idareleri i\u015flevsizle\u015ftirmeyi ama\u00e7lamaktad\u0131r&#8221;<\/strong><\/p>\n<p>&#8211; Bizler, 13 b\u00fcy\u00fck\u015fehir belediye ba\u015fkan\u0131 olarak; demokrasiye, hukukun \u00fcniversal unsurlar\u0131na ve adalet anlay\u0131\u015f\u0131na kar\u015f\u0131t bu s\u00fcreci yak\u0131ndan izlemeye, hukuksuzluklara kar\u015f\u0131 ortak ve kararl\u0131 bir duru\u015f sergilemeye devam edece\u011fiz. Bu \u00e7abay\u0131 s\u0131rf tutuklu belediye liderlerimiz ve partimiz ismine de\u011fil, halk\u0131n iradesini ve ortak gelece\u011fimizi savunmak i\u00e7in, umudu ve dayan\u0131\u015fmay\u0131 g\u00fc\u00e7lendirerek t\u00fcm yurtta\u015flar\u0131m\u0131zla birlikte s\u00fcrd\u00fcrece\u011fimizi kamuoyuna bir sefer daha ilan ediyoruz. Vazife s\u00fcremizin ikinci y\u0131l\u0131n\u0131 tamamlarken, bir yandan adaletsizliklerle bir yandan da derinle\u015fen ekonomik krizin a\u011f\u0131r sonu\u00e7lar\u0131yla kar\u015f\u0131 kar\u015f\u0131yay\u0131z. Bu tablo, her ge\u00e7en g\u00fcn yurtta\u015flar\u0131m\u0131z\u0131 ve belediyelerimizi daha yak\u0131c\u0131 bir bi\u00e7imde etkilemektedir. Yerelde ba\u015far\u0131l\u0131 hizmetler \u00fcreten belediyelere d\u00f6n\u00fck idari bask\u0131larla da bu tablo \u015fuurlu olarak a\u011f\u0131rla\u015ft\u0131r\u0131lmaktad\u0131r. Merkezi h\u00fck\u00fcmet taraf\u0131ndan yat\u0131r\u0131m ve proje onaylar\u0131ndan tahsislere, m\u00fcsaade s\u00fcre\u00e7lerinden vergi ve SGK yap\u0131land\u0131rmalar\u0131 ve kredilere kadar pek \u00e7ok alanda mahall\u00ee idareler ortas\u0131nda birka\u00e7 istisna d\u0131\u015f\u0131nda a\u00e7\u0131k bir ikili standart uygulanmaktad\u0131r. Bununla e\u015f vakitli olarak, belediyelerin yetki ve mali hareket alan\u0131n\u0131 daraltmay\u0131 hedefleyen yasal d\u00fczenleme haz\u0131rl\u0131klar\u0131 ve kanun teklifleri g\u00fcndeme getirilmekte; lokal idarelerin kaynak kullanma ve hizmet \u00fcretme kapasitesi sonland\u0131r\u0131lmak istenmektedir. \u0130ktidar taraf\u0131ndan s\u00fcrd\u00fcr\u00fclen bu yakla\u015f\u0131m, lokal idareleri i\u015flevsizle\u015ftirmeyi ama\u00e7lamakta; toplumsal dayanaklardan altyap\u0131 yat\u0131r\u0131mlar\u0131na, kent hizmetlerinden kalk\u0131nma projelerine kadar bir\u00e7ok alanda yurtta\u015flar\u0131n ald\u0131\u011f\u0131 kamusal hizmetleri direkt olumsuz etkilemektedir.<\/p>\n<p><strong>&#8220;\u0130ktidar eliyle \u2018CHP\u2019li belediyeler i\u015fini yapm\u0131yor\u2019 alg\u0131s\u0131 y\u00fcr\u00fct\u00fclmektedir&#8221;<\/strong><\/p>\n<p>&#8211; Bu ikili standart, sadece belediyelerin yat\u0131r\u0131m ve proje s\u00fcre\u00e7lerinde de\u011fil, t\u0131pk\u0131 vakitte h\u00fck\u00fcmetin kentlere y\u00f6nelik yat\u0131r\u0131mlar\u0131nda da uygulanmaktad\u0131r. Son devirde global iklim de\u011fi\u015fikli\u011fiyle birlikte \u00f6nemli boyutlara ula\u015fan kurakl\u0131\u011f\u0131n kentlerde ortaya \u00e7\u0131kard\u0131\u011f\u0131 s\u0131k\u0131nt\u0131lar, bu ayr\u0131mc\u0131l\u0131\u011f\u0131 g\u00f6r\u00fcn\u00fcr k\u0131lm\u0131\u015ft\u0131r. H\u00fck\u00fcmete ba\u011fl\u0131 Devlet Su \u0130\u015fleri\u2019nin bir\u00e7ok kentte gerekli baraj, isale s\u0131n\u0131r\u0131 ve buna ba\u011fl\u0131 de\u011ferli yat\u0131r\u0131mlar\u0131 y\u0131llarca yapmamas\u0131 halk\u0131n vakit zaman su sorunu ya\u015famas\u0131n\u0131n temel sebebiyken; buna kar\u015f\u0131n iktidar eliyle \u2018CHP\u2019li belediyeler i\u015fini yapm\u0131yor\u2019 alg\u0131s\u0131 y\u00fcr\u00fct\u00fclmektedir. Kentlere hizmet etme noktas\u0131nda merkezi idarenin polemiklerden uzak durarak, halk\u0131m\u0131z\u0131 ma\u011fdur etmemek i\u00e7in siyaset \u00fcst\u00fc bir yakla\u015f\u0131mla davranmas\u0131 gerekmektedir. Bizler belediye liderleri olarak; adil, \u015feffaf, hesap verebilir, demokratik ve hukukun \u00fcst\u00fcnl\u00fc\u011f\u00fcn\u00fc temel alan bir idare anlay\u0131\u015f\u0131yla hizmetlerimize devam ederken, halka hizmet etme y\u00fck\u00fcml\u00fcl\u00fc\u011f\u00fc bulunan t\u00fcm kurumlar\u0131n da birebir sorumlulukla hareket etmesini bekledi\u011fimizi kamuoyuna a\u00e7\u0131k\u00e7a s\u00f6z ediyoruz. Belediyelerimiz, t\u00fcm bask\u0131lara ra\u011fmen toplumsal belediyecilikten geri ad\u0131m atmayacak; yurtta\u015flar\u0131n yoksullu\u011fa mahk\u00fbm edilmesine kar\u015f\u0131 durarak kentlerimizi g\u00fc\u00e7lendiren yat\u0131r\u0131m ve hizmetleri kararl\u0131l\u0131kla s\u00fcrd\u00fcrecek, toplumcu belediyecilik anlay\u0131\u015f\u0131yla; emeklinin, i\u015f\u00e7inin, i\u015fsizin, esnaf\u0131n, bayan\u0131n, gencin, \u00e7ocu\u011fun, engellinin, t\u00fcm yurtta\u015flar\u0131n yan\u0131nda olmaya devam edecektir. D\u00fcnyan\u0131n i\u00e7inden ge\u00e7ti\u011fi \u00e7ok katmanl\u0131 krizler, global belirsizlikler, Orta Do\u011fu ve yak\u0131n co\u011frafyam\u0131zda ya\u015fanan sava\u015flar \u00fclkemizi de direkt etkilemektedir. Bu sava\u015f, \u00e7at\u0131\u015fma ve belirsizliklerin ortas\u0131nda d\u0131\u015f m\u00fcdahalelere m\u00fcsaade vermeden \u00fclkemizdeki i\u00e7 bar\u0131\u015f\u0131n g\u00fc\u00e7lenmesine her zamankinden daha \u00e7ok muhta\u00e7l\u0131k duyulmaktad\u0131r. \u00dclkemizde demokratik i\u015fleyi\u015fin zay\u0131flamas\u0131, hukuk devleti unsurunun a\u015f\u0131nmas\u0131 ve kutupla\u015ft\u0131r\u0131c\u0131 siyasetlerin derinle\u015fmesi toplumsal bar\u0131\u015f\u0131 ve birlikte \u00f6mr\u00fc tehdit etmektedir. Bu hassasiyetle iktidar\u0131 daha adil ve demokratik davranmaya davet ederken, kentlerinde birbirinden farkl\u0131 kesitlerin bir ortada ya\u015fad\u0131\u011f\u0131 y\u00f6neticiler olarak bizler de mahall\u00ee idarelerin bar\u0131\u015f\u0131n tesisindeki sorumlulu\u011funu bilerek hareket etmeye devam edece\u011fimizi vurguluyoruz.<\/p>\n<p><strong>&#8220;\u0130lk se\u00e7imlerde partimizi iktidara getirece\u011fimize inan\u0131yoruz&#8221;<\/strong><\/p>\n<p>&#8211; Bir b\u00fct\u00fcn olarak \u00fclkemizde kar\u015f\u0131 kar\u015f\u0131ya kald\u0131\u011f\u0131m\u0131z bu tablo kar\u015f\u0131s\u0131nda mahall\u00ee idareler olarak bizler; e\u015fitli\u011fi temel alan, kapsay\u0131c\u0131 ve dayan\u0131\u015fmac\u0131 bir anlay\u0131\u015fla hareket ediyoruz. Parti program\u0131m\u0131z \u00e7er\u00e7evesinde; yerinden idare, kat\u0131l\u0131mc\u0131l\u0131k ve lokal demokrasi prensipleri do\u011frultusunda; yurtta\u015fl\u0131k \u015fuurunu g\u00fc\u00e7lendiren, adaleti temel alan ve \u00fcretimle g\u00fc\u00e7lenen kentler kurmak i\u00e7in \u00e7al\u0131\u015f\u0131yoruz. CHP\u2019li belediyeler olarak hayata ge\u00e7irdi\u011fimiz \u00e7al\u0131\u015fmalar, birikim ve tecr\u00fcbelerimiz partimizin yerelden genele uzanan iktidar perspektifinin temelini olu\u015fturmaktad\u0131r. T\u00fcrkiye n\u00fcfusunun ve iktisad\u0131n\u0131n b\u00fcy\u00fck \u00e7o\u011funlu\u011funu y\u00f6neten CHP\u2019li Belediye Liderleri olarak kentlerimizde hi\u00e7 kimseyi ayr\u0131\u015ft\u0131rmadan, inanc\u0131na, kimli\u011fine, siyasi g\u00f6r\u00fc\u015f\u00fcne ya da hayat stiline bakmadan, e\u015fit hizmet g\u00f6t\u00fcrerek halk\u0131m\u0131z\u0131n y\u00fcksek dayana\u011f\u0131 ve memnuniyetini alm\u0131\u015f bulunmaktay\u0131z. Kentlerimizde ba\u015flatt\u0131\u011f\u0131m\u0131z bu d\u00f6n\u00fc\u015f\u00fcm\u00fc t\u00fcm \u00fclkeye yayarak, Genel Liderimiz Say\u0131n \u00d6zg\u00fcr \u00d6zel\u2019in liderli\u011finde birinci se\u00e7imlerde partimizi iktidara getirece\u011fimize inan\u0131yoruz. Bu anlay\u0131\u015f ve sorumluluk \u015fuuruyla; dayan\u0131\u015fma ve ortak ak\u0131l temelinde yolumuza kararl\u0131l\u0131kla devam edece\u011fimizi kamuoyunun bilgisine sunuyor, h\u00fcrmetlerimizi arz ediyoruz.<\/p>\n","protected":false},"excerpt":{"rendered":"<p>CHP&#8217;li b\u00fcy\u00fck\u015fehir belediye liderleri taraf\u0131ndan yap\u0131lan ortak a\u00e7\u0131klamada CHP Genel Ba\u015fkan\u0131 \u00d6zg\u00fcr \u00d6zel&#8217;e destek verilerek &#8220;\u0130lk se\u00e7imlerde partimizi iktidara getirece\u011fimize inan\u0131yoruz&#8221; denildi.<\/p>\n","protected":false},"author":1,"featured_media":91076,"comment_status":"open","ping_status":"open","sticky":false,"template":"","format":"standard","meta":{"footnotes":""},"categories":[25],"tags":[40,5804,799,1013,9021],"class_list":["post-91075","post","type-post","status-publish","format-standard","has-post-thumbnail","hentry","category-gundem","tag-belediye","tag-belediye-baskanlari","tag-hizmet","tag-iktidar","tag-kentler"],"_links":{"self":[{"href":"https:\/\/ikimisli.tr\/index.php\/wp-json\/wp\/v2\/posts\/91075","targetHints":{"allow":["GET"]}}],"collection":[{"href":"https:\/\/ikimisli.tr\/index.php\/wp-json\/wp\/v2\/posts"}],"about":[{"href":"https:\/\/ikimisli.tr\/index.php\/wp-json\/wp\/v2\/types\/post"}],"author":[{"embeddable":true,"href":"https:\/\/ikimisli.tr\/index.php\/wp-json\/wp\/v2\/users\/1"}],"replies":[{"embeddable":true,"href":"https:\/\/ikimisli.tr\/index.php\/wp-json\/wp\/v2\/comments?post=91075"}],"version-history":[{"count":1,"href":"https:\/\/ikimisli.tr\/index.php\/wp-json\/wp\/v2\/posts\/91075\/revisions"}],"predecessor-version":[{"id":91077,"href":"https:\/\/ikimisli.tr\/index.php\/wp-json\/wp\/v2\/posts\/91075\/revisions\/91077"}],"wp:featuredmedia":[{"embeddable":true,"href":"https:\/\/ikimisli.tr\/index.php\/wp-json\/wp\/v2\/media\/91076"}],"wp:attachment":[{"href":"https:\/\/ikimisli.tr\/index.php\/wp-json\/wp\/v2\/media?parent=91075"}],"wp:term":[{"taxonomy":"category","embeddable":true,"href":"https:\/\/ikimisli.tr\/index.php\/wp-json\/wp\/v2\/categories?post=91075"},{"taxonomy":"post_tag","embeddable":true,"href":"https:\/\/ikimisli.tr\/index.php\/wp-json\/wp\/v2\/tags?post=91075"}],"curies":[{"name":"wp","href":"https:\/\/api.w.org\/{rel}","templated":true}]}}