{"id":91399,"date":"2026-01-19T08:36:06","date_gmt":"2026-01-19T08:36:06","guid":{"rendered":"https:\/\/ikimisli.tr\/?p=91399"},"modified":"2026-01-19T08:36:06","modified_gmt":"2026-01-19T08:36:06","slug":"tarkandan-mabel-matize-seni-cok-seviyoruz-tum-destegimizle-kalbimizle-yanindayiz","status":"publish","type":"post","link":"https:\/\/ikimisli.tr\/index.php\/2026\/01\/19\/tarkandan-mabel-matize-seni-cok-seviyoruz-tum-destegimizle-kalbimizle-yanindayiz\/","title":{"rendered":"Tarkan\u2019dan Mabel Matiz\u2019e: Seni \u00e7ok seviyoruz, t\u00fcm deste\u011fimizle, kalbimizle yan\u0131nday\u0131z"},"content":{"rendered":"<p>Tarkan, uzun bir ortan\u0131n akabinde \u0130stanbul konserleri ile sahnelere d\u00f6nd\u00fc. Sekiz konserlik \u00f6zel serinin birinci konserine \u00e7\u0131kan Tarkan, sahneden Mabel Matiz\u2019e seslendi.<\/p>\n<p>Tarkan, \u201cCan\u0131m arkada\u015f\u0131m be\u011fenilen geldin. Seni burada ortam\u0131zda g\u00f6rmek ne ho\u015f. Seni \u00e7ok seviyorum, her \u015feyinle oldu\u011fun \u00fczere. T\u00fcm deste\u011fimizle, kalbimizle yan\u0131nday\u0131z her vakit. Bu \u015fark\u0131y\u0131 da sana s\u00f6yl\u00fcyorum o zaman\u201d diyerek sevilen m\u00fcziklerinden \u201cHepsi Senin mi?\u201d m\u00fczi\u011fini s\u00f6yledi.<\/p>\n<p><b>MABEL MAT\u0130Z HAK\u0130M KAR\u015eISINA \u00c7IKMI\u015eTI<\/b><\/p>\n<p>\u00dcnl\u00fc m\u00fczik\u00e7i Mabel Matiz, &#8220;Perperi\u015fan&#8221; isimli m\u00fczi\u011fiyle &#8220;m\u00fcstehcen yay\u0131nlar\u0131n yay\u0131mlanmas\u0131na arac\u0131l\u0131k etmek&#8221;<br \/>su\u00e7lamas\u0131yla 9 Ocak&#8217;ta hakim kar\u015f\u0131s\u0131na \u00e7\u0131km\u0131\u015ft\u0131.<\/p>\n<p>Mabel Matiz&#8217;e m\u00fczi\u011fin kelamlar\u0131n\u0131n &#8220;kad\u0131n taraf\u0131ndan bir erke\u011fe mi s\u00f6ylendi\u011fi\u201d sorusu y\u00f6neltildi,<br \/>Matiz soruya reaksiyon g\u00f6sterdi.<\/p>\n<p>Matiz, \u201cBu m\u00fcziklerde bir arka niyet yoktur. Sanat\u00e7\u0131 duru\u015fum ortadad\u0131r. \u00c7ocuklar ve gen\u00e7ler benim i\u00e7in \u00e7ok de\u011ferlidir.<br \/>\u00c7ocuklar ve gen\u00e7ler i\u00e7in sak\u0131ncal\u0131 buldu\u011fum m\u00fczik kelamlar\u0131n\u0131 de\u011fi\u015ftirerek s\u00f6yl\u00fcyorum konserlerde. Su\u00e7lamalar\u0131 kabul etmiyorum demi\u015fti.<\/p>\n","protected":false},"excerpt":{"rendered":"<p>Tarkan yedi y\u0131l\u0131n akabinde \u0130stanbul&#8217;da verdi\u011fi konserlerle isminden kelam ettiriyor. \u00dcnl\u00fclerin ak\u0131n etti\u011fi Tarkan konserinde Mabel Matiz de vard\u0131. Tarkan kalabal\u0131\u011f\u0131n ortas\u0131ndan Matiz&#8217;e seslenerek &#8220;Seni \u00e7ok seviyorum, her \u015feyinle oldu\u011fun \u00fczere. T\u00fcm deste\u011fimizle, kalbimizle yan\u0131nday\u0131z her zaman&#8221; diye konu\u015ftu.<\/p>\n","protected":false},"author":1,"featured_media":91400,"comment_status":"open","ping_status":"open","sticky":false,"template":"","format":"standard","meta":{"footnotes":""},"categories":[25],"tags":[9844,1429],"class_list":["post-91399","post","type-post","status-publish","format-standard","has-post-thumbnail","hentry","category-gundem","tag-matiz","tag-sarki"],"_links":{"self":[{"href":"https:\/\/ikimisli.tr\/index.php\/wp-json\/wp\/v2\/posts\/91399","targetHints":{"allow":["GET"]}}],"collection":[{"href":"https:\/\/ikimisli.tr\/index.php\/wp-json\/wp\/v2\/posts"}],"about":[{"href":"https:\/\/ikimisli.tr\/index.php\/wp-json\/wp\/v2\/types\/post"}],"author":[{"embeddable":true,"href":"https:\/\/ikimisli.tr\/index.php\/wp-json\/wp\/v2\/users\/1"}],"replies":[{"embeddable":true,"href":"https:\/\/ikimisli.tr\/index.php\/wp-json\/wp\/v2\/comments?post=91399"}],"version-history":[{"count":1,"href":"https:\/\/ikimisli.tr\/index.php\/wp-json\/wp\/v2\/posts\/91399\/revisions"}],"predecessor-version":[{"id":91401,"href":"https:\/\/ikimisli.tr\/index.php\/wp-json\/wp\/v2\/posts\/91399\/revisions\/91401"}],"wp:featuredmedia":[{"embeddable":true,"href":"https:\/\/ikimisli.tr\/index.php\/wp-json\/wp\/v2\/media\/91400"}],"wp:attachment":[{"href":"https:\/\/ikimisli.tr\/index.php\/wp-json\/wp\/v2\/media?parent=91399"}],"wp:term":[{"taxonomy":"category","embeddable":true,"href":"https:\/\/ikimisli.tr\/index.php\/wp-json\/wp\/v2\/categories?post=91399"},{"taxonomy":"post_tag","embeddable":true,"href":"https:\/\/ikimisli.tr\/index.php\/wp-json\/wp\/v2\/tags?post=91399"}],"curies":[{"name":"wp","href":"https:\/\/api.w.org\/{rel}","templated":true}]}}