{"id":91415,"date":"2026-01-19T09:36:05","date_gmt":"2026-01-19T09:36:05","guid":{"rendered":"https:\/\/ikimisli.tr\/?p=91415"},"modified":"2026-01-19T09:36:05","modified_gmt":"2026-01-19T09:36:05","slug":"can-atalay-ronesans-rezidans-davasi-insan-yasamina-verilen-degerin-bir-sinavidir","status":"publish","type":"post","link":"https:\/\/ikimisli.tr\/index.php\/2026\/01\/19\/can-atalay-ronesans-rezidans-davasi-insan-yasamina-verilen-degerin-bir-sinavidir\/","title":{"rendered":"Can Atalay: R\u00f6nesans Rezidans Davas\u0131, insan ya\u015fam\u0131na verilen de\u011ferin bir s\u0131nav\u0131d\u0131r"},"content":{"rendered":"<p>Antis Yap\u0131 taraf\u0131ndan in\u015fa edilen ve &#8220;Cennetten bir k\u00f6\u015fe&#8221; slogan\u0131yla sat\u0131lan Hatay Antakya&#8217;daki R\u00f6nesans Rezidans,<br \/>6 \u015eubat sars\u0131nt\u0131lar\u0131nda y\u0131k\u0131lan yap\u0131lar ortas\u0131nda yer ald\u0131.<\/p>\n<p>R\u00f6nesans Rezidans&#8217;ta 269 ki\u015fi hayat\u0131n\u0131 kaybetti, 13 ki\u015fi de yaraland\u0131.<\/p>\n<p>14 May\u0131s 2023 Genel Se\u00e7imlerinde T\u0130P Hatay Milletvekili se\u00e7ilen ve akabinde vekilli\u011fi d\u00fc\u015f\u00fcr\u00fclen Seyahat Park\u0131 Davas\u0131 mahkumu Can Atalay toplumsal medya hesab\u0131ndan yapt\u0131\u011f\u0131 payla\u015f\u0131mda davada ya\u015fananlara reaksiyon g\u00f6sterdi.<\/p>\n<p>Can Atalay&#8217;\u0131n toplumsal medya hesab\u0131ndan, R\u00f6nesans Rezidans davas\u0131na ait, &#8220;Adaletin \u0130nsan \u00d6mr\u00fcne Verdi\u011fi K\u0131ymet R\u00f6nesans Rezidans Davalar\u0131nda S\u0131nan\u0131r!&#8221; ba\u015fl\u0131kl\u0131 payla\u015f\u0131m yap\u0131ld\u0131.<\/p>\n<p>R\u00f6nesans Rezidans davas\u0131n\u0131n, \u00fclkenin hukukla, sorumlulukla ve haf\u0131zayla kurdu\u011fu alakan\u0131n aynas\u0131 oldu\u011funu belirten Atalay, mahkeme salonunda konu\u015fulanlar kadar, konu\u015fulamayanlar\u0131n da kayda ge\u00e7ti\u011fini kaydetti.<\/p>\n<p><b>UMUT TAM DA BURADA BA\u015eLIYOR<\/b><\/p>\n<p>R\u00f6nesans Rezidans davas\u0131nda \u00e7\u0131kan tablonun, sars\u0131nt\u0131 y\u0131k\u0131mlar\u0131n\u0131n sorumluklar\u0131yla y\u00fczle\u015fmenin ger\u00e7ek bir boyuta ula\u015famad\u0131\u011f\u0131n\u0131 g\u00f6sterdi\u011fini s\u00f6z eden Atalay, \u015f\u00f6yle devam etti:<\/p>\n<p>&#8220;Bir m\u00fcteahhidin a\u011fz\u0131ndan d\u00f6k\u00fclen &#8216;iki tane, \u00fc\u00e7 tane \u00f6l\u00fc&#8217; s\u00f6z\u00fc, zelzele yarg\u0131lamalar\u0131n\u0131n \u00f6zetidir. Say\u0131ya indirgenen hayatlar, istatistikle \u00f6rt\u00fclmeye \u00e7al\u0131\u015f\u0131lan cinayetler. Avukat\u0131n isyan\u0131 tam da bu noktada y\u00fckseldi: &#8216;Tane, adet ne demek; insand\u0131 onlar.&#8217; Duru\u015fma salonlar\u0131nda ailelere y\u00f6neltilen &#8216;k\u0131sa kesin&#8217; telkinleri, ac\u0131n\u0131n mahiyetini ve adalete duyulan gereksinimi anlamaktan uzak bir b\u00fcrokratik reflekstir. Kay\u0131plar\u0131n\u0131n naa\u015f\u0131na dahi ula\u015famam\u0131\u015f insanlar\u0131n, mahkeme k\u00fcrs\u00fcs\u00fcnden seslerini duyurma u\u011fra\u015f\u0131; bir haktan \u00e7ok, sevdiklerine kar\u015f\u0131 yerine getirmek istedikleri son bir sadakat borcudur. Avukat Ye\u015fim Toplu\u2019nun adliye \u00f6n\u00fcndeki sesleni\u015fi, \u00fclkenin vicdan\u0131na y\u00f6neltilmi\u015f bir soruydu: &#8216;R\u00f6nesans\u2019ta m\u00fcmk\u00fcn kast \u00e7\u0131kmayacaksa, nerede \u00e7\u0131kacak?&#8217; Soru, sadece bir dava evrak\u0131na de\u011fil, t\u00fcm sars\u0131nt\u0131 yarg\u0131lamalar\u0131na yaz\u0131lmal\u0131d\u0131r. Ertelenen her duru\u015fma, geciken her karar, bir \u00f6b\u00fcr binan\u0131n y\u0131k\u0131lmas\u0131na sessizce m\u00fcsaade vermektir. Dava \u00f6zelinde tart\u0131\u015f\u0131lan &#8216;olas\u0131 kast&#8217; sorunu, teknik bir ceza hukuku ba\u015fl\u0131\u011f\u0131 de\u011fil, toplumsal bir e\u015fiktir.<\/p>\n<p>Bilirki\u015fi raporlar\u0131n\u0131n, yap\u0131 s\u00fcrecindeki ihlallerin ve \u00f6ng\u00f6r\u00fclebilir risklerin varl\u0131\u011f\u0131na kar\u015f\u0131n talebin gerek\u00e7esiz bi\u00e7imde reddedilmesi, ailelerde s\u0131rf bir hayal k\u0131r\u0131kl\u0131\u011f\u0131 de\u011fil, adaletin istikametine dair bir belirsizlik yaratmaktad\u0131r. Duru\u015fmalar\u0131n uzak tarihlere ertelenmesi, zati enkaz\u0131n alt\u0131nda kalm\u0131\u015f olan inan\u00e7 hissini daha da derine g\u00f6mmektedir. R\u00f6nesans Rezidans Davas\u0131, teknik raporlar\u0131n ve metot kurallar\u0131n\u0131n \u00f6tesinde, insan hayat\u0131na verilen pahan\u0131n bir imtihan\u0131d\u0131r. \u0130nsan hayat\u0131n\u0131n bedelini \u00f6l\u00e7en bir terazidir. Terazinin kefesi \u015fa\u015farsa, toplumun vicdan\u0131 da istikrar\u0131n\u0131 yitirir. Aileler susmayacaklar, avukatlar takipten vazge\u00e7meyecekler, yurtta\u015flar\u0131n dayan\u0131\u015fmas\u0131 g\u00fc\u00e7lenerek s\u00fcrecek\u2026 Adalet i\u00e7in umut, tam da burada ba\u015fl\u0131yor.&#8221;<\/p>\n","protected":false},"excerpt":{"rendered":"<p>Seyahat Park\u0131 Davas\u0131 mahkumu Can Atalay, \u201cR\u00f6nesans Rezidans Davas\u0131, teknik raporlar\u0131n ve adap kurallar\u0131n\u0131n \u00f6tesinde, insan \u00f6mr\u00fcne verilen k\u0131ymetin bir imtihan\u0131d\u0131r. \u0130nsan hayat\u0131n\u0131n k\u0131ymetini \u00f6l\u00e7en bir terazidir. Terazinin kefesi \u015fa\u015farsa, toplumun vicdan\u0131 da istikrar\u0131n\u0131 yitirir\u201d a\u00e7\u0131klamas\u0131n\u0131 yapt\u0131.<\/p>\n","protected":false},"author":1,"featured_media":91416,"comment_status":"open","ping_status":"open","sticky":false,"template":"","format":"standard","meta":{"footnotes":""},"categories":[25],"tags":[2516,711,9845],"class_list":["post-91415","post","type-post","status-publish","format-standard","has-post-thumbnail","hentry","category-gundem","tag-davasi","tag-insan","tag-ronesans-rezidans"],"_links":{"self":[{"href":"https:\/\/ikimisli.tr\/index.php\/wp-json\/wp\/v2\/posts\/91415","targetHints":{"allow":["GET"]}}],"collection":[{"href":"https:\/\/ikimisli.tr\/index.php\/wp-json\/wp\/v2\/posts"}],"about":[{"href":"https:\/\/ikimisli.tr\/index.php\/wp-json\/wp\/v2\/types\/post"}],"author":[{"embeddable":true,"href":"https:\/\/ikimisli.tr\/index.php\/wp-json\/wp\/v2\/users\/1"}],"replies":[{"embeddable":true,"href":"https:\/\/ikimisli.tr\/index.php\/wp-json\/wp\/v2\/comments?post=91415"}],"version-history":[{"count":1,"href":"https:\/\/ikimisli.tr\/index.php\/wp-json\/wp\/v2\/posts\/91415\/revisions"}],"predecessor-version":[{"id":91417,"href":"https:\/\/ikimisli.tr\/index.php\/wp-json\/wp\/v2\/posts\/91415\/revisions\/91417"}],"wp:featuredmedia":[{"embeddable":true,"href":"https:\/\/ikimisli.tr\/index.php\/wp-json\/wp\/v2\/media\/91416"}],"wp:attachment":[{"href":"https:\/\/ikimisli.tr\/index.php\/wp-json\/wp\/v2\/media?parent=91415"}],"wp:term":[{"taxonomy":"category","embeddable":true,"href":"https:\/\/ikimisli.tr\/index.php\/wp-json\/wp\/v2\/categories?post=91415"},{"taxonomy":"post_tag","embeddable":true,"href":"https:\/\/ikimisli.tr\/index.php\/wp-json\/wp\/v2\/tags?post=91415"}],"curies":[{"name":"wp","href":"https:\/\/api.w.org\/{rel}","templated":true}]}}