{"id":91834,"date":"2026-01-20T08:36:09","date_gmt":"2026-01-20T08:36:09","guid":{"rendered":"https:\/\/ikimisli.tr\/?p=91834"},"modified":"2026-01-20T08:36:09","modified_gmt":"2026-01-20T08:36:09","slug":"yilda-bir-kez-hasat-ediliyor-kilosu-900-bin-tlye-yukselince-mehmetcik-tarlada-nobete-basladi","status":"publish","type":"post","link":"https:\/\/ikimisli.tr\/index.php\/2026\/01\/20\/yilda-bir-kez-hasat-ediliyor-kilosu-900-bin-tlye-yukselince-mehmetcik-tarlada-nobete-basladi\/","title":{"rendered":"Y\u0131lda bir kez hasat ediliyor: Kilosu 900 bin TL&#8217;ye y\u00fckselince Mehmet\u00e7ik tarlada n\u00f6bete ba\u015flad\u0131"},"content":{"rendered":"<p>Ge\u00e7ti\u011fimiz y\u0131l kilosu 450 bin liradan al\u0131c\u0131 bulan safran\u0131n fiyat\u0131 900 bin liraya kadar f\u0131rlad\u0131.\u00a0<\/p>\n<p>Yeti\u015ftirmesi epey zahmetli olan servet k\u0131ymetindeki baharat, son vakitlerde s\u0131k s\u0131k taklitleri ile an\u0131lmakta. Boya, kozmetik, ila\u00e7 ve besin b\u00f6l\u00fcm\u00fc ba\u015fta olmak \u00fczere bir\u00e7ok alanda kullan\u0131lan safran\u0131n ekonomik pahas\u0131n\u0131 fark eden doland\u0131r\u0131c\u0131lar, safran ile t\u0131pk\u0131 renge boyad\u0131klar\u0131 at k\u0131l\u0131 ve m\u0131s\u0131r ko\u00e7anlar\u0131n\u0131 &#8216;safran&#8217; ismi alt\u0131nda sat\u0131\u015fa sunmakta.\u00a0<\/p>\n<p><img decoding=\"async\" src=\"https:\/\/ikimisli.tr\/wp-content\/uploads\/2026\/01\/yilda-bir-kez-hasat-ediliyor-kilosu-900-bin-tlye-yukselince-mehmetcik-tarlada-nobete-basladi-9Y4GXIhN.webp\"\/><\/p>\n<p>Bu durum ger\u00e7ek \u00fcreticinin ma\u011fduriyet ya\u015famas\u0131na neden olurken, \u00e7ift\u00e7ilerin en b\u00fcy\u00fck meselelerinden biri de tarla h\u0131rs\u0131zlar\u0131 ile gayret olmakta.\u00a0<\/p>\n<p><strong>JANDARMA GECE G\u00dcND\u00dcZ N\u00d6BET TUTUYOR\u00a0<\/strong><\/p>\n<p>Y\u0131llard\u0131r f\u0131nd\u0131k ve ceviz \u00fczere eserlere odaklanan tarla h\u0131rs\u0131zlar\u0131, \u015fimdilerde artan fiyat\u0131 nedeniyle safran\u0131 g\u00f6z\u00fcne kestirmi\u015f durumda. \u0130\u00e7i\u015fleri Bakanl\u0131\u011f\u0131&#8217;na ba\u011fl\u0131 Jandarma tak\u0131mlar\u0131, y\u0131lda s\u0131rf bir sefer hasat edilen ve hasad\u0131na a\u011fustos ay\u0131n\u0131n sonunda ba\u015flayan eseri korumak i\u00e7in \u00f6zel olarak u\u011fra\u015f g\u00f6steriyor.\u00a0<\/p>\n<p>Jandarma tak\u0131mlar\u0131na yaz aylar\u0131nda ba\u015flayacak tarla n\u00f6betleri i\u00e7in \u00f6zel e\u011fitimler verilirken, \u00e7ift\u00e7inin mahsul\u00fcn\u00fc korumak i\u00e7in teknolojik imkanlardan da yararlan\u0131l\u0131yor.\u00a0<\/p>\n<p><img decoding=\"async\" src=\"https:\/\/ikimisli.tr\/wp-content\/uploads\/2026\/01\/yilda-bir-kez-hasat-ediliyor-kilosu-900-bin-tlye-yukselince-mehmetcik-tarlada-nobete-basladi-gRtBvBTZ.webp\"\/><\/p>\n<p>Maddi pahas\u0131 y\u00fcksek olan safran\u0131n bulundu\u011fu tarlalar\u0131n etraf\u0131 gece g\u00f6r\u00fc\u015fl\u00fc d\u00fcrb\u00fcnler ile g\u00f6zlenirken, saat fark etmeksizin tarlalar\u0131n etraf\u0131nda devriye gezen Jandarmalara, drone kameralarla yard\u0131mc\u0131 olunuyor.\u00a0<\/p>\n<p>\u015eu anda d\u00f6nem d\u0131\u015f\u0131nda olan ve kilosu 900 bin liradan al\u0131c\u0131 bulan safran\u0131n gelecek y\u0131l prestijiyle 1 milyon lira hududunu a\u015faca\u011f\u0131 d\u00fc\u015f\u00fcn\u00fclmekte.\u00a0<\/p>\n","protected":false},"excerpt":{"rendered":"<p>Y\u0131lda bir kere hasat edilen safran\u0131n kilogram fiyat\u0131 900 bin liraya kadar y\u00fckseldi. Ekonomik bedeli nedeniyle doland\u0131r\u0131c\u0131lar taraf\u0131ndan k\u0131rm\u0131z\u0131ya boyanan at k\u0131l\u0131 ve m\u0131s\u0131r ko\u00e7anlar\u0131 ile taklit edilen safran, birebir vakitte tarla h\u0131rs\u0131zlar\u0131n\u0131n da gayesinde. Yaz sonunda ba\u015flayacak hasat periyodu i\u00e7in \u015fimdiden e\u011fitimlere s\u00fcrat veren jandarma gruplar\u0131, bu y\u0131l da gece g\u00fcnd\u00fcz demeden tarlalarda n\u00f6bet  tutarak \u00e7ift\u00e7inin mahsul\u00fcn\u00fc koruyacak.<\/p>\n","protected":false},"author":1,"featured_media":91835,"comment_status":"open","ping_status":"open","sticky":false,"template":"","format":"standard","meta":{"footnotes":""},"categories":[25],"tags":[1959,901],"class_list":["post-91834","post","type-post","status-publish","format-standard","has-post-thumbnail","hentry","category-gundem","tag-safran","tag-tarla"],"_links":{"self":[{"href":"https:\/\/ikimisli.tr\/index.php\/wp-json\/wp\/v2\/posts\/91834","targetHints":{"allow":["GET"]}}],"collection":[{"href":"https:\/\/ikimisli.tr\/index.php\/wp-json\/wp\/v2\/posts"}],"about":[{"href":"https:\/\/ikimisli.tr\/index.php\/wp-json\/wp\/v2\/types\/post"}],"author":[{"embeddable":true,"href":"https:\/\/ikimisli.tr\/index.php\/wp-json\/wp\/v2\/users\/1"}],"replies":[{"embeddable":true,"href":"https:\/\/ikimisli.tr\/index.php\/wp-json\/wp\/v2\/comments?post=91834"}],"version-history":[{"count":1,"href":"https:\/\/ikimisli.tr\/index.php\/wp-json\/wp\/v2\/posts\/91834\/revisions"}],"predecessor-version":[{"id":91838,"href":"https:\/\/ikimisli.tr\/index.php\/wp-json\/wp\/v2\/posts\/91834\/revisions\/91838"}],"wp:featuredmedia":[{"embeddable":true,"href":"https:\/\/ikimisli.tr\/index.php\/wp-json\/wp\/v2\/media\/91835"}],"wp:attachment":[{"href":"https:\/\/ikimisli.tr\/index.php\/wp-json\/wp\/v2\/media?parent=91834"}],"wp:term":[{"taxonomy":"category","embeddable":true,"href":"https:\/\/ikimisli.tr\/index.php\/wp-json\/wp\/v2\/categories?post=91834"},{"taxonomy":"post_tag","embeddable":true,"href":"https:\/\/ikimisli.tr\/index.php\/wp-json\/wp\/v2\/tags?post=91834"}],"curies":[{"name":"wp","href":"https:\/\/api.w.org\/{rel}","templated":true}]}}