{"id":9185,"date":"2025-02-09T15:24:06","date_gmt":"2025-02-09T15:24:06","guid":{"rendered":"https:\/\/ikimisli.tr\/?p=9185"},"modified":"2025-02-09T15:24:06","modified_gmt":"2025-02-09T15:24:06","slug":"iphone-kamerasinin-yaninda-gorunen-o-delik-nedir-gorundugunden-cok-daha-kullanisli","status":"publish","type":"post","link":"https:\/\/ikimisli.tr\/index.php\/2025\/02\/09\/iphone-kamerasinin-yaninda-gorunen-o-delik-nedir-gorundugunden-cok-daha-kullanisli\/","title":{"rendered":"\u0130Phone kameras\u0131n\u0131n yan\u0131nda g\u00f6r\u00fcnen o delik nedir? G\u00f6r\u00fcnd\u00fc\u011f\u00fcnden \u00e7ok daha kullan\u0131\u015fl\u0131&#8230;"},"content":{"rendered":"<p>iPhone&#8217;unuzun art kameras\u0131 ile fla\u015f ortas\u0131nda k\u00fc\u00e7\u00fck bir delik oldu\u011funu fark etmi\u015fsinizdir. Bu ayr\u0131nt\u0131, iPhone 5&#8217;ten bu yana her modelde yer ald\u0131 ve en son iPhone 16&#8217;ya kadar ku\u015faktan nesile devam etti.<\/p>\n<p>Baz\u0131 kullan\u0131c\u0131lar bunun bir kamera sens\u00f6r\u00fc oldu\u011funu \u00f6ne s\u00fcrerken, \u00f6b\u00fcrleri ise bir yak\u0131nl\u0131k sens\u00f6r\u00fc oldu\u011funu d\u00fc\u015f\u00fcn\u00fcyor. Ayr\u0131yeten fla\u015fla ilgili oldu\u011funa inananlar da mevcut. Fakat ger\u00e7ekte, bu delik hayli kolay bir fonksiyonu yerine getiriyor. Art kamerayla g\u00f6r\u00fcnt\u00fc kaydederken bu deli\u011fe \u00fcfledi\u011finizde, bu \u00f6gesi daha d\u00fczg\u00fcn anlayabilirsiniz.<\/p>\n<div>\n<p>Ne fla\u015f\u0131n bir kesimi, ne ayg\u0131t\u0131n \u0131s\u0131nmas\u0131n\u0131 engelleyen bir havaland\u0131rma, ne de kamerayla ilgili bir sens\u00f6r. Asl\u0131nda, iPhone&#8217;un art kameras\u0131yla g\u00f6r\u00fcnt\u00fc kaydetti\u011fimizde aktifle\u015fen kolay bir mikrofon oldu\u011fu anla\u015f\u0131ld\u0131.<\/p>\n<\/p><\/div>\n<p>Dolay\u0131s\u0131yla, telefonda konu\u015furken yahut sesli not kaydederken kulland\u0131\u011f\u0131m\u0131z mikrofon, bu k\u00fc\u00e7\u00fck delikte bulunan mikrofon de\u011fildir. Bu durumlarda devreye giren mikrofon, ayg\u0131t\u0131n alt k\u0131sm\u0131nda, hoparl\u00f6rlerin \u00e7abucak yan\u0131nda yer alan mikrofondur.<\/p>\n<p>Bu mikrofon, y\u00fcksek kaliteli ses kaydetme kapasitesine sahip. Apple, buna &#8220;Studio&#8221; ismini veriyor; tahminen de ismi kadar k\u0131ymetli olmasa da, art plandaki g\u00fcr\u00fclt\u00fcy\u00fc \u00f6nemli formda azaltt\u0131\u011f\u0131 ve r\u00fczgar \u00fczere \u00f6gelerle gayret etti\u011fi yanl\u0131\u015fs\u0131z. Lakin, gizlice i\u00e7eri girerek kaydetti\u011fimiz ki\u015finin sesini engelleyecek kadar g\u00fc\u00e7l\u00fc de\u011fildir.<\/p>\n<p><b>Bir de L\u0130DAR sens\u00f6r\u00fc bulunuyor<\/b><\/p>\n<p>Yeni iPhone 16 Pro da dahil olmak \u00fczere, iPhone 12 Pro&#8217;dan itibaren art tarafta alt\u0131 farkl\u0131 \u00f6\u011fe bulunuyor: \u00fc\u00e7l\u00fc kamera, fla\u015f, mikrofon ve evvelki modellerde i\u015fe yaramaz \u00fczere g\u00f6r\u00fcnen o garip d\u00fcz daire.<\/p>\n<div>\n<p>Asl\u0131nda bu, bir LiDAR sens\u00f6r\u00fcd\u00fcr. Lazer \u0131\u015f\u0131\u011f\u0131 darbeleri kullanarak aral\u0131klar\u0131 ger\u00e7ek bir formda \u00f6l\u00e7en ve bir\u00e7ok farkl\u0131 uygulamaya sahip bir teknolojidir. En bilinen kullan\u0131m\u0131 ise \u00fc\u00e7 boyutlu haritalar olu\u015fturmakt\u0131r. Ayr\u0131yeten, otonom elektrikli s\u00fcp\u00fcrgeler ve kimi ara\u00e7lar\u0131n uzakl\u0131klar\u0131 \u00f6l\u00e7mek i\u00e7in kulland\u0131\u011f\u0131 sens\u00f6rlerle de benzerlik g\u00f6sterir.<\/p>\n<\/p><\/div>\n<p>3D modellerle \u00e7al\u0131\u015fan profesyoneller i\u00e7in epey yararl\u0131 olan bu sens\u00f6r, foto\u011fraf\u00e7\u0131l\u0131k alan\u0131nda da k\u0131ymetli bir fonksiyon sunar. Derinlik \u00f6l\u00e7me yetene\u011fi sayesinde, portre modunda daha \u00e2l\u00e2 sonu\u00e7lar elde edilmesine imkan tan\u0131r, bilhassa sahnenin \u0131\u015f\u0131\u011f\u0131 \u00fclk\u00fc olmad\u0131\u011f\u0131nda bile.<\/p>\n<p>Ancak, bu sens\u00f6r yaln\u0131zca &#8216;Pro&#8217; serisi iPhone&#8217;larla hudutlu de\u011fildir. \u00dcstte bahsedilen \u00f6teki ayg\u0131tlarla birlikte, Apple&#8217;\u0131n &#8216;Pro&#8217; iPad serisinde de bu sens\u00f6re yer verilmektedir. iPad Pro 2020&#8217;den en yeni iPad Pro M4&#8217;e kadar t\u00fcm modellerde bu sens\u00f6r bulunmaktad\u0131r.<\/p>\n","protected":false},"excerpt":{"rendered":"<p>On y\u0131ldan fazla bir m\u00fcddettir piyasada yer al\u0131yor, fla\u015f teknolojisiyle birlikte kullan\u0131l\u0131yor ve h\u00e2l\u00e2 aktifli\u011fi konusunda soru i\u015faretleri olu\u015fturuyor. O \u0130Phone kameras\u0131n\u0131n yan\u0131nda g\u00f6r\u00fcnen delik&#8230; Pekala, o delik ne i\u015fe yar\u0131yor?<\/p>\n","protected":false},"author":1,"featured_media":9186,"comment_status":"open","ping_status":"open","sticky":false,"template":"","format":"standard","meta":{"footnotes":""},"categories":[31],"tags":[1748,265,2171,2170,2169],"class_list":["post-9185","post","type-post","status-publish","format-standard","has-post-thumbnail","hentry","category-teknoloji","tag-iphone","tag-kamera","tag-mikrofon","tag-pro","tag-sensor"],"_links":{"self":[{"href":"https:\/\/ikimisli.tr\/index.php\/wp-json\/wp\/v2\/posts\/9185","targetHints":{"allow":["GET"]}}],"collection":[{"href":"https:\/\/ikimisli.tr\/index.php\/wp-json\/wp\/v2\/posts"}],"about":[{"href":"https:\/\/ikimisli.tr\/index.php\/wp-json\/wp\/v2\/types\/post"}],"author":[{"embeddable":true,"href":"https:\/\/ikimisli.tr\/index.php\/wp-json\/wp\/v2\/users\/1"}],"replies":[{"embeddable":true,"href":"https:\/\/ikimisli.tr\/index.php\/wp-json\/wp\/v2\/comments?post=9185"}],"version-history":[{"count":1,"href":"https:\/\/ikimisli.tr\/index.php\/wp-json\/wp\/v2\/posts\/9185\/revisions"}],"predecessor-version":[{"id":9187,"href":"https:\/\/ikimisli.tr\/index.php\/wp-json\/wp\/v2\/posts\/9185\/revisions\/9187"}],"wp:featuredmedia":[{"embeddable":true,"href":"https:\/\/ikimisli.tr\/index.php\/wp-json\/wp\/v2\/media\/9186"}],"wp:attachment":[{"href":"https:\/\/ikimisli.tr\/index.php\/wp-json\/wp\/v2\/media?parent=9185"}],"wp:term":[{"taxonomy":"category","embeddable":true,"href":"https:\/\/ikimisli.tr\/index.php\/wp-json\/wp\/v2\/categories?post=9185"},{"taxonomy":"post_tag","embeddable":true,"href":"https:\/\/ikimisli.tr\/index.php\/wp-json\/wp\/v2\/tags?post=9185"}],"curies":[{"name":"wp","href":"https:\/\/api.w.org\/{rel}","templated":true}]}}