{"id":91909,"date":"2026-01-20T12:48:06","date_gmt":"2026-01-20T12:48:06","guid":{"rendered":"https:\/\/ikimisli.tr\/?p=91909"},"modified":"2026-01-20T12:48:06","modified_gmt":"2026-01-20T12:48:06","slug":"somon-ve-uskumrudan-hem-daha-ucuz-hem-daha-saglikli-balik","status":"publish","type":"post","link":"https:\/\/ikimisli.tr\/index.php\/2026\/01\/20\/somon-ve-uskumrudan-hem-daha-ucuz-hem-daha-saglikli-balik\/","title":{"rendered":"Somon ve uskumrudan hem daha ucuz hem daha sa\u011fl\u0131kl\u0131 bal\u0131k"},"content":{"rendered":"<p>Uzmanlar, sardalyan\u0131n yaln\u0131zca b\u00fct\u00e7e dostu olmad\u0131\u011f\u0131n\u0131, t\u0131pk\u0131 vakitte bedenin gereksinim duydu\u011fu Omega-3, protein ve mikro besinler a\u00e7\u0131s\u0131ndan bir vitamin deposu oldu\u011funu vurguluyor. Denizlerin bu k\u00fc\u00e7\u00fck devinin, kalp s\u0131hhatinden ba\u011f\u0131\u015f\u0131kl\u0131k sistemine kadar sundu\u011fu pek \u00e7ok yarar mercek alt\u0131na al\u0131nd\u0131.<\/p>\n<p><strong>SARDALYA NEDEN EN SA\u011eLIKLI BALIK T\u00dcR\u00dcD\u00dcR<\/strong><\/p>\n<p>Sardalyalar, denizin berrak \u00fcst katmanlar\u0131nda ya\u015fayan ve planktonlarla beslenen k\u00fc\u00e7\u00fck bal\u0131klard\u0131r. Besin zincirinin alt basamaklar\u0131nda yer almalar\u0131, onlar\u0131 k\u0131l\u0131\u00e7 bal\u0131\u011f\u0131 yahut ton bal\u0131\u011f\u0131 \u00fczere b\u00fcy\u00fck y\u0131rt\u0131c\u0131lar\u0131n bilakis a\u011f\u0131r metal ve toksin birikiminden uzak fiyat.<\/p>\n<p>Bu \u00f6zellikleri sayesinde sardalyalar, a\u011f\u0131r metal riski ta\u015f\u0131mayan en pak deniz eserlerinden biri olarak kabul ediliyor. \u0130\u00e7eri\u011findeki a\u011f\u0131r besin bile\u015fimi, nizaml\u0131 t\u00fcketildi\u011finde beden i\u00e7in adeta do\u011fal bir m\u00fcdafaa kalkan\u0131 misyonu g\u00f6r\u00fcyor.<\/p>\n<p><strong>PAHALI BALIKLARA RAK\u0130P OMEGA-3 DEPOSU<\/strong><\/p>\n<p>Sardalyan\u0131n en dikkat cazip \u00f6zelli\u011fi, y\u00fcksek oranda Omega-3 ya\u011f asitleri i\u00e7ermesidir. Kalp ve damar s\u0131hhatini uygunla\u015ft\u0131ran bu ya\u011flar, beyin i\u015flevlerini desteklerken bedendeki iltihaplanma s\u00fcre\u00e7lerini de azaltmaya yard\u0131mc\u0131 olur.<\/p>\n<p><img decoding=\"async\" src=\"https:\/\/ikimisli.tr\/wp-content\/uploads\/2026\/01\/somon-ve-uskumrudan-hem-daha-ucuz-hem-daha-saglikli-balik-0-ZxsDyV44.jpg\"\/><\/p>\n<p>Yap\u0131lan tahliller, konserve edilmi\u015f sardalyalar\u0131n bile somon bal\u0131\u011f\u0131na rakip olacak seviyede Omega-3 sundu\u011funu g\u00f6steriyor. Haftal\u0131k beslenme plan\u0131na eklenen sardalya, damar esnekli\u011fini koruyarak kan bas\u0131nc\u0131n\u0131 dengeleme \u00f6zelli\u011fine sahip bulunuyor.<\/p>\n<p><strong>KEM\u0130K SIHHAT\u0130 \u0130\u00c7\u0130N DO\u011eAL KALS\u0130YUM VE D V\u0130TAM\u0130N\u0130<\/strong><\/p>\n<p>Sardalyalar, \u00e7oklukla k\u00fc\u00e7\u00fck kemikleriyle birlikte t\u00fcketilebilen nadir bal\u0131k tiplerinden biridir. Bu durum, onlar\u0131 s\u00fct eserlerine alternatif olabilecek kadar g\u00fc\u00e7l\u00fc bir do\u011fal kalsiyum kayna\u011f\u0131 haline getiriyor.<\/p>\n<p>Kemiklerin g\u00fc\u00e7lenmesi ve di\u015f s\u0131hhatinin korunmas\u0131 i\u00e7in hayati de\u011fer ta\u015f\u0131yan kalsiyum, sardalyadaki y\u00fcksek D vitamini ile birle\u015fince emilim oran\u0131 azamiye \u00e7\u0131k\u0131yor. Bu kombinasyon, bilhassa ileri ya\u015flarda g\u00f6r\u00fclen osteoporoz riskine kar\u015f\u0131 g\u00fc\u00e7l\u00fc bir savunma sa\u011fl\u0131yor.<\/p>\n<p><strong>C\u0130LT HO\u015eLU\u011eU VE \u00dcLK\u00dc PROTE\u0130N KAYNA\u011eI<\/strong><\/p>\n<p>Sardalyalar, kas yap\u0131s\u0131n\u0131n korunmas\u0131 ve doku tamiri i\u00e7in gerekli olan y\u00fcksek kalitede protein i\u00e7eriyor. Kolay sindirilebilir bu proteinler, sa\u011fl\u0131kl\u0131 ya\u011flarla birle\u015fti\u011finde tokluk hissini art\u0131rarak kilo denetimine de yard\u0131mc\u0131 oluyor.<\/p>\n<p>\u0130\u00e7eri\u011findeki antioksidanlar ve B vitaminleri sayesinde sardalya, cilt s\u0131hhati \u00fczerinde de g\u00f6zle g\u00f6r\u00fcl\u00fcr tesirler yarat\u0131yor. Tertipli t\u00fcketimin cildin elastikiyetini art\u0131rd\u0131\u011f\u0131, kurulu\u011fu \u00f6nledi\u011fi ve do\u011fal bir parlakl\u0131k kazand\u0131rd\u0131\u011f\u0131 kaydediliyor.<\/p>\n","protected":false},"excerpt":{"rendered":"<p>Sa\u011fl\u0131kl\u0131 beslenme denince akla birinci gelen somon ve uskumru \u00fczere &#8220;s\u00fcper besinler&#8221;, y\u00fcksek fiyatlar\u0131 nedeniyle her sofraya konuk olam\u0131yor. Lakin besin bedelleri incelendi\u011finde bu k\u0131ymetli \u00e7e\u015fitleri geride b\u0131rakan, \u00e7ok daha ekonomik bal\u0131k var. \u0130\u015fte detaylar&#8230;<\/p>\n","protected":false},"author":1,"featured_media":91910,"comment_status":"open","ping_status":"open","sticky":false,"template":"","format":"standard","meta":{"footnotes":""},"categories":[29],"tags":[2070,8763],"class_list":["post-91909","post","type-post","status-publish","format-standard","has-post-thumbnail","hentry","category-saglik","tag-sagligi","tag-sardalya"],"_links":{"self":[{"href":"https:\/\/ikimisli.tr\/index.php\/wp-json\/wp\/v2\/posts\/91909","targetHints":{"allow":["GET"]}}],"collection":[{"href":"https:\/\/ikimisli.tr\/index.php\/wp-json\/wp\/v2\/posts"}],"about":[{"href":"https:\/\/ikimisli.tr\/index.php\/wp-json\/wp\/v2\/types\/post"}],"author":[{"embeddable":true,"href":"https:\/\/ikimisli.tr\/index.php\/wp-json\/wp\/v2\/users\/1"}],"replies":[{"embeddable":true,"href":"https:\/\/ikimisli.tr\/index.php\/wp-json\/wp\/v2\/comments?post=91909"}],"version-history":[{"count":1,"href":"https:\/\/ikimisli.tr\/index.php\/wp-json\/wp\/v2\/posts\/91909\/revisions"}],"predecessor-version":[{"id":91912,"href":"https:\/\/ikimisli.tr\/index.php\/wp-json\/wp\/v2\/posts\/91909\/revisions\/91912"}],"wp:featuredmedia":[{"embeddable":true,"href":"https:\/\/ikimisli.tr\/index.php\/wp-json\/wp\/v2\/media\/91910"}],"wp:attachment":[{"href":"https:\/\/ikimisli.tr\/index.php\/wp-json\/wp\/v2\/media?parent=91909"}],"wp:term":[{"taxonomy":"category","embeddable":true,"href":"https:\/\/ikimisli.tr\/index.php\/wp-json\/wp\/v2\/categories?post=91909"},{"taxonomy":"post_tag","embeddable":true,"href":"https:\/\/ikimisli.tr\/index.php\/wp-json\/wp\/v2\/tags?post=91909"}],"curies":[{"name":"wp","href":"https:\/\/api.w.org\/{rel}","templated":true}]}}