{"id":9200,"date":"2025-02-09T16:48:06","date_gmt":"2025-02-09T16:48:06","guid":{"rendered":"https:\/\/ikimisli.tr\/?p=9200"},"modified":"2025-02-09T16:48:06","modified_gmt":"2025-02-09T16:48:06","slug":"tekirdagda-deniz-ulasimina-poyraz-engeli","status":"publish","type":"post","link":"https:\/\/ikimisli.tr\/index.php\/2025\/02\/09\/tekirdagda-deniz-ulasimina-poyraz-engeli\/","title":{"rendered":"Tekirda\u011f&#8217;da deniz ula\u015f\u0131m\u0131na poyraz engeli"},"content":{"rendered":"<div>\n<p>H\u0131z\u0131 vakit zaman saatte 40 kilometreye ula\u015fan poyraz nedeniyle yerli ve yabanc\u0131 band\u0131ral\u0131 9 \u015filep ile tanker, Tekirda\u011f a\u00e7\u0131klar\u0131nda bekliyor.<\/p>\n<p>Poyraz, bal\u0131k\u00e7\u0131lar\u0131 da olumsuz etkiliyor. S\u00fcleymanpa\u015fa il\u00e7esindeki bal\u0131k\u00e7\u0131lar, bug\u00fcn de denize a\u00e7\u0131lamad\u0131.<\/p>\n<p>S\u00fcleymanpa\u015fa Su \u00dcr\u00fcnleri Kooperatifi Ba\u015fkan\u0131 \u0130brahim Pehlivano\u011flu, gazetecilere, poyraz\u0131n avlanmay\u0131 zorla\u015ft\u0131rd\u0131\u011f\u0131n\u0131 s\u00f6yledi.<\/p>\n<p>Bal\u0131k\u00e7\u0131lar\u0131n havan\u0131n ola\u011fana d\u00f6nmesini bekledi\u011fini s\u00f6z eden Pehlivano\u011flu, &#8220;Bal\u0131k\u00e7\u0131 arkada\u015flar\u0131m\u0131z \u015fu anda faaliyetlerini a\u011flar\u0131na bak\u0131m yaparak ge\u00e7iriyorlar. Allah m\u00fcsaade verirse havalar d\u00fczeldi\u011finde arkada\u015flar\u0131m\u0131z faaliyetlerine \u00e7inekop, istavrit, sardalya tutarak devam edecekler.&#8221; dedi.<\/p>\n<p>\u00d6te yandan poyrazla olu\u015fan dalgalar, k\u0131y\u0131ya yosun ve \u00e7e\u015fitli at\u0131klar s\u00fcr\u00fckledi.<\/p>\n<p>Sahildeki birtak\u0131m alanlarda k\u0131rm\u0131z\u0131 yosun birikti.<\/p>\n<p>Hava s\u0131cakl\u0131\u011f\u0131n\u0131n 4 derece \u00f6l\u00e7\u00fcld\u00fc\u011f\u00fc kentte, poyraz\u0131n tesirini per\u015fembe g\u00fcn\u00fcne kadar s\u00fcrd\u00fcrmesi bekleniyor.<\/p>\n<\/p><\/div>\n<div>\n<div>\u00a0<\/div>\n<\/p><\/div>\n","protected":false},"excerpt":{"rendered":"<p>Marmara Denizi&#8217;nde 3 g\u00fcnd\u00fcr tesirli olan poyraz, Tekirda\u011f&#8217;da deniz ula\u015f\u0131m\u0131nda aksamalara neden oluyor.<\/p>\n","protected":false},"author":1,"featured_media":9201,"comment_status":"open","ping_status":"open","sticky":false,"template":"","format":"standard","meta":{"footnotes":""},"categories":[25],"tags":[2175],"class_list":["post-9200","post","type-post","status-publish","format-standard","has-post-thumbnail","hentry","category-gundem","tag-poyraz"],"_links":{"self":[{"href":"https:\/\/ikimisli.tr\/index.php\/wp-json\/wp\/v2\/posts\/9200","targetHints":{"allow":["GET"]}}],"collection":[{"href":"https:\/\/ikimisli.tr\/index.php\/wp-json\/wp\/v2\/posts"}],"about":[{"href":"https:\/\/ikimisli.tr\/index.php\/wp-json\/wp\/v2\/types\/post"}],"author":[{"embeddable":true,"href":"https:\/\/ikimisli.tr\/index.php\/wp-json\/wp\/v2\/users\/1"}],"replies":[{"embeddable":true,"href":"https:\/\/ikimisli.tr\/index.php\/wp-json\/wp\/v2\/comments?post=9200"}],"version-history":[{"count":1,"href":"https:\/\/ikimisli.tr\/index.php\/wp-json\/wp\/v2\/posts\/9200\/revisions"}],"predecessor-version":[{"id":9202,"href":"https:\/\/ikimisli.tr\/index.php\/wp-json\/wp\/v2\/posts\/9200\/revisions\/9202"}],"wp:featuredmedia":[{"embeddable":true,"href":"https:\/\/ikimisli.tr\/index.php\/wp-json\/wp\/v2\/media\/9201"}],"wp:attachment":[{"href":"https:\/\/ikimisli.tr\/index.php\/wp-json\/wp\/v2\/media?parent=9200"}],"wp:term":[{"taxonomy":"category","embeddable":true,"href":"https:\/\/ikimisli.tr\/index.php\/wp-json\/wp\/v2\/categories?post=9200"},{"taxonomy":"post_tag","embeddable":true,"href":"https:\/\/ikimisli.tr\/index.php\/wp-json\/wp\/v2\/tags?post=9200"}],"curies":[{"name":"wp","href":"https:\/\/api.w.org\/{rel}","templated":true}]}}