{"id":92001,"date":"2026-01-20T18:00:07","date_gmt":"2026-01-20T18:00:07","guid":{"rendered":"https:\/\/ikimisli.tr\/?p=92001"},"modified":"2026-01-20T18:00:07","modified_gmt":"2026-01-20T18:00:07","slug":"gazetecilik-suc-sayildi-yolsuzluk-iddiasini-konustu-sabah-evinden-alindi","status":"publish","type":"post","link":"https:\/\/ikimisli.tr\/index.php\/2026\/01\/20\/gazetecilik-suc-sayildi-yolsuzluk-iddiasini-konustu-sabah-evinden-alindi\/","title":{"rendered":"Gazetecilik su\u00e7 say\u0131ld\u0131: Yolsuzluk iddias\u0131n\u0131 konu\u015ftu, sabah evinden al\u0131nd\u0131"},"content":{"rendered":"<p>BursaMuhalif Haber M\u00fcd\u00fcr\u00fc gazeteci U\u011fur \u00d6kdemir, Muhalif TV\u2019de T\u00d6B-SEN Bursa Temsilcisi Serkan Bebek ile ger\u00e7ekle\u015ftirdi\u011fi programda lisana getirilen savlar m\u00fcnasebet g\u00f6sterilerek polisler taraf\u0131ndan g\u00f6zalt\u0131na al\u0131nd\u0131. Sabah saatlerinde konutundan al\u0131nan \u00d6kdemir, tabirinin akabinde \u00f6zg\u00fcr b\u0131rak\u0131ld\u0131.<\/p>\n<p><strong>PROGRAM M\u00dcNASEBET G\u00d6STER\u0130LD\u0130<\/strong><\/p>\n<p>Edinilen bilgilere nazaran, \u00d6kdemir\u2019in 2024 y\u0131l\u0131nda T\u00d6B-SEN Bursa \u015eube Ba\u015fkan\u0131 Serkan Bebek\u2019in konuk oldu\u011fu programda, Bursa Vilayet Ulusal E\u011fitim M\u00fcd\u00fcrl\u00fc\u011f\u00fc\u2019ne ait yolsuzluk savlar\u0131n\u0131 g\u00fcndeme getirmesi \u00fczerine soru\u015fturma ba\u015flat\u0131ld\u0131. Soru\u015fturma kapsam\u0131nda \u00d6kdemir\u2019in \u201cMilli E\u011fitim Bakanl\u0131\u011f\u0131\u2019na iftira\u201d arg\u00fcman\u0131yla s\u00f6z\u00fc al\u0131nd\u0131.<\/p>\n<p><strong>AVUKATTAN USULS\u00dcZL\u00dcK VURGUSU<\/strong><\/p>\n<p>\u00d6kdemir\u2019in avukat\u0131 Kemal \u00d6zg\u00fcr Uzman, ya\u015fanan s\u00fcrecin bas\u0131n \u00f6zg\u00fcrl\u00fc\u011f\u00fcne muhalif oldu\u011funu belirterek \u015funlar\u0131 s\u00f6yledi:<\/p>\n<p>\u201cM\u00fcvekkilimin faaliyeti bas\u0131n \u00f6zg\u00fcrl\u00fc\u011f\u00fc kapsam\u0131nda y\u00fcr\u00fct\u00fclen gazetecilik faaliyetidir. Bas\u0131n \u00f6zg\u00fcrl\u00fc\u011f\u00fc hem Avrupa \u0130nsan Haklar\u0131 Kontrat\u0131 hem de Anayasa ile teminat alt\u0131na al\u0131nm\u0131\u015ft\u0131r. Bu t\u00fcrl\u00fc bir soru\u015fturman\u0131n dahi olmamas\u0131 gerekir; bizce s\u00fcre\u00e7 usuls\u00fczd\u00fcr. M\u00fcvekkilim kamu faydas\u0131 do\u011frultusunda, toplumun haber alma hakk\u0131 \u00e7er\u00e7evesinde hareket etmi\u015ftir. Bas\u0131n\u0131n \u00f6zg\u00fcrl\u00fc\u011f\u00fc toplumun \u00f6zg\u00fcrl\u00fc\u011f\u00fcd\u00fcr.\u201d<\/p>\n<p><strong>\u00a0\u201cSUSTURMA TE\u015eEBB\u00dcS\u00dcYLE KAR\u015eI KAR\u015eIYAYIZ\u201d<\/strong><\/p>\n<p>Gazeteci U\u011fur \u00d6kdemir ise g\u00f6zalt\u0131 s\u00fcrecine ait yapt\u0131\u011f\u0131 a\u00e7\u0131klamada, ya\u015fananlar\u0131 ele\u015ftirdi. \u00d6kdemir, s\u00f6ze \u00e7a\u011fr\u0131lmas\u0131 halinde gidece\u011fini belirtmesine kar\u015f\u0131n sabah saatlerinde konutundan g\u00f6zalt\u0131na al\u0131nd\u0131\u011f\u0131n\u0131 s\u00f6yledi.<\/p>\n<p>\u201cT\u00d6B-SEN Bursa \u015eube Ba\u015fkan\u0131 Serkan Bebek\u2019in g\u00fcndeme getirdi\u011fi Bursa Vilayet Ulusal E\u011fitim\u2019deki yolsuzluk arg\u00fcmanlar\u0131yla ilgili yapt\u0131\u011f\u0131m\u0131z canl\u0131 yay\u0131n\u0131n akabinde bu s\u00fcre\u00e7 ya\u015fand\u0131. Kamu faydas\u0131na bir habercilik ortaya koyduk lakin s\u00f6z veren pozisyona getirildik. Var olan arg\u00fcmanlar\u0131 g\u00fcndeme ta\u015f\u0131d\u0131k ve kar\u015f\u0131 taraf\u0131n da yan\u0131t hakk\u0131 oldu\u011funu bilhassa vurgulad\u0131k.\u201d<\/p>\n<p>\u00d6kdemir, s\u00fcreci bir bask\u0131 ve sindirme te\u015febb\u00fcs\u00fc olarak k\u0131ymetlendirdi:<\/p>\n<p>\u201cBir manada bizleri susturma te\u015febb\u00fcs\u00fcyle kar\u015f\u0131 kar\u015f\u0131yay\u0131z. \u2018Kimsenin huzurunu ka\u00e7\u0131rmay\u0131n, etliye s\u00fctl\u00fcye kar\u0131\u015fmay\u0131n\u2019 denmek isteniyor. Fakat biz gazetecilik prensipleri do\u011frultusunda i\u015fimizi yapmaya devam edece\u011fiz.\u201d<\/p>\n","protected":false},"excerpt":{"rendered":"<p>BursaMuhalif Haber M\u00fcd\u00fcr\u00fc U\u011fur \u00d6kdemir, Muhalif TV\u2019de yay\u0131mlanan bir programda kulland\u0131\u011f\u0131 s\u00f6zler m\u00fcnasebet g\u00f6sterilerek sabah saatlerinde konutundan g\u00f6zalt\u0131na al\u0131nd\u0131. \u201cMilli E\u011fitim Bakanl\u0131\u011f\u0131\u2019na iftira\u201d teziyle s\u00f6z\u00fc al\u0131nan \u00d6kdemir, s\u00fcre\u00e7lerin akabinde \u00f6zg\u00fcr b\u0131rak\u0131ld\u0131.<\/p>\n","protected":false},"author":1,"featured_media":92002,"comment_status":"open","ping_status":"open","sticky":false,"template":"","format":"standard","meta":{"footnotes":""},"categories":[25],"tags":[1844,1559],"class_list":["post-92001","post","type-post","status-publish","format-standard","has-post-thumbnail","hentry","category-gundem","tag-bursa","tag-ozgur"],"_links":{"self":[{"href":"https:\/\/ikimisli.tr\/index.php\/wp-json\/wp\/v2\/posts\/92001","targetHints":{"allow":["GET"]}}],"collection":[{"href":"https:\/\/ikimisli.tr\/index.php\/wp-json\/wp\/v2\/posts"}],"about":[{"href":"https:\/\/ikimisli.tr\/index.php\/wp-json\/wp\/v2\/types\/post"}],"author":[{"embeddable":true,"href":"https:\/\/ikimisli.tr\/index.php\/wp-json\/wp\/v2\/users\/1"}],"replies":[{"embeddable":true,"href":"https:\/\/ikimisli.tr\/index.php\/wp-json\/wp\/v2\/comments?post=92001"}],"version-history":[{"count":1,"href":"https:\/\/ikimisli.tr\/index.php\/wp-json\/wp\/v2\/posts\/92001\/revisions"}],"predecessor-version":[{"id":92003,"href":"https:\/\/ikimisli.tr\/index.php\/wp-json\/wp\/v2\/posts\/92001\/revisions\/92003"}],"wp:featuredmedia":[{"embeddable":true,"href":"https:\/\/ikimisli.tr\/index.php\/wp-json\/wp\/v2\/media\/92002"}],"wp:attachment":[{"href":"https:\/\/ikimisli.tr\/index.php\/wp-json\/wp\/v2\/media?parent=92001"}],"wp:term":[{"taxonomy":"category","embeddable":true,"href":"https:\/\/ikimisli.tr\/index.php\/wp-json\/wp\/v2\/categories?post=92001"},{"taxonomy":"post_tag","embeddable":true,"href":"https:\/\/ikimisli.tr\/index.php\/wp-json\/wp\/v2\/tags?post=92001"}],"curies":[{"name":"wp","href":"https:\/\/api.w.org\/{rel}","templated":true}]}}