{"id":92038,"date":"2026-01-20T20:00:07","date_gmt":"2026-01-20T20:00:07","guid":{"rendered":"https:\/\/ikimisli.tr\/?p=92038"},"modified":"2026-01-20T20:00:07","modified_gmt":"2026-01-20T20:00:07","slug":"seriat-cikisiyla-hedef-gosterilen-esra-erol-ozur-diledi","status":"publish","type":"post","link":"https:\/\/ikimisli.tr\/index.php\/2026\/01\/20\/seriat-cikisiyla-hedef-gosterilen-esra-erol-ozur-diledi\/","title":{"rendered":"&#8216;\u015eeriat&#8217; \u00e7\u0131k\u0131\u015f\u0131yla hedef g\u00f6sterilen Esra Erol \u00f6z\u00fcr diledi"},"content":{"rendered":"<p>ATV ekranlar\u0131nda yay\u0131nlanan Esra Erol&#8217;da program\u0131nda bir konu\u011fun &#8220;\u015feriat&#8221; ile ilgili s\u00f6zleri \u00e7ok konu\u015fulan \u00fcnl\u00fc sunucu Esra Erol kelamlar\u0131na &#8220;a\u00e7\u0131kl\u0131k&#8221; getirdi.<\/p>\n<p>Bir kadro \u00e7evreler taraf\u0131ndan gaye g\u00f6sterilen Esra Erol, yanl\u0131\u015f anla\u015f\u0131ld\u0131\u011f\u0131n\u0131 savunarak \u00f6z\u00fcr diledi.<\/p>\n<p>&#8220;Cuma g\u00fcnk\u00fc program\u0131m s\u0131ras\u0131nda st\u00fcdyodaki konu\u011fun kelam\u0131na canl\u0131 yay\u0131n\u0131n tabiat\u0131 i\u00e7erisinde refleksle verdi\u011fim yan\u0131t yanl\u0131\u015f anla\u015f\u0131lmaya yol a\u00e7t\u0131&#8221; diyen Erol, &#8220;Bu nedenle \u00fczg\u00fcn\u00fcm. Beni tan\u0131yan herkes, ba\u015fta izleyicilerim, y\u0131llard\u0131r bu ekranda hangi hassasiyetlerle konu\u015ftu\u011fumu, hangi pahalara ehemmiyet verdi\u011fimi \u00e7ok \u00e2l\u00e2 bilir&#8221; bi\u00e7iminde konu\u015ftu.<\/p>\n<p>&#8220;\u0130slam dinine h\u00fcrmet benim i\u00e7in her vakit temel bir duru\u015ftur. \u0130man\u0131m\u0131z\u0131 sorgulatacak hi\u00e7bir yanl\u0131\u015f\u0131n i\u00e7inde olmad\u0131m, olmam&#8221; s\u00f6zlerini kullanan \u00fcnl\u00fc sunucu yanl\u0131\u015f anlad\u0131\u011f\u0131n\u0131 belirterek \u015fu s\u00f6zleri sarf etti:<\/p>\n<p>&#8220;Hayat\u0131m boyunca kimseyi k\u0131rmamak, incitmemek ya da rencide etmemek \u00fczere bir yanl\u0131\u015f\u0131n i\u00e7inde olmamaya da daima itina g\u00f6steren biri olarak yanl\u0131\u015f anla\u015f\u0131lm\u0131\u015f olmaktan, tart\u0131\u015fmalara mevzu olmaktan keder duyuyorum. Her vakit uygundan, g\u00fczellikten yana k\u00fclt\u00fcr\u00fcm\u00fcz\u00fcn \u00f6z\u00fcne vurgu yaparak y\u00fcr\u00fcmeye, bize gereksinimi olan herkesin s\u0131k\u0131nt\u0131s\u0131na deva olmak i\u00e7in \u00e7al\u0131\u015fmaya devam edece\u011fiz.&#8221;<\/p>\n<p><b>NE OLMU\u015eTU?<\/b><\/p>\n<p>Esra Erol, ge\u00e7ti\u011fimiz cuma g\u00fcn\u00fc yay\u0131nlanan program\u0131nda konuklardan bir ki\u015fi &#8220;\u015eeriat\u0131n kesti\u011fi parmak ac\u0131maz&#8221; bi\u00e7imindeki s\u00f6zlerine &#8220;Burada \u015feriat yok, Ortado\u011fu&#8217;da var&#8221; diyerek reaksiyon g\u00f6stermi\u015fti.<\/p>\n<p>Erol&#8217;un tabirleri, ortalar\u0131nda AKP ve H\u00dcDAPAR&#8217;l\u0131 isimlerin de bulundu\u011fu \u00e7ok say\u0131da ki\u015finin yans\u0131s\u0131na yol a\u00e7m\u0131\u015ft\u0131.<\/p>\n<p>Baz\u0131 isimler Esra Erol&#8217;un uzun m\u00fcddettir devam eden program\u0131n\u0131n sonland\u0131r\u0131lmas\u0131n\u0131 istemi\u015fti.<\/p>\n","protected":false},"excerpt":{"rendered":"<p>G\u00fcnd\u00fcz jenerasyonu program\u0131nda, &#8220;Burada \u015feriat yok&#8221; s\u00f6zleri nedeniyle gaye g\u00f6sterilen Esra Erol, \u00f6z\u00fcr diledi.<\/p>\n","protected":false},"author":1,"featured_media":92039,"comment_status":"open","ping_status":"open","sticky":false,"template":"","format":"standard","meta":{"footnotes":""},"categories":[25],"tags":[9879,2489],"class_list":["post-92038","post","type-post","status-publish","format-standard","has-post-thumbnail","hentry","category-gundem","tag-esra-erol","tag-yanlis"],"_links":{"self":[{"href":"https:\/\/ikimisli.tr\/index.php\/wp-json\/wp\/v2\/posts\/92038","targetHints":{"allow":["GET"]}}],"collection":[{"href":"https:\/\/ikimisli.tr\/index.php\/wp-json\/wp\/v2\/posts"}],"about":[{"href":"https:\/\/ikimisli.tr\/index.php\/wp-json\/wp\/v2\/types\/post"}],"author":[{"embeddable":true,"href":"https:\/\/ikimisli.tr\/index.php\/wp-json\/wp\/v2\/users\/1"}],"replies":[{"embeddable":true,"href":"https:\/\/ikimisli.tr\/index.php\/wp-json\/wp\/v2\/comments?post=92038"}],"version-history":[{"count":1,"href":"https:\/\/ikimisli.tr\/index.php\/wp-json\/wp\/v2\/posts\/92038\/revisions"}],"predecessor-version":[{"id":92040,"href":"https:\/\/ikimisli.tr\/index.php\/wp-json\/wp\/v2\/posts\/92038\/revisions\/92040"}],"wp:featuredmedia":[{"embeddable":true,"href":"https:\/\/ikimisli.tr\/index.php\/wp-json\/wp\/v2\/media\/92039"}],"wp:attachment":[{"href":"https:\/\/ikimisli.tr\/index.php\/wp-json\/wp\/v2\/media?parent=92038"}],"wp:term":[{"taxonomy":"category","embeddable":true,"href":"https:\/\/ikimisli.tr\/index.php\/wp-json\/wp\/v2\/categories?post=92038"},{"taxonomy":"post_tag","embeddable":true,"href":"https:\/\/ikimisli.tr\/index.php\/wp-json\/wp\/v2\/tags?post=92038"}],"curies":[{"name":"wp","href":"https:\/\/api.w.org\/{rel}","templated":true}]}}