{"id":92051,"date":"2026-01-20T20:48:10","date_gmt":"2026-01-20T20:48:10","guid":{"rendered":"https:\/\/ikimisli.tr\/?p=92051"},"modified":"2026-01-20T20:48:10","modified_gmt":"2026-01-20T20:48:10","slug":"4-ildeki-suriye-eylemlerine-polisten-gazli-mudahale","status":"publish","type":"post","link":"https:\/\/ikimisli.tr\/index.php\/2026\/01\/20\/4-ildeki-suriye-eylemlerine-polisten-gazli-mudahale\/","title":{"rendered":"4 ildeki Suriye eylemlerine polisten gazl\u0131 m\u00fcdahale"},"content":{"rendered":"<p>DEM Parti \u00f6nc\u00fcl\u00fc\u011f\u00fcnde Demokratik Kurumlar Platformu\u2019nca Suriye ordusu ile Suriye Demokratik G\u00fc\u00e7leri ortas\u0131nda ya\u015fanan \u00e7at\u0131\u015fmalar\u0131 protesto etmek i\u00e7in Diyarbak\u0131r\u2019da y\u00fcr\u00fcy\u00fc\u015f d\u00fczenlenmek istendi.<\/p>\n<p>Ko\u015fuyolu Park\u0131\u2019ndan Da\u011fkap\u0131\u2019ya yap\u0131lmas\u0131 planlanan y\u00fcr\u00fcy\u00fc\u015fe polis izin vermedi. DEM Parti yetkilileri ile polis taraf\u0131ndan bir m\u00fcddet yap\u0131lan m\u00fczakereler sonu\u00e7suz kal\u0131nca polis, kalabal\u0131\u011f\u0131n da\u011f\u0131lmas\u0131n\u0131 istedi.<\/p>\n<p><b>GAZLI M\u00dcDAHALEDEN VEK\u0130LLER DE ETK\u0130LEND\u0130<\/b><\/p>\n<p>Polisin ihtar\u0131n\u0131n akabinde kalabal\u0131ktakiler, y\u00fcr\u00fcy\u00fc\u015fe ge\u00e7mek istedikleri s\u0131rada m\u00fcdahaleyle kar\u015f\u0131la\u015ft\u0131lar. Ko\u015fuyolu park\u0131nda ba\u015flayan m\u00fcdahale, Bat\u0131kent Meydan\u0131\u2019na kadar s\u00fcrd\u00fc.<\/p>\n<p><img decoding=\"async\" src=\"https:\/\/ikimisli.tr\/wp-content\/uploads\/2026\/01\/4-ildeki-suriye-eylemlerine-polisten-gazli-mudahale-0-TQ9QAW84.jpg\"\/><\/p>\n<p>M\u00fcdahale s\u0131ras\u0131nda DEM Parti Milletvekili Adalet Kaya, DEM Parti Vilayet E\u015f Lideri Abbas \u015eahin biber gaz\u0131ndan etkilendi.<\/p>\n<p>Bat\u0131kent meydan\u0131nda polis g\u00f6stericileri biber gaz\u0131 kullanarak da\u011f\u0131t\u0131rken, kimi gazeteciler de biber gaz\u0131ndan etkilendi. <\/p>\n<p><b>\u0130STANBUL VE BATMAN&#8217;DA DA GERG\u0130NL\u0130K VARDI<\/b><\/p>\n<p>DEM Parti&#8217;nin \u0130stanbul Sar\u0131gazi&#8217;deki protesto g\u00f6sterisinde DEM Parti \u0130stanbul \u0130l E\u015f Ba\u015fkan\u0131 \u00c7\u0131nar Altan&#8217;\u0131n da ortalar\u0131nda oldu\u011fu \u00e7ok say\u0131da ki\u015fi g\u00f6zalt\u0131na al\u0131nd\u0131. Batman&#8217;daki protesto \u015fovlar\u0131nda de g\u00f6zalt\u0131lar\u0131n oldu\u011fu tabir edildi.<\/p>\n<p><img decoding=\"async\" src=\"https:\/\/ikimisli.tr\/wp-content\/uploads\/2026\/01\/4-ildeki-suriye-eylemlerine-polisten-gazli-mudahale-1-k5vvTjW7.jpg\"\/><\/p>\n<p><b>VAN&#8217;DA OLAY \u00c7IKTI<\/b><\/p>\n<p>Van Emek ve Demokrasi Platformu\u2019nun Suriye\u2019de ya\u015fanan geli\u015fmelere ait d\u00fczenledi\u011fi aksiyona polis m\u00fcdahale etti. M\u00fcdahale s\u0131ras\u0131nda \u00e7ok say\u0131da ki\u015fi g\u00f6zalt\u0131na al\u0131nd\u0131.<\/p>\n<p>G\u00f6zalt\u0131na al\u0131nanlar ortas\u0131nda yer alan ve yerine kayyum atanan Van B\u00fcy\u00fck\u015fehir Belediye E\u015fba\u015fkan\u0131 Abdullah Zeydan\u2019\u0131n da bulundu\u011fu 10 ki\u015fi h\u00fcr b\u0131rak\u0131ld\u0131. Edinilen bilgilere nazaran, g\u00f6zalt\u0131ndaki ba\u015fka 40 ki\u015finin emniyetteki sorgular\u0131 ise s\u00fcr\u00fcyor.<\/p>\n<p>Aralar\u0131nda Van Barosu Lideri Avukat Sinan \u00d6zaraz\u2019\u0131n da bulundu\u011fu \u00e7ok say\u0131da avukat\u0131n da g\u00f6zalt\u0131na al\u0131nmas\u0131n\u0131n akabinde, avukatlar Adliye binas\u0131nda bir ortaya geldi. Avukatlar buradan sloganlar e\u015fli\u011finde Van Vilayet Emniyet M\u00fcd\u00fcrl\u00fc\u011f\u00fc\u2019ne kadar y\u00fcr\u00fcd\u00fc.<\/p>\n","protected":false},"excerpt":{"rendered":"<p>Suriye ordusu ve SDG g\u00fc\u00e7leri ortas\u0131nda ya\u015fanan \u00e7at\u0131\u015fmalar\u0131 protesto etmek i\u00e7in DEM Parti \u00f6nc\u00fcl\u00fc\u011f\u00fcnde yap\u0131lmak istenilen y\u00fcr\u00fcy\u00fc\u015fe m\u00fcsaade verilmedi. Polisin biber gazl\u0131 m\u00fcdahalesinden DEM Partili milletvekilleri ve gazeteciler de etkilendi. \u0130stanbul ve 2 vilayette de hareketlerde gerginlik ya\u015fand\u0131.<\/p>\n","protected":false},"author":1,"featured_media":92052,"comment_status":"open","ping_status":"open","sticky":false,"template":"","format":"standard","meta":{"footnotes":""},"categories":[25],"tags":[480,3207,269,614],"class_list":["post-92051","post","type-post","status-publish","format-standard","has-post-thumbnail","hentry","category-gundem","tag-dem-parti","tag-mudahale","tag-polis","tag-van"],"_links":{"self":[{"href":"https:\/\/ikimisli.tr\/index.php\/wp-json\/wp\/v2\/posts\/92051","targetHints":{"allow":["GET"]}}],"collection":[{"href":"https:\/\/ikimisli.tr\/index.php\/wp-json\/wp\/v2\/posts"}],"about":[{"href":"https:\/\/ikimisli.tr\/index.php\/wp-json\/wp\/v2\/types\/post"}],"author":[{"embeddable":true,"href":"https:\/\/ikimisli.tr\/index.php\/wp-json\/wp\/v2\/users\/1"}],"replies":[{"embeddable":true,"href":"https:\/\/ikimisli.tr\/index.php\/wp-json\/wp\/v2\/comments?post=92051"}],"version-history":[{"count":1,"href":"https:\/\/ikimisli.tr\/index.php\/wp-json\/wp\/v2\/posts\/92051\/revisions"}],"predecessor-version":[{"id":92055,"href":"https:\/\/ikimisli.tr\/index.php\/wp-json\/wp\/v2\/posts\/92051\/revisions\/92055"}],"wp:featuredmedia":[{"embeddable":true,"href":"https:\/\/ikimisli.tr\/index.php\/wp-json\/wp\/v2\/media\/92052"}],"wp:attachment":[{"href":"https:\/\/ikimisli.tr\/index.php\/wp-json\/wp\/v2\/media?parent=92051"}],"wp:term":[{"taxonomy":"category","embeddable":true,"href":"https:\/\/ikimisli.tr\/index.php\/wp-json\/wp\/v2\/categories?post=92051"},{"taxonomy":"post_tag","embeddable":true,"href":"https:\/\/ikimisli.tr\/index.php\/wp-json\/wp\/v2\/tags?post=92051"}],"curies":[{"name":"wp","href":"https:\/\/api.w.org\/{rel}","templated":true}]}}