{"id":92150,"date":"2026-01-21T01:48:07","date_gmt":"2026-01-21T01:48:07","guid":{"rendered":"https:\/\/ikimisli.tr\/?p=92150"},"modified":"2026-01-21T01:48:07","modified_gmt":"2026-01-21T01:48:07","slug":"pkk-heykelleri-apo-posterleri-yerle-bir","status":"publish","type":"post","link":"https:\/\/ikimisli.tr\/index.php\/2026\/01\/21\/pkk-heykelleri-apo-posterleri-yerle-bir\/","title":{"rendered":"PKK heykelleri, Apo posterleri yerle bir"},"content":{"rendered":"<p>Suriye ordusu Rakka\u2019n\u0131n kimi noktalar\u0131ndaki ter\u00f6r \u00f6rg\u00fct\u00fcne ili\u015fkin sembolleri s\u00f6kerek, PKK\u2019ya ili\u015fkin t\u00fcm kal\u0131nt\u0131lar\u0131 temizledi.<\/p>\n<p>Ter\u00f6r \u00f6rg\u00fct\u00fc PKK\u2019n\u0131n Suriye\u2019deki yap\u0131lanmas\u0131 olan SDG-YPG\u2019li ter\u00f6ristlerin \u015eam ordusuna kat\u0131lma karar\u0131 almas\u0131yla birlikte \u00f6rg\u00fct\u00fcn i\u015fgali alt\u0131ndaki Deyrizor, Rakka ve il\u00e7esi Tabka\u2019dan \u00e7ekilen ter\u00f6ristlerin bo\u015faltt\u0131\u011f\u0131 b\u00f6lgelere \u015eam ordusuna ba\u011fl\u0131 g\u00fc\u00e7ler s\u00fcratlice yerle\u015fti.<\/p>\n<p>Arap n\u00fcfusun y\u00fckte oldu\u011fu bu \u00fc\u00e7 yerle\u015fim \u00fcnitesindeki a\u015firetler bir ortaya gelerek ter\u00f6r<br \/>\u00f6rg\u00fct\u00fcn\u00fc sembolize eden semboller ve Abdullah \u00d6calan\u2019a ili\u015fkin posterleri indirip kutlama yapt\u0131.<\/p>\n<p><b>S\u0130V\u0130LLERE ATE\u015e A\u00c7TILAR<\/b><\/p>\n<p>Ter\u00f6r \u00f6rg\u00fct\u00fc PKK ve uzant\u0131lar\u0131n\u0131 Rakka\u2019da istemeyen Suriyeliler soka\u011fa \u00e7\u0131karak \u015fov yapt\u0131.\u00a0<\/p>\n<p>Ter\u00f6r \u00f6rg\u00fct\u00fcne mensup keskin ni\u015fanc\u0131lar, kentte denetimin b\u00fcy\u00fck \u00f6l\u00e7\u00fcde sa\u011flanmas\u0131n\u0131 kutlayan sivillere ate\u015f a\u00e7t\u0131. Ak\u0131nlarda, en az 4 sivil \u00f6ld\u00fc, \u00e7ok say\u0131da ki\u015fi yaraland\u0131. G\u00f6sterici k\u00fcmelerden rahats\u0131z olan ter\u00f6r \u00f6geleri, geri \u00e7ekilirken de ara\u00e7lar\u0131ndan halka ate\u015f a\u00e7arak ka\u00e7t\u0131. Bayanlar\u0131n tutuldu\u011fu bir cezaevine de giren Suriye ordusunun bayan tutsaklar\u0131 ve \u00e7ocuklar\u0131 h\u00fcr b\u0131rakt\u0131\u011f\u0131 \u00f6\u011frenildi<\/p>\n","protected":false},"excerpt":{"rendered":"<p>\u015eam ile SDG ortas\u0131ndaki mutabakat y\u00fcr\u00fcrl\u00fc\u011fe girdi. Ter\u00f6r \u00f6rg\u00fct\u00fcn\u00fcn denetimindeki noktalara Suriye ordu g\u00fc\u00e7leri konu\u015fland\u0131. Rakka\u2019da da ter\u00f6r \u00f6rg\u00fct\u00fcn\u00fcn dikti\u011fi, PKK\u2019y\u0131 simgeleyen heykeller y\u0131k\u0131ld\u0131. Ter\u00f6ristba\u015f\u0131 Apo\u2019nun posterleri par\u00e7aland\u0131.<\/p>\n","protected":false},"author":1,"featured_media":92151,"comment_status":"open","ping_status":"open","sticky":false,"template":"","format":"standard","meta":{"footnotes":""},"categories":[25],"tags":[847],"class_list":["post-92150","post","type-post","status-publish","format-standard","has-post-thumbnail","hentry","category-gundem","tag-teror-orgutu"],"_links":{"self":[{"href":"https:\/\/ikimisli.tr\/index.php\/wp-json\/wp\/v2\/posts\/92150","targetHints":{"allow":["GET"]}}],"collection":[{"href":"https:\/\/ikimisli.tr\/index.php\/wp-json\/wp\/v2\/posts"}],"about":[{"href":"https:\/\/ikimisli.tr\/index.php\/wp-json\/wp\/v2\/types\/post"}],"author":[{"embeddable":true,"href":"https:\/\/ikimisli.tr\/index.php\/wp-json\/wp\/v2\/users\/1"}],"replies":[{"embeddable":true,"href":"https:\/\/ikimisli.tr\/index.php\/wp-json\/wp\/v2\/comments?post=92150"}],"version-history":[{"count":1,"href":"https:\/\/ikimisli.tr\/index.php\/wp-json\/wp\/v2\/posts\/92150\/revisions"}],"predecessor-version":[{"id":92152,"href":"https:\/\/ikimisli.tr\/index.php\/wp-json\/wp\/v2\/posts\/92150\/revisions\/92152"}],"wp:featuredmedia":[{"embeddable":true,"href":"https:\/\/ikimisli.tr\/index.php\/wp-json\/wp\/v2\/media\/92151"}],"wp:attachment":[{"href":"https:\/\/ikimisli.tr\/index.php\/wp-json\/wp\/v2\/media?parent=92150"}],"wp:term":[{"taxonomy":"category","embeddable":true,"href":"https:\/\/ikimisli.tr\/index.php\/wp-json\/wp\/v2\/categories?post=92150"},{"taxonomy":"post_tag","embeddable":true,"href":"https:\/\/ikimisli.tr\/index.php\/wp-json\/wp\/v2\/tags?post=92150"}],"curies":[{"name":"wp","href":"https:\/\/api.w.org\/{rel}","templated":true}]}}