{"id":92286,"date":"2026-01-21T10:00:06","date_gmt":"2026-01-21T10:00:06","guid":{"rendered":"https:\/\/ikimisli.tr\/?p=92286"},"modified":"2026-01-21T10:00:06","modified_gmt":"2026-01-21T10:00:06","slug":"depremde-firari-muteahhidi-kacirdigi-belirtilen-kaymakam-terfi-ettirilmis","status":"publish","type":"post","link":"https:\/\/ikimisli.tr\/index.php\/2026\/01\/21\/depremde-firari-muteahhidi-kacirdigi-belirtilen-kaymakam-terfi-ettirilmis\/","title":{"rendered":"Depremde firari m\u00fcteahhidi ka\u00e7\u0131rd\u0131\u011f\u0131 belirtilen kaymakam terfi ettirilmi\u015f"},"content":{"rendered":"<p>6 \u015eubat sars\u0131nt\u0131lar\u0131n\u0131n akabinde Gaziantep\u2019in Nurda\u011f\u0131 il\u00e7esinde ya\u015fanan skandal, iktidar\u0131n liyakat tart\u0131\u015fmalar\u0131n\u0131 yine g\u00fcndeme ta\u015f\u0131d\u0131. Zelzelede yapt\u0131\u011f\u0131 binalar y\u0131k\u0131lan AKP\u2019li meclis \u00fcyesi ve m\u00fcteahhit Yunus Kaya\u2019n\u0131n, devrin Nurda\u011f\u0131 Kaymakam\u0131 Seyfullah Ordueri taraf\u0131ndan Gaziantep\u2019ten Mersin\u2019in Faziletli il\u00e7esine ka\u00e7\u0131r\u0131ld\u0131\u011f\u0131 arg\u00fcman\u0131 resmi raporlara yans\u0131d\u0131. Emniyet kay\u0131tlar\u0131 ve savc\u0131l\u0131k m\u00fctalaas\u0131na kar\u015f\u0131n Ordueri hakk\u0131nda s\u00fcre\u00e7 yap\u0131lmad\u0131; bilakis terfi ettirilerek K\u0131r\u0131kkale Vali Yard\u0131mc\u0131l\u0131\u011f\u0131 vazifesine getirildi.<\/p>\n<p><b>\u201cBELGELER BELGEDE, CEZA YOK\u201d<\/b><\/p>\n<p>CHP Gaziantep Milletvekili Hasan \u00d6zt\u00fcrkmen, kelam konusu atamay\u0131 Meclis g\u00fcndemine ta\u015f\u0131d\u0131. \u00d6zt\u00fcrkmen, Ordueri\u2019nin sars\u0131nt\u0131 sonras\u0131 firari m\u00fcteahhidi makam arac\u0131yla ka\u00e7\u0131rd\u0131\u011f\u0131n\u0131n emniyet raporlar\u0131 ve savc\u0131l\u0131k m\u00fctalaas\u0131nda t\u00fcm detaylar\u0131yla yer ald\u0131\u011f\u0131n\u0131 belirtti. Kullan\u0131lan arac\u0131n markas\u0131, plakas\u0131, rengi ve hareket saatlerinin dahi evrakta bulundu\u011funu vurgulayan \u00d6zt\u00fcrkmen, \u201cBuna kar\u015f\u0131n b\u0131rak\u0131n misyondan al\u0131nmay\u0131, Ordueri terfi ettirildi\u201d dedi.<\/p>\n<p><b>S\u0130LAH \u00c7EKME ARG\u00dcMANI DA DOSYALARDA<\/b><\/p>\n<p>\u00d6zt\u00fcrkmen, Ordueri\u2019nin sicilindeki skandallar\u0131n bununla hudutlu olmad\u0131\u011f\u0131n\u0131 s\u00f6yledi. Ordueri\u2019nin Nurda\u011f\u0131 Kaymakam\u0131 oldu\u011fu devirde, 28 A\u011fustos 2016\u2019da Nurda\u011f\u0131 Belediye Ba\u015fkan\u0131 Mehmet Y\u0131ld\u0131r\u0131r ile ya\u015fad\u0131\u011f\u0131 tart\u0131\u015fmada silah \u00e7ekti\u011fi, tehdit ve hakarette bulundu\u011funun savc\u0131l\u0131k evraklar\u0131na yans\u0131d\u0131\u011f\u0131n\u0131 hat\u0131rlatt\u0131. \u0130simli T\u0131p raporuna nazaran ya\u015fanan arbedede Belediye Ba\u015fkan\u0131 Y\u0131ld\u0131r\u0131r\u2019\u0131n hafif \u015fekilde yaraland\u0131\u011f\u0131n\u0131 belirten \u00d6zt\u00fcrkmen, kar\u015f\u0131l\u0131kl\u0131 \u015fik\u00e2yetlerle a\u00e7\u0131lan davan\u0131n hala s\u00fcrd\u00fc\u011f\u00fcn\u00fc kaydetti.<\/p>\n<p><b>A\u0130LE B\u0130REYLER\u0130NE A\u0130T \u0130DD\u0130ALAR<\/b><\/p>\n<p>CHP\u2019li vekil, resmi raporlara nazaran Ordueri\u2019nin e\u015finin, sars\u0131nt\u0131 sonras\u0131 ka\u00e7\u0131r\u0131lan firari m\u00fcteahhit Yunus Kaya\u2019ya ili\u015fkin firmada ofis memuru olarak \u00e7al\u0131\u015ft\u0131\u011f\u0131n\u0131 da a\u00e7\u0131klad\u0131. \u00d6zt\u00fcrkmen, Ordueri\u2019nin e\u015fi hakk\u0131nda 2021 y\u0131l\u0131nda FET\u00d6 \u00fcyeli\u011fi kapsam\u0131nda s\u00fcre\u00e7 yap\u0131ld\u0131\u011f\u0131n\u0131, k\u0131z karde\u015finin ise RT\u00dcK\u2019te uzman yard\u0131mc\u0131s\u0131yken ihra\u00e7 edildi\u011fini ve FET\u00d6 \u00fcyeli\u011finden arand\u0131\u011f\u0131n\u0131 tabir etti.<\/p>\n<p>\u201cTabii ki aile \u00fcyelerinin durumu ki\u015fiyi direkt hatal\u0131 yapmaz\u201d diyen \u00d6zt\u00fcrkmen, \u201cAncak s\u0131radan bir memur i\u00e7in bile ge\u00e7mi\u015fi didik didik edilen g\u00fcvenlik soru\u015fturmalar\u0131, vali yard\u0131mc\u0131lar\u0131 i\u00e7in neden i\u015fletilmiyor?\u201d diye sordu.<\/p>\n<p><b>\u201cM\u00dcLAKAT S\u0130STEM\u0130 KAMU G\u00dcVENL\u0130\u011e\u0130 SORUNU\u201d<\/b><\/p>\n<p>\u00d6zt\u00fcrkmen, \u0130\u00e7i\u015fleri ve Adalet Bakanlar\u0131na davette bulunarak \u015fu sorular\u0131 y\u00f6neltti:<\/p>\n<p>\u201cSomut evraklar ortadayken Seyfullah Ordueri nas\u0131l misyonda kalabilmi\u015ftir? Nas\u0131l terfi ettirilmi\u015ftir? M\u00fclakat\u0131na kimler kat\u0131lm\u0131\u015f, hangi sorular sorulmu\u015f, hangi kriterlerle puan verilmi\u015ftir?\u201d<\/p>\n<p>Meselenin tek bir vali yard\u0131mc\u0131s\u0131 olmad\u0131\u011f\u0131n\u0131 vurgulayan \u00d6zt\u00fcrkmen, \u201cBu \u00f6rnek, iktidar\u0131n \u2018m\u00fclakat\u2019 ismi alt\u0131nda kurdu\u011fu torpil sisteminin devleti nas\u0131l \u00e7\u00fcr\u00fctt\u00fc\u011f\u00fcn\u00fc g\u00f6steriyor. Liyakatten uzak bu sistem art\u0131k bir kamu g\u00fcvenli\u011fi problemine d\u00f6n\u00fc\u015fm\u00fc\u015ft\u00fcr\u201d dedi.<\/p>\n","protected":false},"excerpt":{"rendered":"<p>6 \u015eubat sars\u0131nt\u0131lar\u0131nda hakk\u0131nda yakalama karar\u0131 bulunan m\u00fcteahhidin ka\u00e7\u0131r\u0131lmas\u0131na ait resmi raporlarda ismi ge\u00e7en eski Nurda\u011f\u0131 Kaymakam\u0131 Seyfullah Ordueri, t\u00fcm evraklara kar\u015f\u0131n K\u0131r\u0131kkale Vali Yard\u0131mc\u0131l\u0131\u011f\u0131na atand\u0131. CHP\u2019li Hasan \u00d6zt\u00fcrkmen, olay\u0131 Meclis g\u00fcndemine ta\u015f\u0131yarak \u201cBu tablo m\u00fclakat ismi alt\u0131ndaki torpil tertibinin sonucudur\u201d dedi.<\/p>\n","protected":false},"author":1,"featured_media":92287,"comment_status":"open","ping_status":"open","sticky":false,"template":"","format":"standard","meta":{"footnotes":""},"categories":[25],"tags":[8297],"class_list":["post-92286","post","type-post","status-publish","format-standard","has-post-thumbnail","hentry","category-gundem","tag-ozturkmen"],"_links":{"self":[{"href":"https:\/\/ikimisli.tr\/index.php\/wp-json\/wp\/v2\/posts\/92286","targetHints":{"allow":["GET"]}}],"collection":[{"href":"https:\/\/ikimisli.tr\/index.php\/wp-json\/wp\/v2\/posts"}],"about":[{"href":"https:\/\/ikimisli.tr\/index.php\/wp-json\/wp\/v2\/types\/post"}],"author":[{"embeddable":true,"href":"https:\/\/ikimisli.tr\/index.php\/wp-json\/wp\/v2\/users\/1"}],"replies":[{"embeddable":true,"href":"https:\/\/ikimisli.tr\/index.php\/wp-json\/wp\/v2\/comments?post=92286"}],"version-history":[{"count":1,"href":"https:\/\/ikimisli.tr\/index.php\/wp-json\/wp\/v2\/posts\/92286\/revisions"}],"predecessor-version":[{"id":92288,"href":"https:\/\/ikimisli.tr\/index.php\/wp-json\/wp\/v2\/posts\/92286\/revisions\/92288"}],"wp:featuredmedia":[{"embeddable":true,"href":"https:\/\/ikimisli.tr\/index.php\/wp-json\/wp\/v2\/media\/92287"}],"wp:attachment":[{"href":"https:\/\/ikimisli.tr\/index.php\/wp-json\/wp\/v2\/media?parent=92286"}],"wp:term":[{"taxonomy":"category","embeddable":true,"href":"https:\/\/ikimisli.tr\/index.php\/wp-json\/wp\/v2\/categories?post=92286"},{"taxonomy":"post_tag","embeddable":true,"href":"https:\/\/ikimisli.tr\/index.php\/wp-json\/wp\/v2\/tags?post=92286"}],"curies":[{"name":"wp","href":"https:\/\/api.w.org\/{rel}","templated":true}]}}