{"id":92369,"date":"2026-01-21T15:12:11","date_gmt":"2026-01-21T15:12:11","guid":{"rendered":"https:\/\/ikimisli.tr\/?p=92369"},"modified":"2026-01-21T15:12:11","modified_gmt":"2026-01-21T15:12:11","slug":"istanbulda-156-plaka-daha-ihale-edildi","status":"publish","type":"post","link":"https:\/\/ikimisli.tr\/index.php\/2026\/01\/21\/istanbulda-156-plaka-daha-ihale-edildi\/","title":{"rendered":"\u0130stanbul&#8217;da 156 plaka daha ihale edildi"},"content":{"rendered":"<p>Uygulama Bazl\u0131 Taksi Sistemi i\u00e7in Yenikap\u0131\u2019daki Dr. Mimar Kadir Topba\u015f \u015eov ve Sanat Merkezi\u2019nde yap\u0131lan alt\u0131nc\u0131 ihaleye 165 m\u00fcracaat yap\u0131ld\u0131, 156 i\u015ftirak\u00e7i kurallar\u0131n\u0131 sa\u011flayarak ihaleye kat\u0131ld\u0131. \u0130halede birinci olarak 34 TUA 300 plakas\u0131 5 Milyon 350 Bin TL KDV bedelle ihale edildi. \u0130halede plakalar 5 Milyon 120 Bin TL KDV ile 5 Milyon 350 Bin TL KDV ortas\u0131nda bedellerle sahiplerini buldu. Bug\u00fcn 156 Uygulama Bazl\u0131 Taksi plakas\u0131 ihale edilirken toplamda da 449 plaka ihale edilmi\u015f oldu. Bu plakalarla \u0130stanbul trafi\u011fine yeni jenerasyon taksiler kazand\u0131r\u0131ld\u0131.<\/p>\n<p><b>\u201c\u015eU AN PREST\u0130J\u0130YLE YAKLA\u015eIK 450 TAKS\u0130 PLAKAMIZ SATILMI\u015e OLDU\u201d<\/b><\/p>\n<p>\u0130haleye ba\u015fkanl\u0131k eden \u0130BB Genel Sekreteri Prof. Dr. Volkan Demir, ihalenin akabinde yapt\u0131\u011f\u0131 a\u00e7\u0131klamada \u015funlar\u0131 s\u00f6yledi:<\/p>\n<p>\u201c\u0130lk ihalelerde do\u011fal taksici esnaf\u0131, uygulama bazl\u0131 taksi nedir, nas\u0131l i\u015fleyecek deneyimi olmad\u0131\u011f\u0131 i\u00e7in biraz beklemeyi tercih etti. Ancak \u00e7ok \u015f\u00fck\u00fcr alt\u0131nc\u0131 ihalemizde talep a\u011f\u0131r. Bug\u00fcn 156 taksi plakam\u0131z\u0131n sat\u0131\u015f\u0131n\u0131 yapt\u0131k. Bu taksi ihalesinden elde etti\u011fimiz gelir \u0130stanbul B\u00fcy\u00fck\u015fehir Belediyesi b\u00fct\u00e7esine gelir kaydediliyor ve \u0130stanbul halk\u0131n\u0131n toplumsal dayana\u011f\u0131nda, rayl\u0131 sistemlerde, altyap\u0131 yat\u0131r\u0131mlar\u0131nda \u015feffaf bir bi\u00e7imde kullan\u0131l\u0131yor. \u015eu an prestijiyle yakla\u015f\u0131k 450 taksi plakam\u0131z sat\u0131lm\u0131\u015f oldu. Vatanda\u015flar\u0131m\u0131z bunlar\u0131n bir\u00e7oklar\u0131n\u0131 da vakit i\u00e7erisinde trafikte g\u00f6r\u00fcyor olacaklar. Biraz boya rengi farkl\u0131 biliyorsunuz; damal\u0131 ve beyazdan sar\u0131ya hakikat giden bir renk var.<\/p>\n<p><b>&#8220;\u0130STANBULLULARA G\u00dcZEL U\u011eURLU OLSUN\u201d<\/b><\/p>\n<p>Hem taksici esnaf\u0131m\u0131zla isti\u015fare halindeyiz hem de vatanda\u015flar\u0131m\u0131zla g\u00f6r\u00fc\u015f\u00fcyoruz. Bu uygulamadan mutlular. Zira bu uygulama, hem taksici esnaf\u0131n\u0131 da geli\u015ftiren Ula\u015f\u0131m Akademisi taraf\u0131ndan belirli standartlara nazaran bu taksilerin vizelerinin her y\u0131l revize edilmesi gerekiyor. Hasebiyle bu taksi plakalar\u0131 hem vatanda\u015f\u0131m\u0131z i\u00e7in inan\u00e7l\u0131 hem de taksici esnaf\u0131m\u0131z i\u00e7in inan\u00e7l\u0131 bir seyahat sunuyor. \u0130stanbul\u2019un taksi muhta\u00e7l\u0131\u011f\u0131, y\u0131llarda lisana getirdi\u011fimiz \u00fczere h\u00e2l\u00e2 devam ediyor. Lakin yapt\u0131\u011f\u0131m\u0131z bu alt\u0131nc\u0131 ihaleyle de 450 taksinin yakla\u015f\u0131k olarak \u0130stanbul trafi\u011finde vatanda\u015flar\u0131m\u0131za uygulama bazl\u0131 \u00e7al\u0131\u015farak hizmet vermesini sa\u011flamaktan memnunuz. \u0130stanbul\u2019a ve \u0130stanbullulara g\u00fczel u\u011furlu olsun.\u201d<\/p>\n<p><b>\u201cD\u0130J\u0130TAL VE KAYIT ALTINDA ULA\u015eIM MODEL\u0130\u201d<\/b><\/p>\n<p>Uygulama Bazl\u0131 Taksi Sistemi; yolcu, s\u00fcr\u00fcc\u00fc ve yat\u0131r\u0131mc\u0131 a\u00e7\u0131s\u0131ndan inan\u00e7l\u0131, denetlenebilir ve b\u00fcsb\u00fct\u00fcn kay\u0131t alt\u0131nda bir ula\u015f\u0131m modeli sunuyor. Sistem sayesinde \u0130stanbul\u2019da taksi nakliyecili\u011finde \u015feffaf, izlenebilir ve eri\u015filebilir bir yap\u0131 g\u00fc\u00e7lendirilirken; yerli-yabanc\u0131 turistler ve \u0130stanbullular i\u00e7in \u00e7a\u011fda\u015f bir hizmet altyap\u0131s\u0131 olu\u015fturuluyor.<\/p>\n<p>Yeni jenerasyon taksi modeli kapsam\u0131nda ara\u00e7lar s\u0131rf dijital uygulama \u00fczerinden \u00e7a\u011fr\u0131labiliyor. B\u00f6ylelikle yolcular, seyahat \u00f6ncesinde: arac\u0131n plaka bilgisine, s\u00fcr\u00fcc\u00fc bilgilerine, g\u00fczerg\u00e2h ayr\u0131nt\u0131lar\u0131na uygulama \u00fczerinden eri\u015febiliyor. Bu modelle birlikte taksi hizmetlerinde s\u0131k\u00e7a kar\u015f\u0131la\u015f\u0131lan k\u0131sa uzakl\u0131k almama, yolcu se\u00e7me ve fazla fiyat talebi \u00fczere s\u0131k\u0131nt\u0131lar\u0131n \u00f6n\u00fcne ge\u00e7ilmesi hedefleniyor.<\/p>\n<p>\u0130BB\u2019nin lisansland\u0131rd\u0131\u011f\u0131 uygulamalar \u00fczerinden ger\u00e7ekle\u015ftirilen seyahatlerin anl\u0131k takibi yap\u0131labiliyor. Hizmet standartlar\u0131n\u0131n daima denetim alt\u0131nda tutulmas\u0131yla, kent genelinde daha inan\u00e7l\u0131 ve daha s\u00fcrd\u00fcr\u00fclebilir bir taksi nakliyecili\u011fi altyap\u0131s\u0131 olu\u015fturulmas\u0131 ama\u00e7lan\u0131yor.<\/p>\n<p><b>\u201cTRAF\u0130\u011eE NEFES ALDIRACAK D\u0130J\u0130TAL DAVET S\u0130STEM\u0130\u201d<\/b><\/p>\n<p>Ara\u015ft\u0131rmalara nazaran taksilerin vaktinin de\u011ferli bir k\u0131sm\u0131 yolcu aramakla ge\u00e7iyor ve bu durum kent trafi\u011finde bo\u015f dolan\u0131m y\u00fck\u00fc olu\u015fturuyor. Uygulama bazl\u0131 sistemin yayg\u0131nla\u015fmas\u0131yla birlikte bu oran\u0131n d\u00fc\u015f\u00fcr\u00fclmesi, b\u00f6ylelikle trafikte daha verimli ve tertipli bir yap\u0131n\u0131n olu\u015fturulmas\u0131 hedefleniyor. Ayr\u0131yeten her bir taksinin yakla\u015f\u0131k sekiz \u00f6zel arac\u0131 trafikten \u00e7ekmesi \u00f6ng\u00f6r\u00fcl\u00fcyor.<\/p>\n<p>\u0130hale ile sat\u0131\u015f\u0131 yap\u0131lan plakalar\u0131n kullan\u0131m hakk\u0131n\u0131n 29 y\u0131l ile sonlu oldu\u011fu bilgisi payla\u015f\u0131l\u0131rken, bu sistemle \u0130stanbul trafi\u011fine yeni jenerasyon taksiler kazand\u0131r\u0131lmaya devam ediliyor.<\/p>\n","protected":false},"excerpt":{"rendered":"<p>\u0130stanbul B\u00fcy\u00fck\u015fehir Belediyesi (\u0130BB), kent i\u00e7i ula\u015f\u0131mda konfor, g\u00fcvenlik ve eri\u015filebilirli\u011fi art\u0131rmak gayesiyle hayata ge\u00e7irilen \u201cUygulama Bazl\u0131 Taksi\u201d modelinde alt\u0131nc\u0131 ihaleyi muvaffakiyetle tamamlad\u0131. Kapal\u0131 teklif y\u00f6ntemiyle ger\u00e7ekle\u015ftirilen ihaleye, 156 i\u015ftirak\u00e7i kaideleri sa\u011flayarak s\u00fcrece dahil oldu. Yap\u0131lan ihalede 156 adet taksinin ihalesi yap\u0131ld\u0131. Bu ihaleyle birlikte toplamda 449 adet plaka ihale edilmi\u015f oldu.<\/p>\n","protected":false},"author":1,"featured_media":92370,"comment_status":"open","ping_status":"open","sticky":false,"template":"","format":"standard","meta":{"footnotes":""},"categories":[25],"tags":[206,380,4236,4235,683],"class_list":["post-92369","post","type-post","status-publish","format-standard","has-post-thumbnail","hentry","category-gundem","tag-ihale","tag-istanbul","tag-plaka","tag-taksi","tag-yolcu"],"_links":{"self":[{"href":"https:\/\/ikimisli.tr\/index.php\/wp-json\/wp\/v2\/posts\/92369","targetHints":{"allow":["GET"]}}],"collection":[{"href":"https:\/\/ikimisli.tr\/index.php\/wp-json\/wp\/v2\/posts"}],"about":[{"href":"https:\/\/ikimisli.tr\/index.php\/wp-json\/wp\/v2\/types\/post"}],"author":[{"embeddable":true,"href":"https:\/\/ikimisli.tr\/index.php\/wp-json\/wp\/v2\/users\/1"}],"replies":[{"embeddable":true,"href":"https:\/\/ikimisli.tr\/index.php\/wp-json\/wp\/v2\/comments?post=92369"}],"version-history":[{"count":1,"href":"https:\/\/ikimisli.tr\/index.php\/wp-json\/wp\/v2\/posts\/92369\/revisions"}],"predecessor-version":[{"id":92371,"href":"https:\/\/ikimisli.tr\/index.php\/wp-json\/wp\/v2\/posts\/92369\/revisions\/92371"}],"wp:featuredmedia":[{"embeddable":true,"href":"https:\/\/ikimisli.tr\/index.php\/wp-json\/wp\/v2\/media\/92370"}],"wp:attachment":[{"href":"https:\/\/ikimisli.tr\/index.php\/wp-json\/wp\/v2\/media?parent=92369"}],"wp:term":[{"taxonomy":"category","embeddable":true,"href":"https:\/\/ikimisli.tr\/index.php\/wp-json\/wp\/v2\/categories?post=92369"},{"taxonomy":"post_tag","embeddable":true,"href":"https:\/\/ikimisli.tr\/index.php\/wp-json\/wp\/v2\/tags?post=92369"}],"curies":[{"name":"wp","href":"https:\/\/api.w.org\/{rel}","templated":true}]}}