{"id":92491,"date":"2026-01-21T21:48:10","date_gmt":"2026-01-21T21:48:10","guid":{"rendered":"https:\/\/ikimisli.tr\/?p=92491"},"modified":"2026-01-21T21:48:10","modified_gmt":"2026-01-21T21:48:10","slug":"uyusturucu-testi-pozitif-cikan-ezgi-eyuboglu-sessizligini-bozdu","status":"publish","type":"post","link":"https:\/\/ikimisli.tr\/index.php\/2026\/01\/21\/uyusturucu-testi-pozitif-cikan-ezgi-eyuboglu-sessizligini-bozdu\/","title":{"rendered":"Uyu\u015fturucu testi pozitif \u00e7\u0131kan Ezgi Ey\u00fcbo\u011flu sessizli\u011fini bozdu"},"content":{"rendered":"<p>\u00dcnl\u00fc isimlere y\u00f6nelik soru\u015fturma kapsam\u0131nda d\u00fczenlenen operasyonda g\u00f6zalt\u0131na al\u0131nan ve uyu\u015fturucu testi m\u00fcspet \u00e7\u0131kan \u00fcnl\u00fc oyuncu Ezgi Ey\u00fcbo\u011flu, konutundan \u00e7\u0131kt\u0131\u011f\u0131 sav edilen hususlarla ilgili sessizli\u011fini bozdu.<\/p>\n<p>Ey\u00fcbo\u011flu toplumsal medyada bir kullan\u0131c\u0131n\u0131n &#8220;O kadar \u015fey bu k\u0131z\u0131n konutundan nas\u0131l \u00e7\u0131kt\u0131 ya?&#8221; yorumuna kar\u015f\u0131l\u0131k verdi.<\/p>\n<p>Evinden hi\u00e7bir \u015fey \u00e7\u0131kmad\u0131\u011f\u0131n\u0131 belirten Ey\u00fcbo\u011flu, kendisiyle alakas\u0131 olmayan insanlar\u0131n konutundan \u00e7\u0131kanlar\u0131n kendi konutundan \u00e7\u0131km\u0131\u015f \u00fczere yans\u0131t\u0131ld\u0131\u011f\u0131n\u0131 ve foto\u011fraf\u0131n\u0131n \u00f6n planda kullan\u0131ld\u0131\u011f\u0131n\u0131 savundu.<\/p>\n<p><img decoding=\"async\" src=\"https:\/\/ikimisli.tr\/wp-content\/uploads\/2026\/01\/uyusturucu-testi-pozitif-cikan-ezgi-eyuboglu-sessizligini-bozdu-0-bU2O595e.png\"\/><\/p>\n<p>Ey\u00fcbo\u011flu a\u00e7\u0131klamas\u0131n\u0131n devam\u0131nda &#8220;Bu d\u00f6nemde bir habere inanmak i\u00e7in 100 defa d\u00fc\u015f\u00fcnmek laz\u0131m bence&#8221; tabirini kulland\u0131.<\/p>\n<div>\n<p><b><span>NE OLMU\u015eTU?<\/span><\/b><\/p>\n<p>8 Ekim 2025&#8217;ten bu yana \u00fcnl\u00fclere y\u00f6nelik d\u00fczenlenen operasyonlarda \u00e7ok say\u0131da isim g\u00f6zalt\u0131na al\u0131nd\u0131; al\u0131nan testlerden yasakl\u0131 husus tespit edildi.<\/p>\n<p>Bu isimlerden biri olan \u00fcnl\u00fc oyuncu Ezgi Ey\u00fcbo\u011flu; Cihan \u015eens\u00f6zl\u00fc, Melisa D\u00f6ngel, \u0130rem Sak, Senna Y\u0131ld\u0131z ile birlikte g\u00f6zalt\u0131na al\u0131nm\u0131\u015ft\u0131. <\/p>\n<p>Birka\u00e7 g\u00fcn sonra belirli olan test sonu\u00e7lar\u0131nda Ezgi Ey\u00fcbo\u011flu&#8217;nun da ortalar\u0131nda oldu\u011fu bir\u00e7ok \u015fah\u0131sta uyu\u015fturucuya rastlanm\u0131\u015ft\u0131.<\/p>\n<p>Melisa D\u00f6ngel, M\u00fcmine Senna Y\u0131ld\u0131z, kickboks\u00e7u Recep Men, \u0130smail Ahmet Ak\u00e7ay, Yi\u011fit Macit, Gizem T\u00fcredi, Mehmet Ali G\u00fcl&#8217;\u00fcn test sonu\u00e7lar\u0131nda da &#8216;kokain&#8217; unsuru olumlu \u00e7\u0131km\u0131\u015ft\u0131.<\/p>\n<p><em>Oyuncu \u0130rem Sak&#8217;\u0131n ve toplumsal medya fenomeni &#8220;Danla Bili\u00e7&#8221; olarak bilinen Damla Aktepe&#8217;nin test sonucu ise negatif \u00e7\u0131km\u0131\u015ft\u0131.<\/em><\/p>\n<\/p><\/div>\n","protected":false},"excerpt":{"rendered":"<p>\u00dcnl\u00fclere y\u00f6nelik soru\u015fturma kapsam\u0131nda g\u00f6zalt\u0131na al\u0131nan ve uyu\u015fturucu testi olumlu \u00e7\u0131kan oyuncu Ezgi Ey\u00fcbo\u011flu, bahisle ilgili birinci sefer a\u00e7\u0131klama yapt\u0131.<\/p>\n","protected":false},"author":1,"featured_media":92492,"comment_status":"open","ping_status":"open","sticky":false,"template":"","format":"standard","meta":{"footnotes":""},"categories":[27],"tags":[9915,9914,2604],"class_list":["post-92491","post","type-post","status-publish","format-standard","has-post-thumbnail","hentry","category-magazin","tag-evinden","tag-eyuboglu","tag-test"],"_links":{"self":[{"href":"https:\/\/ikimisli.tr\/index.php\/wp-json\/wp\/v2\/posts\/92491","targetHints":{"allow":["GET"]}}],"collection":[{"href":"https:\/\/ikimisli.tr\/index.php\/wp-json\/wp\/v2\/posts"}],"about":[{"href":"https:\/\/ikimisli.tr\/index.php\/wp-json\/wp\/v2\/types\/post"}],"author":[{"embeddable":true,"href":"https:\/\/ikimisli.tr\/index.php\/wp-json\/wp\/v2\/users\/1"}],"replies":[{"embeddable":true,"href":"https:\/\/ikimisli.tr\/index.php\/wp-json\/wp\/v2\/comments?post=92491"}],"version-history":[{"count":1,"href":"https:\/\/ikimisli.tr\/index.php\/wp-json\/wp\/v2\/posts\/92491\/revisions"}],"predecessor-version":[{"id":92494,"href":"https:\/\/ikimisli.tr\/index.php\/wp-json\/wp\/v2\/posts\/92491\/revisions\/92494"}],"wp:featuredmedia":[{"embeddable":true,"href":"https:\/\/ikimisli.tr\/index.php\/wp-json\/wp\/v2\/media\/92492"}],"wp:attachment":[{"href":"https:\/\/ikimisli.tr\/index.php\/wp-json\/wp\/v2\/media?parent=92491"}],"wp:term":[{"taxonomy":"category","embeddable":true,"href":"https:\/\/ikimisli.tr\/index.php\/wp-json\/wp\/v2\/categories?post=92491"},{"taxonomy":"post_tag","embeddable":true,"href":"https:\/\/ikimisli.tr\/index.php\/wp-json\/wp\/v2\/tags?post=92491"}],"curies":[{"name":"wp","href":"https:\/\/api.w.org\/{rel}","templated":true}]}}