{"id":92509,"date":"2026-01-21T22:48:11","date_gmt":"2026-01-21T22:48:11","guid":{"rendered":"https:\/\/ikimisli.tr\/?p=92509"},"modified":"2026-01-21T22:48:11","modified_gmt":"2026-01-21T22:48:11","slug":"3-yil-onceki-sozunuzu-tutun","status":"publish","type":"post","link":"https:\/\/ikimisli.tr\/index.php\/2026\/01\/21\/3-yil-onceki-sozunuzu-tutun\/","title":{"rendered":"3 y\u0131l \u00f6nceki s\u00f6z\u00fcn\u00fcz\u00fc tutun"},"content":{"rendered":"<p>Cumhurba\u015fkan\u0131Tayyip Erdo\u011fan, 2023 y\u0131l\u0131nda memur i\u00e7in verilen 8 bin liral\u0131k seyyanen art\u0131r\u0131m\u0131n emekliye de yans\u0131t\u0131laca\u011f\u0131n\u0131 a\u00e7\u0131klad\u0131 lakin bu kelam tutulmad\u0131. En d\u00fc\u015f\u00fck emekli ayl\u0131\u011f\u0131n\u0131n 1.062 TL\u2019lik art\u0131\u015fla 20 bin TL\u2019ye y\u00fckseltilmesine ait kanun teklifi ge\u00e7en hafta TBMM Plan ve B\u00fct\u00e7e Komisyonu\u2019ndan ge\u00e7ti. Teklifin bu hafta Meclis Genel Kurulu\u2019na getirilmesi bekleniyor. Halbuki Erdo\u011fan, 14 May\u0131s 2023\u2019te yap\u0131lan Cumhurba\u015fkanl\u0131\u011f\u0131 se\u00e7iminden 3 g\u00fcn evvel emeklilerde b\u00fcy\u00fck beklentiye neden olan a\u00e7\u0131klamas\u0131nda \u015f\u00f6yle konu\u015fmu\u015ftu: \u201cEn d\u00fc\u015f\u00fck memur maa\u015f\u0131n\u0131 22 bin lira d\u00fczeyine y\u00fckseltiyoruz. Maa\u015flardaki bu art\u0131\u015flar\u0131 otomatik olarak memur emeklilerimize de yans\u0131t\u0131yoruz, milletimize g\u00fczel olsun.\u201d<\/p>\n<p><img decoding=\"async\" src=\"https:\/\/ikimisli.tr\/wp-content\/uploads\/2026\/01\/3-yil-onceki-sozunuzu-tutun-0-hYzGU71l.jpg\"\/><\/p>\n<p>Tayyip Erdo\u011fan, 11 May\u0131s 2023\u2019te memur maa\u015flar\u0131na yap\u0131lan seyyanen art\u0131r\u0131m i\u00e7in toplumsal medyada bu payla\u015f\u0131m\u0131 yapt\u0131.<\/p>\n<p><strong>FARK B\u00dcY\u00dcD\u00dc<\/strong><\/p>\n<p>Cumhurba\u015fkan\u0131 Erdo\u011fan, 24 Temmuz 2023\u2019te de kabine toplant\u0131s\u0131 sonras\u0131nda a\u00e7\u0131klamalarda bulunmu\u015ftu. Erdo\u011fan, \u201c\u00c7al\u0131\u015fan\u0131ndan emeklisine hi\u00e7 kimsenin ma\u011fduriyetinin kal\u0131c\u0131 olmas\u0131na istek g\u00f6stermeyiz\u201d diyerek \u015funlar\u0131 s\u00f6ylemi\u015fti: \u201cKamu \u00e7al\u0131\u015fan\u0131n\u0131 ve memuru nas\u0131l ortada b\u0131rakmad\u0131ysak, \u00e7al\u0131\u015fan\u0131ndan emeklisine hi\u00e7 kimsenin ma\u011fduriyetinin kal\u0131c\u0131 olmas\u0131na istek g\u00f6stermeyiz. B\u00fct\u00e7eyle ilgili \u00e7al\u0131\u015fmalar\u0131n semeresini g\u00f6rd\u00fck\u00e7e, kendini ma\u011fdur hisseden t\u00fcm kesitlerin g\u00f6nl\u00fcn\u00fc alaca\u011f\u0131z, bunu y\u0131lba\u015f\u0131 civar\u0131 neticelendirmeyi planl\u0131yoruz.\u201d<\/p>\n<p><strong>21 B\u0130N TL\u2019L\u0130K KAYIP<\/strong><\/p>\n<p>S\u00f6z konusu a\u00e7\u0131klama milyonlarca emekliyi heyecanland\u0131rsa da se\u00e7im \u00f6ncesindeki bu vaat yerine getirilmedi. H\u00fck\u00fcmete yak\u0131n Memur-Sen Ba\u015fkan\u0131 Ali Yal\u00e7\u0131n da memurlar\u0131n \u00e7al\u0131\u015f\u0131rken ald\u0131\u011f\u0131 maa\u015f ile emeklilikte ald\u0131\u011f\u0131 maa\u015f ortas\u0131ndaki farka dikkat \u00e7ekmi\u015fti. Yal\u00e7\u0131n, \u201cEmekli memura 8 bin 71 TL seyyanen art\u0131r\u0131m o g\u00fcn \u2018yans\u0131taca\u011f\u0131z\u2019 denilip yans\u0131t\u0131lmad\u0131\u011f\u0131 i\u00e7in bug\u00fcn her emekli memurun 21 bin 150 TL ziyan\u0131 var\u201d demi\u015fti.<\/p>\n<p><img decoding=\"async\" src=\"https:\/\/ikimisli.tr\/wp-content\/uploads\/2026\/01\/3-yil-onceki-sozunuzu-tutun-1-9k6ke5SI.jpg\"\/><\/p>\n<p>Emekliler iktidara k\u0131rm\u0131z\u0131 kart \u00e7\u0131kartt\u0131. Rize, \u0130stanbul ve Samsun, aksiyonlara sahne oldu.<\/p>\n<p><b><span>Emekli soka\u011fa \u00e7\u0131kt\u0131 20 bin TL\u2019lik ayl\u0131\u011f\u0131 protesto etti<\/span><\/b><\/p>\n<p>Emekliler, yurdun d\u00f6rt bir yan\u0131nda Rize\u2019de, \u0130stanbul\u2019da, Samsun\u2019da ve Ankara\u2019da soka\u011fa d\u00f6k\u00fclerek, 20 bin TL\u2019lik en d\u00fc\u015f\u00fck emekli maa\u015f\u0131n\u0131 protesto etti. Ankara Sakarya Caddesi\u2019nde toplanan emekliler se\u00e7im sand\u0131\u011f\u0131 ile hareket yapt\u0131 ve iktidara k\u0131rm\u0131z\u0131 kart g\u00f6sterdi. \u2018Dilenci de\u011fil, emekliyiz\u2019 pankart\u0131 a\u00e7\u0131ld\u0131. Yap\u0131lan a\u00e7\u0131klamada \u201cBir \u00fclkede emekli, pazardan a\u011flayarak at\u0131k topluyorsa oradaki sorun sistemin kendisidir\u201d denildi.<\/p>\n<p>\u0130stanbul S\u00f6\u011f\u00fctl\u00fc\u00e7e\u015fme\u2019deki harekette ise emekliler, \u201c\u0130ktidar ve iktidar destek\u00e7isi milletvekillerine bir sefer daha hat\u0131rlat\u0131yoruz: B\u0131\u00e7ak kemikte\u201d tabirlerini kulland\u0131.<\/p>\n<p><strong>S\u0130Z SORUMLUSUNUZ<\/strong><\/p>\n<p>T\u00fcm Emeklilerin Sendikas\u0131\u2019n\u0131n aksiyonunda emekliler \u015f\u00f6yle konu\u015ftu: \u201cBundan sonra; \u00e7al\u0131\u015f\u0131rken kazaya kurban giden, so\u011fukta kaybedilen, tedavi edilemeyen, beslenemeyen, bar\u0131namayan her emeklinin \u00f6mr\u00fcnden siz sorumlusunuz. Son kere uyar\u0131yoruz. B\u00fct\u00fcn emeklilerin ayl\u0131\u011f\u0131na ek makul art\u0131\u015f yap\u0131lmal\u0131d\u0131r\u201d denildi.<\/p>\n<p>\u00a0Sendikan\u0131n Rize\u2019deki hareketinde ise en d\u00fc\u015f\u00fck emekli ayl\u0131\u011f\u0131n\u0131n i\u015fe yeni ba\u015flayan memurun maa\u015f\u0131na e\u015fitlenmesi istendi. Emekliler taleplerini \u015f\u00f6yle s\u0131ralad\u0131: \u201cAyl\u0131k ba\u011flama oranlar\u0131 ve katsay\u0131lar adil bi\u00e7imde tekrar d\u00fczenlensin. 5510 say\u0131l\u0131 yasa yine ele al\u0131ns\u0131n. Maa\u015f art\u0131\u015flar\u0131 ka\u011f\u0131t \u00fczerinde de\u011fil, pazarda ve mutfakta hissedilsin. S\u0131hhat hizmetleri fiyats\u0131z ve eri\u015filebilir olsun.\u201d<strong> <em>Yavuz ALATAN\/S\u00d6ZC\u00dc<\/em><\/strong><\/p>\n","protected":false},"excerpt":{"rendered":"<p>Cumhurba\u015fkan\u0131 Tayyip Erdo\u011fan, seyyanen art\u0131r\u0131m\u0131 verseydi en d\u00fc\u015f\u00fck emekli maa\u015f\u0131 taban fiyat d\u00fczeyine \u00e7\u0131kacakt\u0131.<\/p>\n","protected":false},"author":1,"featured_media":92510,"comment_status":"open","ping_status":"open","sticky":false,"template":"","format":"standard","meta":{"footnotes":""},"categories":[24],"tags":[91,306,849,405,605],"class_list":["post-92509","post","type-post","status-publish","format-standard","has-post-thumbnail","hentry","category-ekonomi","tag-emekli","tag-erdogan","tag-eylem","tag-maas","tag-memur"],"_links":{"self":[{"href":"https:\/\/ikimisli.tr\/index.php\/wp-json\/wp\/v2\/posts\/92509","targetHints":{"allow":["GET"]}}],"collection":[{"href":"https:\/\/ikimisli.tr\/index.php\/wp-json\/wp\/v2\/posts"}],"about":[{"href":"https:\/\/ikimisli.tr\/index.php\/wp-json\/wp\/v2\/types\/post"}],"author":[{"embeddable":true,"href":"https:\/\/ikimisli.tr\/index.php\/wp-json\/wp\/v2\/users\/1"}],"replies":[{"embeddable":true,"href":"https:\/\/ikimisli.tr\/index.php\/wp-json\/wp\/v2\/comments?post=92509"}],"version-history":[{"count":1,"href":"https:\/\/ikimisli.tr\/index.php\/wp-json\/wp\/v2\/posts\/92509\/revisions"}],"predecessor-version":[{"id":92513,"href":"https:\/\/ikimisli.tr\/index.php\/wp-json\/wp\/v2\/posts\/92509\/revisions\/92513"}],"wp:featuredmedia":[{"embeddable":true,"href":"https:\/\/ikimisli.tr\/index.php\/wp-json\/wp\/v2\/media\/92510"}],"wp:attachment":[{"href":"https:\/\/ikimisli.tr\/index.php\/wp-json\/wp\/v2\/media?parent=92509"}],"wp:term":[{"taxonomy":"category","embeddable":true,"href":"https:\/\/ikimisli.tr\/index.php\/wp-json\/wp\/v2\/categories?post=92509"},{"taxonomy":"post_tag","embeddable":true,"href":"https:\/\/ikimisli.tr\/index.php\/wp-json\/wp\/v2\/tags?post=92509"}],"curies":[{"name":"wp","href":"https:\/\/api.w.org\/{rel}","templated":true}]}}